{"id":190921,"date":"2008-04-11T02:16:09","date_gmt":"2008-04-11T02:16:09","guid":{"rendered":"http:\/\/diariodominicano.ddns.net\/?p=190921"},"modified":"2008-04-11T02:16:09","modified_gmt":"2008-04-11T02:16:09","slug":"anuncian-leonel-encabezara-mitin-en-san-francisco-de-macoris-este-domingo-dicen-gana-con-60-por-ciento","status":"publish","type":"post","link":"https:\/\/diariodominicano.com\/?p=190921","title":{"rendered":"Anuncian Leonel Encabezar\u00e1 Mitin en San Francisco de Macor\u00eds este Domingo, Dicen Gana con 60 por Ciento"},"content":{"rendered":"<p><body><\/p>\n<p align=\"justify\" class=\"titulogrande1\"><strong>Anuncian Leonel Encabezar\u00e1 Mitin en San  Francisco de Macor\u00eds este Domingo, Dicen Gana con 60 por Ciento<\/strong><\/p>\n<p>&#13;<\/p>\n<p align=\"justify\" class=\"text1noticias\"><strong><img loading=\"lazy\" decoding=\"async\" src=\"http:\/\/localhost:8080\/img\/leonel mitin.jpg\" width=\"375\" height=\"249\" hspace=\"4\" align=\"left\" \/>SAN  FRANCISCO DE MACOR\u00cdS.-<\/strong> El senador por la provincia Duarte, Amilcar Romero,  proclam\u00f3 que el apoyo dado por el presidente Leonel Fern\u00e1ndez a los sectores  productivos garantiza el triunfo para su candidatura en las elecciones  presidenciales de mayo pr\u00f3ximo con un margen superior al 60 por ciento en esta  demarcaci\u00f3n.<\/p>\n<p>&#13;<\/p>\n<p align=\"justify\" class=\"text1noticias\">Romero,  director de Estrategia del Comit\u00e9 de Campa\u00f1a del Partido de la Liberaci\u00f3n Dominicana  en la Regi\u00f3n Nordeste,  hizo la afirmaci\u00f3n al anunciar que el mandatario encabezar\u00e1 este domingo13 de  abril el \u201cGran Mitin de la   Victoria Morada\u201d en San Francisco de Macor\u00eds.<\/p>\n<p>&#13;<\/p>\n<p align=\"justify\" class=\"text1noticias\">Acompa\u00f1ado  de los coordinadores de Campa\u00f1a del PLD en San Francisco de Macor\u00eds, Bautista  Rojas G\u00f3mez y Rafael Camilo, el  senador Romero vaticin\u00f3 que la del domingo ser\u00e1 la mayor manifestaci\u00f3n en la historia  de la \u201cCiudad del Jaya\u201d, y sostiene que la zona est\u00e1 identificada totalmente  con el gobierno de Leonel Fern\u00e1ndez.<\/p>\n<p>&#13;<\/p>\n<p align=\"justify\" class=\"text1noticias\">El  vocero de Campa\u00f1a del PLD sostuvo que las simpat\u00edas por el Presidente Fern\u00e1ndez  entre la poblaci\u00f3n se han elevado a un nivel tal, que su reto ya no es ganar en  la primera vuelta, sino en el primer bolet\u00edn que emita la Junta Central Electoral el 16  de mayo.<\/p>\n<p>&#13;<\/p>\n<p align=\"justify\" class=\"text1noticias\">El  Mitin de la Victoria  del PLD y Aliados en San Francisco de Macor\u00eds est\u00e1 programado para este domingo,  desde las tres de la tarde en la avenida Libertad esquina Emilio Prud`Homme, desde  donde el candidato presidencial del PLD se dirigir\u00e1 a los presentes y a toda la  regi\u00f3n Nordeste.<\/p>\n<p>&#13;<\/p>\n<p align=\"justify\" class=\"text1noticias\">Todos  los equipos de campa\u00f1a del partido morado trabajan de manera sostenida para que  la concentraci\u00f3n cumpla con las expectativas de establecer un precedente como  la m\u00e1s grande movilizaci\u00f3n de masas registrada desde la fundaci\u00f3n de San  Francisco de Macor\u00eds.<\/p>\n<p>&#13;<\/p>\n<p align=\"justify\" class=\"text1noticias\">El  Comit\u00e9 de Campa\u00f1a del PLD invit\u00f3 a los francomacorisanos a recibir con emoci\u00f3n  y entusiasmo al presidente y candidato Leonel Fern\u00e1ndez, ya que es el \u00fanico que  garantiza que los dominicanos contin\u00faen por la ruta del progreso.<\/p>\n<p>&#13;<\/p>\n<p align=\"justify\" class=\"text1noticias\">En  el encuentro estuvieron presentes, adem\u00e1s, los dirigentes Juan Jos\u00e9 Rosario,  Enmanuel Trinidad, Tony Pichardo, Luis Nu\u00f1ez, Luis Paula, y otros dirigentes  provinciales y municipales pelede\u00edsta del Nordeste. <\/p>\n<p>&#13;<\/p>\n<h6> 2008-04-11 02:16:09 <\/h6>\n<p><!--\n<link rel=\"stylesheet\" href=\"css\/bootstrap.min.css\">\n\n\n<ul class=\"pagination\">\n\t    \n\t\n\n<li >\n\t<a href='?page_no=33668'>Previous<\/a>\n\t<\/li>\n\n\n       \n    \n\n<li><a href='?page_no=1'>1<\/a><\/li>\n\n\n\n<li><a href='?page_no=2'>2<\/a><\/li>\n\n\n\n<li><a>...<\/a><\/li>\n\n\n\n<li><a href='?page_no=33667'>33667<\/a><\/li>\n\n\n\n<li><a href='?page_no=33668'>33668<\/a><\/li>\n\n\n\n<li class='active'><a>33669<\/a><\/li>\n\n\n\n<li><a href='?page_no=33670'>33670<\/a><\/li>\n\n\n\n<li><a href='?page_no=33671'>33671<\/a><\/li>\n\n\n\n<li><a>...<\/a><\/li>\n\n\n\n<li><a href='?page_no=36999'>36999<\/a><\/li>\n\n\n\n<li><a href='?page_no=37000'>37000<\/a><\/li>\n\n    \n\t\n\n<li >\n\t<a href='?page_no=33670'>Next<\/a>\n\t<\/li>\n\n\n    \n\n<li><a href='?page_no=37000'>Last &rsaquo;&rsaquo;<\/a><\/li>\n\n<\/ul>\n\n\n--><br \/>\n<\/body><\/p>\n","protected":false},"excerpt":{"rendered":"<p>Anuncian Leonel Encabezar\u00e1 Mitin en San Francisco de Macor\u00eds este Domingo, Dicen Gana con 60 por Ciento &#13; SAN FRANCISCO DE MACOR\u00cdS.- El senador por la provincia Duarte, Amilcar Romero, proclam\u00f3 que el apoyo dado por el presidente Leonel Fern\u00e1ndez a los sectores productivos garantiza el triunfo para su candidatura en las elecciones presidenciales de [&hellip;]<\/p>\n","protected":false},"author":3,"featured_media":0,"comment_status":"open","ping_status":"open","sticky":false,"template":"","format":"standard","meta":{"footnotes":""},"categories":[22],"tags":[],"class_list":["post-190921","post","type-post","status-publish","format-standard","hentry","category-politica"],"_links":{"self":[{"href":"https:\/\/diariodominicano.com\/index.php?rest_route=\/wp\/v2\/posts\/190921","targetHints":{"allow":["GET"]}}],"collection":[{"href":"https:\/\/diariodominicano.com\/index.php?rest_route=\/wp\/v2\/posts"}],"about":[{"href":"https:\/\/diariodominicano.com\/index.php?rest_route=\/wp\/v2\/types\/post"}],"author":[{"embeddable":true,"href":"https:\/\/diariodominicano.com\/index.php?rest_route=\/wp\/v2\/users\/3"}],"replies":[{"embeddable":true,"href":"https:\/\/diariodominicano.com\/index.php?rest_route=%2Fwp%2Fv2%2Fcomments&post=190921"}],"version-history":[{"count":0,"href":"https:\/\/diariodominicano.com\/index.php?rest_route=\/wp\/v2\/posts\/190921\/revisions"}],"wp:attachment":[{"href":"https:\/\/diariodominicano.com\/index.php?rest_route=%2Fwp%2Fv2%2Fmedia&parent=190921"}],"wp:term":[{"taxonomy":"category","embeddable":true,"href":"https:\/\/diariodominicano.com\/index.php?rest_route=%2Fwp%2Fv2%2Fcategories&post=190921"},{"taxonomy":"post_tag","embeddable":true,"href":"https:\/\/diariodominicano.com\/index.php?rest_route=%2Fwp%2Fv2%2Ftags&post=190921"}],"curies":[{"name":"wp","href":"https:\/\/api.w.org\/{rel}","templated":true}]}}