{"id":190919,"date":"2008-04-11T16:02:37","date_gmt":"2008-04-11T16:02:37","guid":{"rendered":"http:\/\/diariodominicano.ddns.net\/?p=190919"},"modified":"2008-04-11T16:02:37","modified_gmt":"2008-04-11T16:02:37","slug":"el-pld-promueve-candidatura-de-leonel-este-fin-de-semana-en-el-sur-y-norte-del-pais","status":"publish","type":"post","link":"https:\/\/diariodominicano.com\/?p=190919","title":{"rendered":"El PLD promueve candidatura de Leonel este fin de semana en el Sur y Norte del pa\u00eds"},"content":{"rendered":"<p><body><\/p>\n<p align=\"justify\" class=\"titulogrande1\">El PLD promueve candidatura de Leonel este fin de semana en  el Sur y Norte del pa\u00eds<\/p>\n<p>&#13;<\/p>\n<p align=\"justify\" class=\"text1noticias\"><strong>SANTO DOMINGO.- <\/strong>El Partido de la Liberaci\u00f3n Dominicana  (PLD) despliega en el fin de semana diferentes actividades en todo el  territorio nacional y en las seccionales del exterior promoviendo la  candidatura de esa organizaci\u00f3n pol\u00edtica y\u00a0de unos trece partidos aliados.<\/p>\n<p>&#13;<\/p>\n<p align=\"justify\" class=\"text1noticias\">Por igual, en el fin de semana los organismos del PLD en  toda la geograf\u00eda avanzan en el trabajo electoral encomendado, dando  seguimiento al padroncillo y a las orientaciones a los delegados de mesas.<\/p>\n<p>&#13;<\/p>\n<p align=\"justify\" class=\"text1noticias\">Mientras los militantes y dirigentes cumplen con las tareas asignadas, el Presidente Leonel Fern\u00e1ndez se moviliza en el  sur y la regi\u00f3n norte presidiendo importantes concentraciones pol\u00edticas.<\/p>\n<p>&#13;<\/p>\n<p align=\"justify\" class=\"text1noticias\">Este viernes\u00a0 estar\u00e1  en la provincia de San Jos\u00e9 de Ocoa,\u00a0  para presidir a partir de\u00a0 las  3:00 de la tarde un recorrido por las principales calles del municipio sure\u00f1o.<\/p>\n<p>&#13;<\/p>\n<p align=\"justify\" class=\"text1noticias\">El s\u00e1bado, el candidato del PLD, se trasladar\u00e1 a la costa  Atl\u00e1ntica a la provincia de\u00a0 Puerto  Plata, donde, de acuerdo a la Direcci\u00f3n Operativa del Comit\u00e9 Nacional de Campa\u00f1a,\u00a0\u00a0encabezar\u00e1 a las tres de la  tarde una concentraci\u00f3n en dicho  municipio.<\/p>\n<p>&#13;<\/p>\n<p align=\"justify\" class=\"text1noticias\">El domingo, el Presidente Leonel Fern\u00e1ndez se traslada a San  Francisco de Macor\u00eds, municipio cabecera de la Provincia Duarte, donde a las cuatro de la tarde\u00a0realizar\u00e1 una concentraci\u00f3n.<\/p>\n<p>&#13;<\/p>\n<p align=\"justify\" class=\"text1noticias\">Las actividades de Puerto Plata y San Francisco estar\u00e1n  amenizadas por \u00abDe Fiesta Con Leonel\u00bb la parte amena y musical de la  campa\u00f1a con la presentaci\u00f3n de reconocidas orquestas previo al acto pol\u00edtico.<\/p>\n<p>&#13;<\/p>\n<p align=\"justify\" class=\"text1noticias\">Para San Francisco de Macor\u00eds se anuncia la participaci\u00f3n de  Johnny Ventura, quien el pasado fin de semana anunci\u00f3 su respaldo a la  candidatura del Presidente Leonel Fern\u00e1ndez, se informa en un parte de la Secretar\u00eda de Comunicaciones del PLD.<\/p>\n<p>&#13;<\/p>\n<p align=\"justify\" class=\"text1noticias\">Mientras el presidente agota una agenda en el sur y el norte el candidato vice  presidencial, Doctor Rafael Alburquerque se queda en San Crist\u00f3bal para recorrer  desde horas de la ma\u00f1ana sus diferentes municipios.<\/p>\n<p>&#13;<\/p>\n<p align=\"justify\" class=\"text1noticias\">El recorrido por los municipios de San Crist\u00f3bal iniciar\u00e1 en  la Pared del municipio  de Haina, de donde marchar\u00e1 hacia la costa y penetrar\u00e1 a San Crist\u00f3bal.  Concluir\u00e1 la tarde del s\u00e1bado con una marcha por los sectores populares de esa ciudad.<\/p>\n<p>&#13;<\/p>\n<h6> 2008-04-11 16:02:37 <\/h6>\n<p><!--\n<link rel=\"stylesheet\" href=\"css\/bootstrap.min.css\">\n\n\n<ul class=\"pagination\">\n\t    \n\t\n\n<li >\n\t<a href='?page_no=33666'>Previous<\/a>\n\t<\/li>\n\n\n       \n    \n\n<li><a href='?page_no=1'>1<\/a><\/li>\n\n\n\n<li><a href='?page_no=2'>2<\/a><\/li>\n\n\n\n<li><a>...<\/a><\/li>\n\n\n\n<li><a href='?page_no=33665'>33665<\/a><\/li>\n\n\n\n<li><a href='?page_no=33666'>33666<\/a><\/li>\n\n\n\n<li class='active'><a>33667<\/a><\/li>\n\n\n\n<li><a href='?page_no=33668'>33668<\/a><\/li>\n\n\n\n<li><a href='?page_no=33669'>33669<\/a><\/li>\n\n\n\n<li><a>...<\/a><\/li>\n\n\n\n<li><a href='?page_no=36999'>36999<\/a><\/li>\n\n\n\n<li><a href='?page_no=37000'>37000<\/a><\/li>\n\n    \n\t\n\n<li >\n\t<a href='?page_no=33668'>Next<\/a>\n\t<\/li>\n\n\n    \n\n<li><a href='?page_no=37000'>Last &rsaquo;&rsaquo;<\/a><\/li>\n\n<\/ul>\n\n\n--><br \/>\n<\/body><\/p>\n","protected":false},"excerpt":{"rendered":"<p>El PLD promueve candidatura de Leonel este fin de semana en el Sur y Norte del pa\u00eds &#13; SANTO DOMINGO.- El Partido de la Liberaci\u00f3n Dominicana (PLD) despliega en el fin de semana diferentes actividades en todo el territorio nacional y en las seccionales del exterior promoviendo la candidatura de esa organizaci\u00f3n pol\u00edtica y\u00a0de unos [&hellip;]<\/p>\n","protected":false},"author":3,"featured_media":0,"comment_status":"open","ping_status":"open","sticky":false,"template":"","format":"standard","meta":{"footnotes":""},"categories":[22],"tags":[],"class_list":["post-190919","post","type-post","status-publish","format-standard","hentry","category-politica"],"_links":{"self":[{"href":"https:\/\/diariodominicano.com\/index.php?rest_route=\/wp\/v2\/posts\/190919","targetHints":{"allow":["GET"]}}],"collection":[{"href":"https:\/\/diariodominicano.com\/index.php?rest_route=\/wp\/v2\/posts"}],"about":[{"href":"https:\/\/diariodominicano.com\/index.php?rest_route=\/wp\/v2\/types\/post"}],"author":[{"embeddable":true,"href":"https:\/\/diariodominicano.com\/index.php?rest_route=\/wp\/v2\/users\/3"}],"replies":[{"embeddable":true,"href":"https:\/\/diariodominicano.com\/index.php?rest_route=%2Fwp%2Fv2%2Fcomments&post=190919"}],"version-history":[{"count":0,"href":"https:\/\/diariodominicano.com\/index.php?rest_route=\/wp\/v2\/posts\/190919\/revisions"}],"wp:attachment":[{"href":"https:\/\/diariodominicano.com\/index.php?rest_route=%2Fwp%2Fv2%2Fmedia&parent=190919"}],"wp:term":[{"taxonomy":"category","embeddable":true,"href":"https:\/\/diariodominicano.com\/index.php?rest_route=%2Fwp%2Fv2%2Fcategories&post=190919"},{"taxonomy":"post_tag","embeddable":true,"href":"https:\/\/diariodominicano.com\/index.php?rest_route=%2Fwp%2Fv2%2Ftags&post=190919"}],"curies":[{"name":"wp","href":"https:\/\/api.w.org\/{rel}","templated":true}]}}