{"id":190914,"date":"2008-04-11T20:43:25","date_gmt":"2008-04-11T20:43:25","guid":{"rendered":"http:\/\/diariodominicano.ddns.net\/?p=190914"},"modified":"2008-04-11T20:43:25","modified_gmt":"2008-04-11T20:43:25","slug":"candelier-llama-a-profundizar-la-lucha-por-democracia","status":"publish","type":"post","link":"https:\/\/diariodominicano.com\/?p=190914","title":{"rendered":"Candelier llama a profundizar la lucha por democracia"},"content":{"rendered":"<p><body><\/p>\n<p class=\"titulogrande1\">Candelier llama a profundizar  la lucha por democracia<\/p>\n<p>&#13;<\/p>\n<p align=\"justify\" class=\"text1noticias\"><strong>Santo Domingo.-<\/strong> El candidato  presidencial \u00a0Pedro de Jes\u00fas Candelier llam\u00f3  a profundizar la lucha por la democracia y convoco a realizar vigilias en todo  el pa\u00eds, para repudiar la pr\u00e1ctica abusiva por parte del gobierno de usar los  recursos del Estado a favor de la reelecci\u00f3n.<\/p>\n<p>&#13;<\/p>\n<p align=\"justify\" class=\"text1noticias\">Dijo que estamos en la  necesidad\u00a0 de organizar\u00a0 un\u00a0  repudio nacional con toda la sociedad, ya que\u00a0 el gobierno est\u00e1 usando los fondos p\u00fablicos y  los impuestos de todos los dominicanos para fines electoreros,\u00a0 adem\u00e1s de los procedimientos  inconstitucionales, que ponen al presidente fuera de la ley. <\/p>\n<p>&#13;<\/p>\n<p align=\"justify\" class=\"text1noticias\">Destac\u00f3 que\u00a0 \u201ces penoso ver esta gran verg\u00fcenza  nacional\u00a0 que representa el transito del  pensamiento Juan Bosch a ser el padre del transfuguismo y de la arrogancia  nacional que lleva acabo el presidente Leonel Fern\u00e1ndez, Candelier\u00a0 aseguro \u201cestamos bajo las\u00a0 amenazas de un profundo proceso de\u00a0 renegaci\u00f3n ideol\u00f3gica\u00a0 y de ruptura con una identidad hist\u00f3rica\u00a0 cuya reacci\u00f3n se expresa en la exclusi\u00f3n de  los valores nacionales y la irracionalidad pol\u00edtica \u00ab.<\/p>\n<p>&#13;<\/p>\n<p align=\"justify\" class=\"text1noticias\">Ha encarnado\u00a0 la doctrina del Absolutismo como instrumento  de desvinculaci\u00f3n de lo valores patrios a favor de los vientos extranjerizantes  que soplan con la   Globalizaci\u00f3n \u201cConvirti\u00f3 el partido de Juan Bosch en un  partido z\u00e1ngano y coloco su militancia  al mismo nivel que los tr\u00e1nsfugas de la pol\u00edtica nacional\u201d manifest\u00f3 Candelier.<\/p>\n<p>&#13;<\/p>\n<p align=\"justify\" class=\"text1noticias\">Dijo que un presidente  comprometido con las pol\u00edticas mas conservadoras\u00a0 y con un partido z\u00e1ngano no puede encabezar  ninguna acci\u00f3n transformadora y a ello hay que anteponerle \u00abuna amplia  movilizaci\u00f3n social que preserve la democracia con todos sus valores hoy  amenazada por\u00a0 las embestidas fascistas  que se impulsan desde el palacio contra la disidencia pol\u00edtica en el  pa\u00eds\u00bb.<\/p>\n<p>&#13;<\/p>\n<p align=\"justify\" class=\"text1noticias\">Exhorto La preservaci\u00f3n de los valores  democr\u00e1ticos deben ser hoy los elementos fundamentales a conservar en este  proceso electoral \u201cTodos a organizar y\u00a0  coordinar vigilias por la democracia y en contra de los usos y abusos de  los recursos del\u00a0 Estado\u201d.<\/p>\n<p>&#13;<\/p>\n<h6> 2008-04-11 20:43:25 <\/h6>\n<p><!--\n<link rel=\"stylesheet\" href=\"css\/bootstrap.min.css\">\n\n\n<ul class=\"pagination\">\n\t    \n\t\n\n<li >\n\t<a href='?page_no=33661'>Previous<\/a>\n\t<\/li>\n\n\n       \n    \n\n<li><a href='?page_no=1'>1<\/a><\/li>\n\n\n\n<li><a href='?page_no=2'>2<\/a><\/li>\n\n\n\n<li><a>...<\/a><\/li>\n\n\n\n<li><a href='?page_no=33660'>33660<\/a><\/li>\n\n\n\n<li><a href='?page_no=33661'>33661<\/a><\/li>\n\n\n\n<li class='active'><a>33662<\/a><\/li>\n\n\n\n<li><a href='?page_no=33663'>33663<\/a><\/li>\n\n\n\n<li><a href='?page_no=33664'>33664<\/a><\/li>\n\n\n\n<li><a>...<\/a><\/li>\n\n\n\n<li><a href='?page_no=36999'>36999<\/a><\/li>\n\n\n\n<li><a href='?page_no=37000'>37000<\/a><\/li>\n\n    \n\t\n\n<li >\n\t<a href='?page_no=33663'>Next<\/a>\n\t<\/li>\n\n\n    \n\n<li><a href='?page_no=37000'>Last &rsaquo;&rsaquo;<\/a><\/li>\n\n<\/ul>\n\n\n--><br \/>\n<\/body><\/p>\n","protected":false},"excerpt":{"rendered":"<p>Candelier llama a profundizar la lucha por democracia &#13; Santo Domingo.- El candidato presidencial \u00a0Pedro de Jes\u00fas Candelier llam\u00f3 a profundizar la lucha por la democracia y convoco a realizar vigilias en todo el pa\u00eds, para repudiar la pr\u00e1ctica abusiva por parte del gobierno de usar los recursos del Estado a favor de la reelecci\u00f3n. [&hellip;]<\/p>\n","protected":false},"author":3,"featured_media":0,"comment_status":"open","ping_status":"open","sticky":false,"template":"","format":"standard","meta":{"footnotes":""},"categories":[22],"tags":[],"class_list":["post-190914","post","type-post","status-publish","format-standard","hentry","category-politica"],"_links":{"self":[{"href":"https:\/\/diariodominicano.com\/index.php?rest_route=\/wp\/v2\/posts\/190914","targetHints":{"allow":["GET"]}}],"collection":[{"href":"https:\/\/diariodominicano.com\/index.php?rest_route=\/wp\/v2\/posts"}],"about":[{"href":"https:\/\/diariodominicano.com\/index.php?rest_route=\/wp\/v2\/types\/post"}],"author":[{"embeddable":true,"href":"https:\/\/diariodominicano.com\/index.php?rest_route=\/wp\/v2\/users\/3"}],"replies":[{"embeddable":true,"href":"https:\/\/diariodominicano.com\/index.php?rest_route=%2Fwp%2Fv2%2Fcomments&post=190914"}],"version-history":[{"count":0,"href":"https:\/\/diariodominicano.com\/index.php?rest_route=\/wp\/v2\/posts\/190914\/revisions"}],"wp:attachment":[{"href":"https:\/\/diariodominicano.com\/index.php?rest_route=%2Fwp%2Fv2%2Fmedia&parent=190914"}],"wp:term":[{"taxonomy":"category","embeddable":true,"href":"https:\/\/diariodominicano.com\/index.php?rest_route=%2Fwp%2Fv2%2Fcategories&post=190914"},{"taxonomy":"post_tag","embeddable":true,"href":"https:\/\/diariodominicano.com\/index.php?rest_route=%2Fwp%2Fv2%2Ftags&post=190914"}],"curies":[{"name":"wp","href":"https:\/\/api.w.org\/{rel}","templated":true}]}}