{"id":190908,"date":"2008-04-12T03:18:16","date_gmt":"2008-04-12T03:18:16","guid":{"rendered":"http:\/\/diariodominicano.ddns.net\/?p=190908"},"modified":"2008-04-12T03:18:16","modified_gmt":"2008-04-12T03:18:16","slug":"carlos-gabriel-garcia-dice-leonel-esta-afectado-de-alucinacion-electoral","status":"publish","type":"post","link":"https:\/\/diariodominicano.com\/?p=190908","title":{"rendered":"Carlos Gabriel Garc\u00eda dice: Leonel est\u00e1 afectado de alucinaci\u00f3n electoral"},"content":{"rendered":"<p><body><\/p>\n<p align=\"justify\"><span class=\"titulogrande1\">Carlos Gabriel Garc\u00eda dice: Leonel est\u00e1 afectado de alucinaci\u00f3n electoral<\/span><br \/>&#13;<br \/>\n  <br \/>&#13;<br \/>\n    <span class=\"text1noticias\"><strong><img loading=\"lazy\" decoding=\"async\" src=\"http:\/\/localhost:8080\/img\/carlos gabriel.jpg\" width=\"375\" height=\"199\" hspace=\"4\" align=\"left\" \/>Santo Domingo.-<\/strong> El doctor Carlos Gabriel Garc\u00eda consider\u00f3 hoy que Leonel Fern\u00e1ndez est\u00e1  afectado de \u00abalucinamiento electoral\u00bb, raz\u00f3n por la cual sus  reflexiones sobre el momento pol\u00edtico, econ\u00f3mico y social que vive el pa\u00eds  est\u00e1n totalmente divorciadas de la realidad.<br \/>&#13;<br \/>\n    <br \/>&#13;<br \/>\n    Manifest\u00f3 que el candidato reeleccionista est\u00e1 partiendo de una premisa  falsa para sustentar sus aspiraciones porque lo hace basado en la idea de que  todos los dominicanos est\u00e1n bailando la danza de los millones de sus  funcionarios y el c\u00edrculo \u00edntimo de sus amigos, los cuales ganan salarios  lujosos y son premiados con fabulosos contratos grado a grado.<br \/>&#13;<br \/>\n    <br \/>&#13;<br \/>\n    El Director de Comunicaciones del Comando de Campa\u00f1a del PRD opin\u00f3 que esa  Rep\u00fablica no existe, porque la realidad es superior a la ficci\u00f3n del mandatario  y revela el verdadero drama que est\u00e1 sufriendo el pueblo dominicano con un alto  nivel de desempleo, inseguridad ciudadana, un alto costo de la vida, baja  calidad de la educaci\u00f3n y un marcado d\u00e9ficit en salud, vivienda, energ\u00eda y agua  potable.<br \/>&#13;<br \/>\n    <br \/>&#13;<br \/>\n\u00abCon la incapacidad que ha mostrado el doctor Leonel Fern\u00e1ndez para  modificar durante su mandato ese escenario de adversidad que tiene que\u00a0  enfrentar diariamente el pueblo dominicano, debe estar confundido entre su  fantas\u00eda y la realidad nacional para considerar que el electorado acudir\u00e1 a las  urnas el pr\u00f3ximo 16 de mayo con la intenci\u00f3n de reelegirlo en el cargo\u00bb,  sostuvo.<br \/>&#13;<br \/>\n<br \/>&#13;<br \/>\nGabriel Garc\u00eda destac\u00f3 que el doctor Leonel Fern\u00e1ndez est\u00e1 atrapado en sus  alucinaciones electorales porque debe saber que ninguno de los sectores que le  apoyaron para que regresara al poder en el 2004 est\u00e1n ahora a su lado  respaldando su proyecto continuista.<br \/>&#13;<br \/>\n<br \/>&#13;<br \/>\nAfirm\u00f3 que los empresarios, los profesionales, los productores  agropecuarios, la clase media, el sector comercial y el sector financiero,  entre otros, constituyeron una plataforma social envidiable para garantizarle  su regreso al Palacio Nacional en los comicios del 2004. Sin embargo, precis\u00f3,  esas fuerzas sociales le han retirado su respaldo al Jefe del Estado, porque se  sienten estafados pol\u00edticamente ante el incumplimiento de sus promesas de  campa\u00f1a.<br \/>&#13;<br \/>\n<br \/>&#13;<br \/>\n\u00abEl presidente Leonel Fern\u00e1ndez no puede ignorar que se presenta a la  arena electoral con un partido profundamente dividido en todo el territorio  nacional y con un respaldo social muy limitado por la desilusi\u00f3n que ha  generado en diversos sectores del pa\u00eds su precaria obra de gobierno\u00bb,  indic\u00f3.<br \/>&#13;<br \/>\n<br \/>&#13;<br \/>\nDestac\u00f3 que el candidato reeleccionista despertar\u00e1 de su sue\u00f1o cuando el  pr\u00f3ximo 16 de mayo se encuentre en las urnas con la firme voluntad de un pueblo  decidido a cambiar el rumbo de la nave nacional para ponerla en las manos  experimentadas de un hombre como Miguel Vargas.<br \/>&#13;<br \/>\n<br \/>&#13;<br \/>\nAfirm\u00f3 que el candidato presidencial del Partido  Revolucionario Dominicano cuenta con la capacidad gerencial, la experiencia y  la vocaci\u00f3n pol\u00edtica necesaria para enfrentar con \u00e9xito los graves  problemas que afectan la calidad de vida del pueblo dominicano.<\/span><\/p>\n<p>&#13;<\/p>\n<h6> 2008-04-12 03:18:16 <\/h6>\n<p><!--\n<link rel=\"stylesheet\" href=\"css\/bootstrap.min.css\">\n\n\n<ul class=\"pagination\">\n\t    \n\t\n\n<li >\n\t<a href='?page_no=33655'>Previous<\/a>\n\t<\/li>\n\n\n       \n    \n\n<li><a href='?page_no=1'>1<\/a><\/li>\n\n\n\n<li><a href='?page_no=2'>2<\/a><\/li>\n\n\n\n<li><a>...<\/a><\/li>\n\n\n\n<li><a href='?page_no=33654'>33654<\/a><\/li>\n\n\n\n<li><a href='?page_no=33655'>33655<\/a><\/li>\n\n\n\n<li class='active'><a>33656<\/a><\/li>\n\n\n\n<li><a href='?page_no=33657'>33657<\/a><\/li>\n\n\n\n<li><a href='?page_no=33658'>33658<\/a><\/li>\n\n\n\n<li><a>...<\/a><\/li>\n\n\n\n<li><a href='?page_no=36999'>36999<\/a><\/li>\n\n\n\n<li><a href='?page_no=37000'>37000<\/a><\/li>\n\n    \n\t\n\n<li >\n\t<a href='?page_no=33657'>Next<\/a>\n\t<\/li>\n\n\n    \n\n<li><a href='?page_no=37000'>Last &rsaquo;&rsaquo;<\/a><\/li>\n\n<\/ul>\n\n\n--><br \/>\n<\/body><\/p>\n","protected":false},"excerpt":{"rendered":"<p>Carlos Gabriel Garc\u00eda dice: Leonel est\u00e1 afectado de alucinaci\u00f3n electoral&#13; &#13; Santo Domingo.- El doctor Carlos Gabriel Garc\u00eda consider\u00f3 hoy que Leonel Fern\u00e1ndez est\u00e1 afectado de \u00abalucinamiento electoral\u00bb, raz\u00f3n por la cual sus reflexiones sobre el momento pol\u00edtico, econ\u00f3mico y social que vive el pa\u00eds est\u00e1n totalmente divorciadas de la realidad.&#13; &#13; Manifest\u00f3 que el [&hellip;]<\/p>\n","protected":false},"author":3,"featured_media":0,"comment_status":"open","ping_status":"open","sticky":false,"template":"","format":"standard","meta":{"footnotes":""},"categories":[22],"tags":[],"class_list":["post-190908","post","type-post","status-publish","format-standard","hentry","category-politica"],"_links":{"self":[{"href":"https:\/\/diariodominicano.com\/index.php?rest_route=\/wp\/v2\/posts\/190908","targetHints":{"allow":["GET"]}}],"collection":[{"href":"https:\/\/diariodominicano.com\/index.php?rest_route=\/wp\/v2\/posts"}],"about":[{"href":"https:\/\/diariodominicano.com\/index.php?rest_route=\/wp\/v2\/types\/post"}],"author":[{"embeddable":true,"href":"https:\/\/diariodominicano.com\/index.php?rest_route=\/wp\/v2\/users\/3"}],"replies":[{"embeddable":true,"href":"https:\/\/diariodominicano.com\/index.php?rest_route=%2Fwp%2Fv2%2Fcomments&post=190908"}],"version-history":[{"count":0,"href":"https:\/\/diariodominicano.com\/index.php?rest_route=\/wp\/v2\/posts\/190908\/revisions"}],"wp:attachment":[{"href":"https:\/\/diariodominicano.com\/index.php?rest_route=%2Fwp%2Fv2%2Fmedia&parent=190908"}],"wp:term":[{"taxonomy":"category","embeddable":true,"href":"https:\/\/diariodominicano.com\/index.php?rest_route=%2Fwp%2Fv2%2Fcategories&post=190908"},{"taxonomy":"post_tag","embeddable":true,"href":"https:\/\/diariodominicano.com\/index.php?rest_route=%2Fwp%2Fv2%2Ftags&post=190908"}],"curies":[{"name":"wp","href":"https:\/\/api.w.org\/{rel}","templated":true}]}}