{"id":190907,"date":"2008-04-13T02:17:21","date_gmt":"2008-04-13T02:17:21","guid":{"rendered":"http:\/\/diariodominicano.ddns.net\/?p=190907"},"modified":"2008-04-13T02:17:21","modified_gmt":"2008-04-13T02:17:21","slug":"leonel-afirma-que-propinara-derrota-imborrable-al-prd-reafirma-su-compromiso-con-la-modernizacion-de-las-infraestructuras-de-puerto-plata","status":"publish","type":"post","link":"https:\/\/diariodominicano.com\/?p=190907","title":{"rendered":"Leonel Afirma que propinar\u00e1 derrota imborrable al PRD; Reafirma su compromiso con la modernizaci\u00f3n de las infraestructuras de Puerto Plata"},"content":{"rendered":"<p><body><\/p>\n<p align=\"justify\" class=\"titulogrande1\">Leonel Afirma que propinar\u00e1 derrota imborrable al PRD; Refirma su compromiso con la modernizaci\u00f3n de las infraestructuras de  Puerto Plata<\/p>\n<p>&#13;<\/p>\n<p align=\"justify\" class=\"text1noticias\"><strong><img loading=\"lazy\" decoding=\"async\" src=\"http:\/\/localhost:8080\/img\/mitin leonel.jpg\" width=\"375\" height=\"759\" hspace=\"4\" align=\"left\" \/>Puerto Plata.- <\/strong>El Presidente y candidato presidencial del Partido de la Liberaci\u00f3n Dominicana  (PLD), doctor Leonel Fern\u00e1ndez, reafirm\u00f3 su compromiso con la modernizaci\u00f3n de  la infraestructura de esa provincia, a la cual le pidi\u00f3 cuatro a\u00f1os m\u00e1s para  que \u201cPuerto Plata siga progresando, moderniz\u00e1ndose y avanzado\u201d.<\/p>\n<p>&#13;<\/p>\n<p align=\"justify\" class=\"text1noticias\">El mandatario  dijo que su candidatura sigue subiendo en la preferencia de los dominicanos y  que la misma \u201cest\u00e1 como el telef\u00e9rico que va subiendo a la altura de la monta\u00f1a  para encontrase con ese Cristo Redentor que mira y protege el futuro de la Rep\u00fablica Dominicana\u201d.<\/p>\n<p>&#13;<\/p>\n<p align=\"justify\" class=\"text1noticias\">\u201cTenemos que seguir trabajando para propinarle una  derrota a nuestro competidores, el pr\u00f3ximo 16 de mayo, lo que marcar\u00e1 una nueva  etapa de bienestar y desarrollo para el pa\u00eds\u201d, expres\u00f3 Fern\u00e1ndez.<\/p>\n<p>&#13;<\/p>\n<p align=\"justify\" class=\"text1noticias\"> Al enfatizar  el contraste que se produce en los gobiernos del PRD y del PLD, el mandatario y  candidato presidencial del Bloque Progresista emplaz\u00f3 al candidato del PRD que  muestre lo que hizo la gesti\u00f3n perrede\u00edsta que encabez\u00f3 Hip\u00f3lito Mej\u00eda con los  bonos soberanos en esa provincia del Atl\u00e1ntico.<\/p>\n<p>&#13;<\/p>\n<p align=\"justify\" class=\"text1noticias\">\u201cNuestros gobiernos,  el actual y el pasado, no recibieron nunca jam\u00e1s ni un centavo de los bonos  soberanos. El gobierno del PRD obtuvo mil 100 millones de d\u00f3lares en bonos  soberanos que a la tasa de cambio de cambio de la \u00e9poca eran m\u00e1s de 40 mil  millones de pesos, y yo le pido que me se\u00f1alen una sola obra levantada con los  recursos de los bonos soberanos a favor del desarrollo de Puerto Plata\u201d,  manifest\u00f3 el Presidente Fern\u00e1ndez.<\/p>\n<p>&#13;<\/p>\n<p align=\"justify\" class=\"text1noticias\">Deplor\u00f3 que el  gobierno del que Miguel Vargas Maldonado fue secretario de Obras P\u00fablicas no se  interes\u00f3 en concluir el Centro Regional de la Universidad Aut\u00f3noma  de Santo Domingo, el cual afirm\u00f3 que su primer gobierno dej\u00f3 en un 80 por ciento  de su construcci\u00f3n y tuvo que volver al poder para entregarle esa obra a los  puertoplate\u00f1os.<\/p>\n<p>&#13;<\/p>\n<p align=\"justify\" class=\"text1noticias\"> Fern\u00e1ndez dijo  que en los cuatro a\u00f1os que el actual candidato del PRD fue titular de la Secretar\u00eda de Obras  P\u00fablicas \u201cno hizo absolutamente nada en beneficio de los j\u00f3venes universitarios  de Puerto Plata\u201d.<\/p>\n<p>&#13;<\/p>\n<p align=\"justify\" class=\"text1noticias\">\u201c\u00bfQue  autoridad moral puede tener (Miguel Vargas) para venir a Puerto Plata y  presentarse como opci\u00f3n de futuro de esta comunidad y del pueblo dominicano, \u00e9l,  que no ha tenido la sensibilidad por preocuparse por la juventud de Puerto  Plata y de la   Rep\u00fablica Dominicana?\u201d, se pregunt\u00f3 Fern\u00e1ndez ante millares  de puertoplate\u00f1os que aglutinaron en una impresionante y multitudinaria  concentraci\u00f3n la cual se realiz\u00f3 en la intersecci\u00f3n de las calles Col\u00f3n con esquina  Seis de esa provincia.<\/p>\n<p>&#13;<\/p>\n<p align=\"justify\" class=\"text1noticias\">El candidato  presidencial pelede\u00edsta dijo que en su proyecto de naci\u00f3n tiene \u201cgrandes sue\u00f1os  e ilusiones para el futuro de Puerto Plata\u201d y que empezar\u00e1 con la  rehabilitaci\u00f3n y modernizaci\u00f3n de Puerto de esa ciudad, la ampliaci\u00f3n a cuatro  carriles de la carretera Puerto Plata-Navarrete, la de Puerto Plata a  Montecristi, el hospital de Sos\u00faa, el liceo de Montellano y escuelas por todos  los municipios, secciones y parajes de Puerto Plata.<\/p>\n<p>&#13;<\/p>\n<p align=\"justify\" class=\"text1noticias\">Record\u00f3 que en la actual gesti\u00f3n de gobierno se ha  prestado especial atenci\u00f3n en la construcci\u00f3n de \u00a0obras que ha permitido el repunte del sector  tur\u00edstico, el comercio, la generaci\u00f3n de empleos, que a su veces se ha  traducido en bienestar para todos los puertoplate\u00f1os.<\/p>\n<p>&#13;<\/p>\n<p align=\"justify\" class=\"text1noticias\">Entre las obras cit\u00f3 la remodelaci\u00f3n del Malec\u00f3n de  Puerto Plata, el centro regional de la   UASD, la primera etapa de la escuela Jos\u00e9 Dubeau, la Catedral de Puerto Plata,  la edificaci\u00f3n que aloja las oficinas de la Corporaci\u00f3n del  Acueducto y Alcantarillado de Puerto Plata (Coraaplata), Electrificaci\u00f3n y  asfaltado de la avenida Manolo Tav\u00e1rez Justo, la reparaci\u00f3n de las escuelas de  Montellano y Antera Monta, as\u00ed mismo9, el acondicionamiento de la    Playa Long Beach y la reconstrucci\u00f3n de la  carretera Sos\u00faa- Puerto Plata.<\/p>\n<p>&#13;<\/p>\n<p align=\"justify\" class=\"text1noticias\"><strong><em>Hablaron el  acto <\/em><\/strong><\/p>\n<p>&#13;<\/p>\n<p align=\"justify\" class=\"text1noticias\">El diputado  Alfonso Cris\u00f3stomo, presidente del comit\u00e9 municipal del partido morado; el  s\u00edndico Walter Musa, el presidente del Partido Alianza por la Democracia y ex senador  de esa provincia, Max Puig Millar; el actual senador u presidente provincial  del PLD, Francis Vargas y el ex dirigente reformista \u00c1ngel Lockward.<\/p>\n<p>&#13;<\/p>\n<p align=\"justify\" class=\"text1noticias\">Todos coincidieron en destacar la atenci\u00f3n que ha  puesto el Presidente Fern\u00e1ndez a las principales demandas de esa provincia, lo  que ha permitido recuperar el dinamismo del turismo, del comercio y de la  industria, as\u00ed como generar nuevos empleos y elevar la calidad de vida.<\/p>\n<p>&#13;<\/p>\n<p align=\"justify\" class=\"text1noticias\">El senador Vargas asegur\u00f3 que el candidato del partido  morado y de las fuerzas que conforman el Bloque Progresista ganar\u00e1 con un 57  por ciento de los votos de los puertoplate\u00f1os, como una muestra del  agradecimiento de esa comunidad por las obras que ha realizado el mandatario en  Puerto Plata.<\/p>\n<p>&#13;<\/p>\n<p align=\"justify\" class=\"text1noticias\"><strong><em>Multitud celebra  \u201cFiesta Morada<\/em><\/strong>\u201d<\/p>\n<p>&#13;<\/p>\n<p align=\"justify\" class=\"text1noticias\">En la actividad, denominada la fiesta del triunfo  morado, las consignas de entusiasmo y algarab\u00eda se mezclaron con la m\u00fasica de estelares  figura, Los Potros; el Pr\u00edncipe de la bachata, Frank Reyes y Sergio vargas,  quienes se encargaron de llevar las emociones de una inmensa multitud hasta su  punto m\u00e1s alto. <\/p>\n<p>&#13;<\/p>\n<p align=\"justify\" class=\"text1noticias\">Acompa\u00f1aron al doctor Fern\u00e1ndez, Francisco Javier  garc\u00eda, coordinador general de su campa\u00f1a; F\u00e9lix Bautista, director Operativo;  Felix Jim\u00e9nez (Felucho), enlace pol\u00edtico de la campa\u00f1a; Jos\u00e9 Ram\u00f3n Fadul (Monchy),  Salvador Jim\u00e9nez (Ch\u00edo), Ram\u00f3n Rivas, Luis Ynchausti y los dirigentes provinciales  del PLD y los partidos aliados.<\/p>\n<p>&#13;<\/p>\n<h6> 2008-04-13 02:17:21 <\/h6>\n<p><!--\n<link rel=\"stylesheet\" href=\"css\/bootstrap.min.css\">\n\n\n<ul class=\"pagination\">\n\t    \n\t\n\n<li >\n\t<a href='?page_no=33654'>Previous<\/a>\n\t<\/li>\n\n\n       \n    \n\n<li><a href='?page_no=1'>1<\/a><\/li>\n\n\n\n<li><a href='?page_no=2'>2<\/a><\/li>\n\n\n\n<li><a>...<\/a><\/li>\n\n\n\n<li><a href='?page_no=33653'>33653<\/a><\/li>\n\n\n\n<li><a href='?page_no=33654'>33654<\/a><\/li>\n\n\n\n<li class='active'><a>33655<\/a><\/li>\n\n\n\n<li><a href='?page_no=33656'>33656<\/a><\/li>\n\n\n\n<li><a href='?page_no=33657'>33657<\/a><\/li>\n\n\n\n<li><a>...<\/a><\/li>\n\n\n\n<li><a href='?page_no=36999'>36999<\/a><\/li>\n\n\n\n<li><a href='?page_no=37000'>37000<\/a><\/li>\n\n    \n\t\n\n<li >\n\t<a href='?page_no=33656'>Next<\/a>\n\t<\/li>\n\n\n    \n\n<li><a href='?page_no=37000'>Last &rsaquo;&rsaquo;<\/a><\/li>\n\n<\/ul>\n\n\n--><br \/>\n<\/body><\/p>\n","protected":false},"excerpt":{"rendered":"<p>Leonel Afirma que propinar\u00e1 derrota imborrable al PRD; Refirma su compromiso con la modernizaci\u00f3n de las infraestructuras de Puerto Plata &#13; Puerto Plata.- El Presidente y candidato presidencial del Partido de la Liberaci\u00f3n Dominicana (PLD), doctor Leonel Fern\u00e1ndez, reafirm\u00f3 su compromiso con la modernizaci\u00f3n de la infraestructura de esa provincia, a la cual le pidi\u00f3 [&hellip;]<\/p>\n","protected":false},"author":3,"featured_media":0,"comment_status":"open","ping_status":"open","sticky":false,"template":"","format":"standard","meta":{"footnotes":""},"categories":[22],"tags":[],"class_list":["post-190907","post","type-post","status-publish","format-standard","hentry","category-politica"],"_links":{"self":[{"href":"https:\/\/diariodominicano.com\/index.php?rest_route=\/wp\/v2\/posts\/190907","targetHints":{"allow":["GET"]}}],"collection":[{"href":"https:\/\/diariodominicano.com\/index.php?rest_route=\/wp\/v2\/posts"}],"about":[{"href":"https:\/\/diariodominicano.com\/index.php?rest_route=\/wp\/v2\/types\/post"}],"author":[{"embeddable":true,"href":"https:\/\/diariodominicano.com\/index.php?rest_route=\/wp\/v2\/users\/3"}],"replies":[{"embeddable":true,"href":"https:\/\/diariodominicano.com\/index.php?rest_route=%2Fwp%2Fv2%2Fcomments&post=190907"}],"version-history":[{"count":0,"href":"https:\/\/diariodominicano.com\/index.php?rest_route=\/wp\/v2\/posts\/190907\/revisions"}],"wp:attachment":[{"href":"https:\/\/diariodominicano.com\/index.php?rest_route=%2Fwp%2Fv2%2Fmedia&parent=190907"}],"wp:term":[{"taxonomy":"category","embeddable":true,"href":"https:\/\/diariodominicano.com\/index.php?rest_route=%2Fwp%2Fv2%2Fcategories&post=190907"},{"taxonomy":"post_tag","embeddable":true,"href":"https:\/\/diariodominicano.com\/index.php?rest_route=%2Fwp%2Fv2%2Ftags&post=190907"}],"curies":[{"name":"wp","href":"https:\/\/api.w.org\/{rel}","templated":true}]}}