{"id":190906,"date":"2008-04-13T02:22:02","date_gmt":"2008-04-13T02:22:02","guid":{"rendered":"http:\/\/diariodominicano.ddns.net\/?p=190906"},"modified":"2008-04-13T02:22:02","modified_gmt":"2008-04-13T02:22:02","slug":"vicepresidente-alburquerque-afirma-leonel-fernandez-derrotara-prd-e-hipolito-juntos","status":"publish","type":"post","link":"https:\/\/diariodominicano.com\/?p=190906","title":{"rendered":"Vicepresidente Alburquerque afirma Leonel Fern\u00e1ndez derrotar\u00e1 PRD e Hipolito Juntos"},"content":{"rendered":"<p><body><\/p>\n<p align=\"justify\" class=\"titulogrande1\"><strong>Vicepresidente Alburquerque afirma Leonel Fern\u00e1ndez derrotar\u00e1 PRD e Hipolito Juntos<\/strong><\/p>\n<p>&#13;<\/p>\n<p align=\"justify\" class=\"text1noticias\"><strong><img loading=\"lazy\" decoding=\"async\" src=\"http:\/\/localhost:8080\/img\/ocoenos.jpg\" width=\"375\" height=\"1007\" hspace=\"4\" align=\"left\" \/>Palenque, SAN CRISTOBAL.-<\/strong> El candidato vicepresidencial del Partido de la Liberaci\u00f3n Dominicana  (PLD), doctor Rafael Alburquerque, afirm\u00f3 aqu\u00ed que el Presidente Leonel  Fern\u00e1ndez derrotar\u00e1 al candidato del Partido Revolucionario Dominicano (PRD), y  a su \u201cpadrino\u201d Hip\u00f3lito Mej\u00eda, de manera aplastante y humillante en las  pr\u00f3ximas elecciones.<\/p>\n<p>&#13;<\/p>\n<p align=\"justify\" class=\"text1noticias\">El doctor Alburquerque vaticin\u00f3 que el Presidente de la Rep\u00fablica y  candidato presidencial del PLD, Leonel Fern\u00e1ndez, ganar\u00e1 en esta provincia con  m\u00e1s de un 60 por\u00a0 ciento de los votos,  para demostrarle al PRD que de nada le sirvi\u00f3 nombrar aqu\u00ed a Hip\u00f3lito Mej\u00eda  como jefe de campa\u00f1a provincial, y que aunque \u00e9ste \u00faltimo se mude aqu\u00ed perder\u00e1n  las elecciones.<\/p>\n<p>&#13;<\/p>\n<p align=\"justify\" class=\"text1noticias\"> Alburquerque destac\u00f3 adem\u00e1s, que esa decisi\u00f3n demuestra que el PRD est\u00e1  desesperado, ya que en principio, tanto esa organizaci\u00f3n pol\u00edtica como su  candidato descartaban incluir a Hip\u00f3lito en la presente campa\u00f1a presidencial, y  que al verse desesperados, no lo qued\u00f3 m\u00e1s remedio que llamarlo nuevamente, en  un \u00faltimo intento por subir m\u00e1s de un 30 por ciento de las preferencias  electorales que le otorgan las encuestas.<\/p>\n<p>&#13;<\/p>\n<p align=\"justify\" class=\"text1noticias\">Explic\u00f3 que al igual que en otras provincias del pa\u00eds, el crecimiento que  ha logrado concitar la candidatura del Presidente Fern\u00e1ndez no tiene techo  donde detenerse y que eso tiene nerviosos y desorientados a los perrede\u00edstas.<\/p>\n<p>&#13;<\/p>\n<p align=\"justify\" class=\"text1noticias\">Tras encabezar un amplio recorrido por los poblados de Palenque, Najayo,  Haina, Cambita y otros de esta provincia, Alburquerque record\u00f3 que ni Hip\u00f3lito  Mej\u00eda, ni el candidato del PRD ten\u00edan calidad moral para criticar las  ejecutorias del Gobierno, ya que ellos sumieron en la m\u00e1s grande crisis  econ\u00f3mica de los \u00faltimos a\u00f1os al pa\u00eds.<\/p>\n<p>&#13;<\/p>\n<p align=\"justify\" class=\"text1noticias\">\u201cHip\u00f3lito Mej\u00eda y el candidato del PRD representaron la anarqu\u00eda, el caos y  el desorden del pa\u00eds durante el pasado gobierno pepehachista y creen que el  pueblo se ha olvidado de eso\u201d, record\u00f3.<\/p>\n<p>&#13;<\/p>\n<p align=\"justify\" class=\"text1noticias\">Dijo que esa elecci\u00f3n demuestra adem\u00e1s, que la candidatura del PRD es  \u201cFallida\u201d, porque la misma es fruto de un \u201cengendro\u201d impuesto e ideado por el  PPH de Hip\u00f3lito Mej\u00eda, el cual asegur\u00f3, es el grupo m\u00e1s recalcitrante y  retr\u00f3grado con que cuenta el Partido Blanco en \u00e9stos momentos.<\/p>\n<p>&#13;<\/p>\n<p align=\"justify\" class=\"text1noticias\">El candidato vicepresidencial del PLD, Rafael Alburquerque, recorri\u00f3 adem\u00e1s  lo parajes y barrios Pueblo Nuevo, Lava Pies, Los Novas y otros del municipio  cabecera de San Crist\u00f3bal, junto al Senador de aqu\u00ed Tommy Gal\u00e1n, el s\u00edndico  Rub\u00e9n Montas, el coordinador de campa\u00f1a provincial, Rafael P\u00e9rez Modesto, el  diputado Manuel D\u00edaz. <br \/>&#13;<br \/>\n  <br \/>&#13;<br \/>\nGamalier Montas y otros dirigentes provinciales.<\/p>\n<p>&#13;<\/p>\n<p align=\"justify\" class=\"text1noticias\"> Tambi\u00e9n el coordinador de la campa\u00f1a vicepresidencial, Domingo Contreras  y\u00a0 los sub-coordinadores, Van Elder  Espinal, Pablo King, Elizabenth Matos, Ram\u00f3n Ram\u00edrez, Alejandro Reyes, Jos\u00e9  Francisco Zapata, entre otros.<\/p>\n<p>&#13;<\/p>\n<p align=\"justify\" class=\"text1noticias\">El vicepresidente de la Rep\u00fablica continuar\u00e1 \u00e9ste domingo su recorrido que  inici\u00f3 ayer en Monse\u00f1or Noel, en varios municipios y poblados de la Provincia Santo  Domingo, en la Zona Oriental,  donde tambi\u00e9n encabezar\u00e1 diferentes actividades proselitista, de cara a las  elecciones presidenciales del 2008.<\/p>\n<p>&#13;<\/p>\n<h6> 2008-04-13 02:22:02 <\/h6>\n<p><!--\n<link rel=\"stylesheet\" href=\"css\/bootstrap.min.css\">\n\n\n<ul class=\"pagination\">\n\t    \n\t\n\n<li >\n\t<a href='?page_no=33653'>Previous<\/a>\n\t<\/li>\n\n\n       \n    \n\n<li><a href='?page_no=1'>1<\/a><\/li>\n\n\n\n<li><a href='?page_no=2'>2<\/a><\/li>\n\n\n\n<li><a>...<\/a><\/li>\n\n\n\n<li><a href='?page_no=33652'>33652<\/a><\/li>\n\n\n\n<li><a href='?page_no=33653'>33653<\/a><\/li>\n\n\n\n<li class='active'><a>33654<\/a><\/li>\n\n\n\n<li><a href='?page_no=33655'>33655<\/a><\/li>\n\n\n\n<li><a href='?page_no=33656'>33656<\/a><\/li>\n\n\n\n<li><a>...<\/a><\/li>\n\n\n\n<li><a href='?page_no=36999'>36999<\/a><\/li>\n\n\n\n<li><a href='?page_no=37000'>37000<\/a><\/li>\n\n    \n\t\n\n<li >\n\t<a href='?page_no=33655'>Next<\/a>\n\t<\/li>\n\n\n    \n\n<li><a href='?page_no=37000'>Last &rsaquo;&rsaquo;<\/a><\/li>\n\n<\/ul>\n\n\n--><br \/>\n<\/body><\/p>\n","protected":false},"excerpt":{"rendered":"<p>Vicepresidente Alburquerque afirma Leonel Fern\u00e1ndez derrotar\u00e1 PRD e Hipolito Juntos &#13; Palenque, SAN CRISTOBAL.- El candidato vicepresidencial del Partido de la Liberaci\u00f3n Dominicana (PLD), doctor Rafael Alburquerque, afirm\u00f3 aqu\u00ed que el Presidente Leonel Fern\u00e1ndez derrotar\u00e1 al candidato del Partido Revolucionario Dominicano (PRD), y a su \u201cpadrino\u201d Hip\u00f3lito Mej\u00eda, de manera aplastante y humillante en las [&hellip;]<\/p>\n","protected":false},"author":3,"featured_media":0,"comment_status":"open","ping_status":"open","sticky":false,"template":"","format":"standard","meta":{"footnotes":""},"categories":[22],"tags":[],"class_list":["post-190906","post","type-post","status-publish","format-standard","hentry","category-politica"],"_links":{"self":[{"href":"https:\/\/diariodominicano.com\/index.php?rest_route=\/wp\/v2\/posts\/190906","targetHints":{"allow":["GET"]}}],"collection":[{"href":"https:\/\/diariodominicano.com\/index.php?rest_route=\/wp\/v2\/posts"}],"about":[{"href":"https:\/\/diariodominicano.com\/index.php?rest_route=\/wp\/v2\/types\/post"}],"author":[{"embeddable":true,"href":"https:\/\/diariodominicano.com\/index.php?rest_route=\/wp\/v2\/users\/3"}],"replies":[{"embeddable":true,"href":"https:\/\/diariodominicano.com\/index.php?rest_route=%2Fwp%2Fv2%2Fcomments&post=190906"}],"version-history":[{"count":0,"href":"https:\/\/diariodominicano.com\/index.php?rest_route=\/wp\/v2\/posts\/190906\/revisions"}],"wp:attachment":[{"href":"https:\/\/diariodominicano.com\/index.php?rest_route=%2Fwp%2Fv2%2Fmedia&parent=190906"}],"wp:term":[{"taxonomy":"category","embeddable":true,"href":"https:\/\/diariodominicano.com\/index.php?rest_route=%2Fwp%2Fv2%2Fcategories&post=190906"},{"taxonomy":"post_tag","embeddable":true,"href":"https:\/\/diariodominicano.com\/index.php?rest_route=%2Fwp%2Fv2%2Ftags&post=190906"}],"curies":[{"name":"wp","href":"https:\/\/api.w.org\/{rel}","templated":true}]}}