{"id":190905,"date":"2008-04-13T02:30:39","date_gmt":"2008-04-13T02:30:39","guid":{"rendered":"http:\/\/diariodominicano.ddns.net\/?p=190905"},"modified":"2008-04-13T02:30:39","modified_gmt":"2008-04-13T02:30:39","slug":"vargas-maldonado-se-compromete-con-el-apoyo-a-la-produccion","status":"publish","type":"post","link":"https:\/\/diariodominicano.com\/?p=190905","title":{"rendered":"Vargas Maldonado se compromete con el apoyo a la producci\u00f3n"},"content":{"rendered":"<p><body><\/p>\n<p class=\"titulogrande1\"><strong>Vargas Maldonado se compromete con el apoyo a la producci\u00f3n<\/strong><\/p>\n<p>&#13;<\/p>\n<p align=\"justify\"><span class=\"text1noticias\"><strong><img loading=\"lazy\" decoding=\"async\" src=\"http:\/\/localhost:8080\/img\/maldonado la vega.jpg\" width=\"375\" height=\"252\" hspace=\"4\" align=\"left\" \/>La Vega.-<\/strong> El  candidato presidencial Miguel Vargas afirm\u00f3 este s\u00e1bado en La Vega que el desalojo del doctor  Leonel Fern\u00e1ndez del poder, por la fuerza del voto popular, pondr\u00e1 fin al abandono  a los productores agropecuarios y los parques de zona franca, e iniciar\u00e1 una etapa  de apoyo masivo y solidaridad hacia la gente de trabajo.<br \/>&#13;<br \/>\n  <br \/>&#13;<br \/>\n    \u201cLo  que han padecido los productores y los trabajadores en la presente  administraci\u00f3n no se hab\u00eda visto nunca en el pa\u00eds, jam\u00e1s un gobierno hab\u00eda sido  tan indiferente e indolente frente a los sectores productivos nacionales\u201d, dijo  el candidato presidencial del Partido Revolucionario Dominicano (PRD) antes de  iniciar un masivo recorrido en La   Vega.<br \/>&#13;<br \/>\n    <br \/>&#13;<br \/>\nEstuvo acompa\u00f1ado del s\u00edndico Fausto  Ruiz, los diputados Radham\u00e9s Garc\u00eda y Hugo N\u00fa\u00f1ez, Yadhira Henr\u00edquez, el  director pol\u00edtico de campa\u00f1a, Alfredo Pacheco, Tony Pe\u00f1a Guaba, Enrique Garc\u00eda  y Alex Cruz, directores regional, provincial\u00a0  y municipal de campa\u00f1a.<br \/>&#13;<br \/>\n<br \/>&#13;<br \/>\n La  marcha dio inicio en Palmarito y recorri\u00f3 los sectores de Villa Lora, San  Antonio, El N\u00e1poles, San Miguel, Villa Francisca, Parque Hostos, La Loter\u00eda, Los  Multifamiliares, Villa Primavera I y II, Las Carmelitas, Villa Rosa y Ensanche  Guarionex, recibiendo el candidato presidencial perrede\u00edstas vivas  demostraciones de simpat\u00eda y apoyo en cada uno de los sectores visitados.<br \/>&#13;<br \/>\n\u00a0\u00a0\u00a0\u00a0\u00a0\u00a0\u00a0\u00a0\u00a0\u00a0\u00a0 <br \/>&#13;<br \/>\n<strong>Ruina en la zona franca<\/strong><br \/>&#13;<br \/>\n<br \/>&#13;<br \/>\n Vargas  afirm\u00f3 que adem\u00e1s de abandonar a su suerte a los productores agropecuarios y a  la peque\u00f1a y mediana empresa de La   Vega y toda la regi\u00f3n Norte, el presidente Leonel Fern\u00e1ndez  ha sido particularmente indolente en el caso de las empresas de zona franca.<br \/>&#13;<br \/>\n <br \/>&#13;<br \/>\n Dijo  al respecto que al inicio del gobierno del hoy candidato reeleccionistas en La Vega circulaban todos los  viernes 45 millones de pesos que mov\u00edan 19 mil empleos fijos, mientras que en  la actualidad apenas se paga semanalmente 2 millones de pesos a unos 2 mil  empleados.<br \/>&#13;<br \/>\n<br \/>&#13;<br \/>\nAfirm\u00f3  que el colapso en buena parte de las empresas de zona franca en La Vega y el resto del pa\u00eds se  debe a que con su t\u00edpica arrogancia el presidente Leonel Fern\u00e1ndez decret\u00f3 que  el de las zonas francas era un modelo productivo agotado, sin futuro.<br \/>&#13;<br \/>\n<br \/>&#13;<br \/>\n Vargas  expuso que esa concepci\u00f3n del candidato reeleccionista es propia de una persona  que no tiene confianza en el trabajo productivo, que ha vivido y se ha  enriquecido a costa de la pol\u00edtica y del Estado, una persona desconocedora de  que en la capacidad de la gente para producir\u00a0  bienes y servicios es que est\u00e1 la riqueza de una Naci\u00f3n.<br \/>&#13;<br \/>\n<br \/>&#13;<br \/>\n\u201cEn  el gobierno que vamos a inaugurar a partir del 16 de agosto\u201d, precis\u00f3,  \u201cgarantizaremos todo el apoyo que requieran las empresas de zona franca que son  exitosas, y vamos a desarrollar programas de asistencia financiera y t\u00e9cnica  para convertir esos parques\u00a0 industriales  en plataforma de exportaci\u00f3n de productos competitivos en los mercados  internacionales\u201d.<br \/>&#13;<br \/>\n<br \/>&#13;<br \/>\nPuntualiz\u00f3  que \u201cdonde el candidato reeleccionista vio y se conform\u00f3 con el fracaso, en  nuestro gobierno produciremos una reingenier\u00eda para relanzar los parques  industriales y a devolverle a La Vega  todos los miles de empleos perdidos\u201d.<br \/>&#13;<br \/>\n<br \/>&#13;<br \/>\n Tras  concluir su marcha caravana en La   Vega, Vargas parti\u00f3 a San Francisco de Macor\u00eds, donde luego  de efectuar varias visitas a personalidades y representantes de n\u00facleos  sociales y productivos de la provincia Duarte, ten\u00eda programada otro recorrido  masivo por los principales sectores de la ciudad nordestana. Este domingo  vuelve a Santiago donde tiene planeado efectuar una contundente demostraci\u00f3n de  fuerzas.<\/span><\/p>\n<p>&#13;<\/p>\n<h6> 2008-04-13 02:30:39 <\/h6>\n<p><!--\n<link rel=\"stylesheet\" href=\"css\/bootstrap.min.css\">\n\n\n<ul class=\"pagination\">\n\t    \n\t\n\n<li >\n\t<a href='?page_no=33652'>Previous<\/a>\n\t<\/li>\n\n\n       \n    \n\n<li><a href='?page_no=1'>1<\/a><\/li>\n\n\n\n<li><a href='?page_no=2'>2<\/a><\/li>\n\n\n\n<li><a>...<\/a><\/li>\n\n\n\n<li><a href='?page_no=33651'>33651<\/a><\/li>\n\n\n\n<li><a href='?page_no=33652'>33652<\/a><\/li>\n\n\n\n<li class='active'><a>33653<\/a><\/li>\n\n\n\n<li><a href='?page_no=33654'>33654<\/a><\/li>\n\n\n\n<li><a href='?page_no=33655'>33655<\/a><\/li>\n\n\n\n<li><a>...<\/a><\/li>\n\n\n\n<li><a href='?page_no=36999'>36999<\/a><\/li>\n\n\n\n<li><a href='?page_no=37000'>37000<\/a><\/li>\n\n    \n\t\n\n<li >\n\t<a href='?page_no=33654'>Next<\/a>\n\t<\/li>\n\n\n    \n\n<li><a href='?page_no=37000'>Last &rsaquo;&rsaquo;<\/a><\/li>\n\n<\/ul>\n\n\n--><br \/>\n<\/body><\/p>\n","protected":false},"excerpt":{"rendered":"<p>Vargas Maldonado se compromete con el apoyo a la producci\u00f3n &#13; La Vega.- El candidato presidencial Miguel Vargas afirm\u00f3 este s\u00e1bado en La Vega que el desalojo del doctor Leonel Fern\u00e1ndez del poder, por la fuerza del voto popular, pondr\u00e1 fin al abandono a los productores agropecuarios y los parques de zona franca, e iniciar\u00e1 [&hellip;]<\/p>\n","protected":false},"author":3,"featured_media":0,"comment_status":"open","ping_status":"open","sticky":false,"template":"","format":"standard","meta":{"footnotes":""},"categories":[22],"tags":[],"class_list":["post-190905","post","type-post","status-publish","format-standard","hentry","category-politica"],"_links":{"self":[{"href":"https:\/\/diariodominicano.com\/index.php?rest_route=\/wp\/v2\/posts\/190905","targetHints":{"allow":["GET"]}}],"collection":[{"href":"https:\/\/diariodominicano.com\/index.php?rest_route=\/wp\/v2\/posts"}],"about":[{"href":"https:\/\/diariodominicano.com\/index.php?rest_route=\/wp\/v2\/types\/post"}],"author":[{"embeddable":true,"href":"https:\/\/diariodominicano.com\/index.php?rest_route=\/wp\/v2\/users\/3"}],"replies":[{"embeddable":true,"href":"https:\/\/diariodominicano.com\/index.php?rest_route=%2Fwp%2Fv2%2Fcomments&post=190905"}],"version-history":[{"count":0,"href":"https:\/\/diariodominicano.com\/index.php?rest_route=\/wp\/v2\/posts\/190905\/revisions"}],"wp:attachment":[{"href":"https:\/\/diariodominicano.com\/index.php?rest_route=%2Fwp%2Fv2%2Fmedia&parent=190905"}],"wp:term":[{"taxonomy":"category","embeddable":true,"href":"https:\/\/diariodominicano.com\/index.php?rest_route=%2Fwp%2Fv2%2Fcategories&post=190905"},{"taxonomy":"post_tag","embeddable":true,"href":"https:\/\/diariodominicano.com\/index.php?rest_route=%2Fwp%2Fv2%2Ftags&post=190905"}],"curies":[{"name":"wp","href":"https:\/\/api.w.org\/{rel}","templated":true}]}}