{"id":190904,"date":"2008-04-13T02:35:14","date_gmt":"2008-04-13T02:35:14","guid":{"rendered":"http:\/\/diariodominicano.ddns.net\/?p=190904"},"modified":"2008-04-13T02:35:14","modified_gmt":"2008-04-13T02:35:14","slug":"aristy-castro-dice-republica-dominicana-sigue-siendo-un-pais-rico-pobremente-administrado-proclama-dominicanos-son-su-mejor-activo-ofrece-obras-a-la-provincia-duarte-y-al-nordes","status":"publish","type":"post","link":"https:\/\/diariodominicano.com\/?p=190904","title":{"rendered":"Aristy Castro dice: Rep\u00fablica Dominicana sigue siendo un pa\u00eds rico pobremente administrado; Proclama dominicanos son su mejor activo, ofrece obras a la provincia Duarte y al Nordes"},"content":{"rendered":"<p><body><\/p>\n<p align=\"justify\" class=\"titulogrande1\"><strong>Aristy Castro dice:  Rep\u00fablica Dominicana sigue siendo un pa\u00eds rico pobremente administrado<\/strong><strong>; Proclama dominicanos son su mejor activo, ofrece  obras a la provincia Duarte y al Nordeste<\/strong><\/p>\n<p>&#13;<\/p>\n<p align=\"justify\" class=\"text1noticias\"><strong><img loading=\"lazy\" decoding=\"async\" src=\"http:\/\/localhost:8080\/img\/amable sf.jpg\" width=\"375\" height=\"249\" hspace=\"4\" align=\"left\" \/>San Francisco de Macor\u00eds.-<\/strong> El candidato presidencial del Partido Reformista Social  Cristiano, Lic. Amable Aristy Castro proclam\u00f3 hoy, que la Rep\u00fablica Dominicana  sigue siendo un pa\u00eds rico pobremente administrado.<\/p>\n<p>&#13;<\/p>\n<p align=\"justify\" class=\"text1noticias\">\u201cComo dijera  nuestro l\u00edder el Dr. Balaguer en 1986, los dominicanos vivimos en un pa\u00eds  inmensamente rico muy pobremente administrado, donde el mayor activo, el m\u00e1s  grande de sus tesoros, son sus gentes, los nueve millones de dominicanos\u201d.<\/p>\n<p>&#13;<\/p>\n<p align=\"justify\" class=\"text1noticias\">Aristy Castro  defini\u00f3 al pueblo dominicano, como ingenioso, trabajador, solidario,  nacionalista, noble, inteligente, sabio, capaz de superar cualquier dificultad,  si se le proveen las oportunidades m\u00ednimas para hacerlo.<\/p>\n<p>&#13;<\/p>\n<p align=\"justify\" class=\"text1noticias\">\u201cEn cada  dominicano vive un h\u00e9roe que estoicamente soporta\u00a0 las m\u00e1s cruentas vicisitudes y dificultades  con buen humor y alegr\u00eda\u201d.<\/p>\n<p>&#13;<\/p>\n<p align=\"justify\" class=\"text1noticias\">Expres\u00f3, que  nuestros campos, barrios y bateyes est\u00e1n llenos de ni\u00f1os descalzos,  desnutridos, pero tambi\u00e9n llenos de talentos capaces de convertirse si se les  da la m\u00e1s m\u00ednima oportunidad en grandes luminarias como To\u00f1o Rosario, Samuel  Sosa, Junot D\u00edaz y hasta en Presidente de la Rep\u00fablica.<\/p>\n<p>&#13;<\/p>\n<p align=\"justify\" class=\"text1noticias\">\u201cYo fui un  ni\u00f1o pobre como ellos, gracias a Dios y a la Virgen tuve la oportunidad de progresar y  prosperar y aunque tard\u00edamente de hacerme profesional, quiero ser presidente  para construir una Patria m\u00e1s justa, con oportunidades para los pobres\u201d.<\/p>\n<p>&#13;<\/p>\n<p align=\"justify\" class=\"text1noticias\">Acus\u00f3 al Dr.  Leonel Fern\u00e1ndez y al PLD, de crear con una pol\u00edtica fiscal injusta y una  distribuci\u00f3n caprichosa del gasto un Estado cada vez m\u00e1s rico sobre el sacrificio  de un pueblo cada vez m\u00e1s pobre.\u00a0 <\/p>\n<p>&#13;<\/p>\n<p align=\"justify\" class=\"text1noticias\"><strong>Obras: <\/strong>Amable ofreci\u00f3  la construcci\u00f3n de la presa del alto Yuna, un hospital regional Materno  Infantil, proyecto habitacional Santa Ana, as\u00ed como la Av. Circunvalaci\u00f3n R\u00edo Jaya  entre otras de menor envergadura.<\/p>\n<p>&#13;<\/p>\n<p align=\"justify\" class=\"text1noticias\">En su  recorrido por la Provincia Duarte  estuvo acompa\u00f1ado de Mercedes Osorio, Miguel \u00c1ngel D\u00edaz, Marino Mor\u00e1n, Oriol  Negr\u00edn, Fior S\u00e1nchez, Rene Bret\u00f3n, Yille Fern\u00e1ndez, Pedro Bret\u00f3n y Ram\u00f3n  Rogelio Genao coordinador nacional de campa\u00f1a entre otros dirigentes.<\/p>\n<p>&#13;<\/p>\n<p align=\"justify\" class=\"text1noticias\">Fue notorio el  apoyo recibido por el candidato reformista a su paso por cada barrio y  municipio visitado de esta provincia, como de costumbre es sus \u201cCacerolazos  contra la pobreza\u201d, distribuy\u00f3 embutidos, canastillas, sillas de rueda, dinero  en efectivo y atendi\u00f3 varias solicitudes de ayudas m\u00e9dicas de personas con  graves problemas de salud y de costoso tratamiento, los mismos agradecieron el  noble gesto del candidato de los pobres. \u00a0<\/p>\n<p>&#13;<\/p>\n<h6> 2008-04-13 02:35:14 <\/h6>\n<p><!--\n<link rel=\"stylesheet\" href=\"css\/bootstrap.min.css\">\n\n\n<ul class=\"pagination\">\n\t    \n\t\n\n<li >\n\t<a href='?page_no=33651'>Previous<\/a>\n\t<\/li>\n\n\n       \n    \n\n<li><a href='?page_no=1'>1<\/a><\/li>\n\n\n\n<li><a href='?page_no=2'>2<\/a><\/li>\n\n\n\n<li><a>...<\/a><\/li>\n\n\n\n<li><a href='?page_no=33650'>33650<\/a><\/li>\n\n\n\n<li><a href='?page_no=33651'>33651<\/a><\/li>\n\n\n\n<li class='active'><a>33652<\/a><\/li>\n\n\n\n<li><a href='?page_no=33653'>33653<\/a><\/li>\n\n\n\n<li><a href='?page_no=33654'>33654<\/a><\/li>\n\n\n\n<li><a>...<\/a><\/li>\n\n\n\n<li><a href='?page_no=36999'>36999<\/a><\/li>\n\n\n\n<li><a href='?page_no=37000'>37000<\/a><\/li>\n\n    \n\t\n\n<li >\n\t<a href='?page_no=33653'>Next<\/a>\n\t<\/li>\n\n\n    \n\n<li><a href='?page_no=37000'>Last &rsaquo;&rsaquo;<\/a><\/li>\n\n<\/ul>\n\n\n--><br \/>\n<\/body><\/p>\n","protected":false},"excerpt":{"rendered":"<p>Aristy Castro dice: Rep\u00fablica Dominicana sigue siendo un pa\u00eds rico pobremente administrado; Proclama dominicanos son su mejor activo, ofrece obras a la provincia Duarte y al Nordeste &#13; San Francisco de Macor\u00eds.- El candidato presidencial del Partido Reformista Social Cristiano, Lic. Amable Aristy Castro proclam\u00f3 hoy, que la Rep\u00fablica Dominicana sigue siendo un pa\u00eds rico [&hellip;]<\/p>\n","protected":false},"author":3,"featured_media":0,"comment_status":"open","ping_status":"open","sticky":false,"template":"","format":"standard","meta":{"footnotes":""},"categories":[22],"tags":[],"class_list":["post-190904","post","type-post","status-publish","format-standard","hentry","category-politica"],"_links":{"self":[{"href":"https:\/\/diariodominicano.com\/index.php?rest_route=\/wp\/v2\/posts\/190904","targetHints":{"allow":["GET"]}}],"collection":[{"href":"https:\/\/diariodominicano.com\/index.php?rest_route=\/wp\/v2\/posts"}],"about":[{"href":"https:\/\/diariodominicano.com\/index.php?rest_route=\/wp\/v2\/types\/post"}],"author":[{"embeddable":true,"href":"https:\/\/diariodominicano.com\/index.php?rest_route=\/wp\/v2\/users\/3"}],"replies":[{"embeddable":true,"href":"https:\/\/diariodominicano.com\/index.php?rest_route=%2Fwp%2Fv2%2Fcomments&post=190904"}],"version-history":[{"count":0,"href":"https:\/\/diariodominicano.com\/index.php?rest_route=\/wp\/v2\/posts\/190904\/revisions"}],"wp:attachment":[{"href":"https:\/\/diariodominicano.com\/index.php?rest_route=%2Fwp%2Fv2%2Fmedia&parent=190904"}],"wp:term":[{"taxonomy":"category","embeddable":true,"href":"https:\/\/diariodominicano.com\/index.php?rest_route=%2Fwp%2Fv2%2Fcategories&post=190904"},{"taxonomy":"post_tag","embeddable":true,"href":"https:\/\/diariodominicano.com\/index.php?rest_route=%2Fwp%2Fv2%2Ftags&post=190904"}],"curies":[{"name":"wp","href":"https:\/\/api.w.org\/{rel}","templated":true}]}}