{"id":190901,"date":"2008-04-13T04:16:42","date_gmt":"2008-04-13T04:16:42","guid":{"rendered":"http:\/\/diariodominicano.ddns.net\/?p=190901"},"modified":"2008-04-13T04:16:42","modified_gmt":"2008-04-13T04:16:42","slug":"licenciado-radhames-camacho-asegura-sector-magisterial-aportara-mas-de-200-mil-votos-a-leonel-fernandez","status":"publish","type":"post","link":"https:\/\/diariodominicano.com\/?p=190901","title":{"rendered":"Licenciado Radham\u00e9s Camacho Asegura sector magisterial aportar\u00e1 mas de 200 mil votos a Leonel Fern\u00e1ndez"},"content":{"rendered":"<p><body><\/p>\n<p align=\"justify\"><strong class=\"titulogrande1\">Licenciado Radham\u00e9s Camacho Asegura sector magisterial aportar\u00e1 mas de  200 mil votos a Leonel Fern\u00e1ndez <\/strong><br \/>&#13;<br \/>\n  <br \/>&#13;<br \/>\n    <span class=\"text1noticias\"><strong>Santo Domingo.-<\/strong> El licenciado Radham\u00e9s Camacho,  miembro del Comit\u00e9 Pol\u00edtico del Partido de la Liberaci\u00f3n Dominicana (PLD),  asegur\u00f3 que el sector Magisterial aportar\u00e1 en su conjunto m\u00e1s de 200 mil votos  al triunfo del doctor Leonel Fern\u00e1ndez, porque se ha sentido satisfecho con las  mejor\u00edas que ha podido alcanzar durante los gobiernos de esa organizaci\u00f3n  pol\u00edtica.<br \/>&#13;<br \/>\n    <br \/>&#13;<br \/>\n    Camacho explic\u00f3 que m\u00e1s de 50 mil  maestros y maestras se han sumado en todo el pa\u00eds\u00a0 al frente que agrupa a los educadores que  apoyan las aspiraciones del presidente Fern\u00e1ndez, y estos, sus familiares y  relacionados suman m\u00e1s de 200 mil personas que sufragar\u00e1n en mayo pr\u00f3ximo por el PLD. <br \/>&#13;<br \/>\n    <br \/>&#13;<br \/>\n    El dirigente pelede\u00edsta produjo sus  declaraciones durante la juramentaci\u00f3n del <strong>Frente  de Educadores con Leonel<\/strong> de la\u00a0 Circunscripci\u00f3n 3 del\u00a0 Distrito Nacional, en la que participaci\u00f3n de  decenas de maestros y maestras de esta  zona norte de la capital.\u00a0 <br \/>&#13;<br \/>\n    <br \/>&#13;<br \/>\nLa actividad cont\u00f3 con la  presencia\u00a0 tambi\u00e9n de\u00a0 la Profesora\u00a0  Josefina Pimentel, directora del Instituto Nacional de Formaci\u00f3n T\u00e9cnico  Profesional (INFOTEP), \u00a0Luis de Le\u00f3n, sub  secretario de Educaci\u00f3n, \u00a0Franklin  Ferreras, presidente de la Asociaci\u00f3n Dominicana de Profesores (ADP), en la  zona norte de la capital, Jes\u00fas Contreras, coordinador de la circunscripci\u00f3n  #2, as\u00ed como otros maestros involucrado al\u00a0  movimiento.<\/span><\/p>\n<p>&#13;<\/p>\n<p align=\"justify\" class=\"text1noticias\">Camacho dijo que los maestros en todo  el territorio nacional se sienten muy satisfechos con la gesti\u00f3n de Fern\u00e1ndez.  Afirm\u00f3 que ha sido durante las gestiones  de \u00e9ste cuando los maestros han recibido las mejores compensaciones por la  labor formadora que realizan.<br \/>&#13;<br \/>\n  <br \/>&#13;<br \/>\n\u201cEl pueblo dominicano a\u00fan tiene muy  reciente y frescas las heridas que el PRD y PPH efectuaron. Y por lo tanto  todos los dominicanos sentimos el deber patri\u00f3tico de proteger nuestro pa\u00eds de  semejantes personas\u201d, enfatiz\u00f3.<br \/>&#13;<br \/>\n<br \/>&#13;<br \/>\nExplic\u00f3 que Leonel Fern\u00e1ndez siempre  ha tomado en cuenta al maestro dominicano,\u00a0  \u00a8Y es por eso que hay que apoyarle, para que se sigan implementando\u00a0 programas en beneficio del sector magisterial\u00a8.\u00a0 <br \/>&#13;<br \/>\n<br \/>&#13;<br \/>\n\u00a8Leonel Fern\u00e1ndez siempre ha  demostrado su inter\u00e9s en lograr que el magisterio a nivel nacional alcance un  status de vida digno, y acorde con la tit\u00e1nica y loable labor que realizan al  preparar a los futuros ciudadanos de nuestro pa\u00eds\u00a8, puntualiz\u00f3.<br \/>&#13;<br \/>\n<br \/>&#13;<br \/>\nCamacho reiter\u00f3 que ya son m\u00e1s de 50  mil los educadores que a nivel nacional se han unido al Frente, ya que est\u00e1n  conscientes que solo el liderazgo de Fern\u00e1ndez logra que el pa\u00eds siga trillando  el camino del progreso y la institucionalidad. <\/p>\n<p>&#13;<\/p>\n<h6> 2008-04-13 04:16:42 <\/h6>\n<p><!--\n<link rel=\"stylesheet\" href=\"css\/bootstrap.min.css\">\n\n\n<ul class=\"pagination\">\n\t    \n\t\n\n<li >\n\t<a href='?page_no=33648'>Previous<\/a>\n\t<\/li>\n\n\n       \n    \n\n<li><a href='?page_no=1'>1<\/a><\/li>\n\n\n\n<li><a href='?page_no=2'>2<\/a><\/li>\n\n\n\n<li><a>...<\/a><\/li>\n\n\n\n<li><a href='?page_no=33647'>33647<\/a><\/li>\n\n\n\n<li><a href='?page_no=33648'>33648<\/a><\/li>\n\n\n\n<li class='active'><a>33649<\/a><\/li>\n\n\n\n<li><a href='?page_no=33650'>33650<\/a><\/li>\n\n\n\n<li><a href='?page_no=33651'>33651<\/a><\/li>\n\n\n\n<li><a>...<\/a><\/li>\n\n\n\n<li><a href='?page_no=36999'>36999<\/a><\/li>\n\n\n\n<li><a href='?page_no=37000'>37000<\/a><\/li>\n\n    \n\t\n\n<li >\n\t<a href='?page_no=33650'>Next<\/a>\n\t<\/li>\n\n\n    \n\n<li><a href='?page_no=37000'>Last &rsaquo;&rsaquo;<\/a><\/li>\n\n<\/ul>\n\n\n--><br \/>\n<\/body><\/p>\n","protected":false},"excerpt":{"rendered":"<p>Licenciado Radham\u00e9s Camacho Asegura sector magisterial aportar\u00e1 mas de 200 mil votos a Leonel Fern\u00e1ndez &#13; &#13; Santo Domingo.- El licenciado Radham\u00e9s Camacho, miembro del Comit\u00e9 Pol\u00edtico del Partido de la Liberaci\u00f3n Dominicana (PLD), asegur\u00f3 que el sector Magisterial aportar\u00e1 en su conjunto m\u00e1s de 200 mil votos al triunfo del doctor Leonel Fern\u00e1ndez, porque [&hellip;]<\/p>\n","protected":false},"author":3,"featured_media":0,"comment_status":"open","ping_status":"open","sticky":false,"template":"","format":"standard","meta":{"footnotes":""},"categories":[22],"tags":[],"class_list":["post-190901","post","type-post","status-publish","format-standard","hentry","category-politica"],"_links":{"self":[{"href":"https:\/\/diariodominicano.com\/index.php?rest_route=\/wp\/v2\/posts\/190901","targetHints":{"allow":["GET"]}}],"collection":[{"href":"https:\/\/diariodominicano.com\/index.php?rest_route=\/wp\/v2\/posts"}],"about":[{"href":"https:\/\/diariodominicano.com\/index.php?rest_route=\/wp\/v2\/types\/post"}],"author":[{"embeddable":true,"href":"https:\/\/diariodominicano.com\/index.php?rest_route=\/wp\/v2\/users\/3"}],"replies":[{"embeddable":true,"href":"https:\/\/diariodominicano.com\/index.php?rest_route=%2Fwp%2Fv2%2Fcomments&post=190901"}],"version-history":[{"count":0,"href":"https:\/\/diariodominicano.com\/index.php?rest_route=\/wp\/v2\/posts\/190901\/revisions"}],"wp:attachment":[{"href":"https:\/\/diariodominicano.com\/index.php?rest_route=%2Fwp%2Fv2%2Fmedia&parent=190901"}],"wp:term":[{"taxonomy":"category","embeddable":true,"href":"https:\/\/diariodominicano.com\/index.php?rest_route=%2Fwp%2Fv2%2Fcategories&post=190901"},{"taxonomy":"post_tag","embeddable":true,"href":"https:\/\/diariodominicano.com\/index.php?rest_route=%2Fwp%2Fv2%2Ftags&post=190901"}],"curies":[{"name":"wp","href":"https:\/\/api.w.org\/{rel}","templated":true}]}}