{"id":190891,"date":"2008-04-14T01:51:22","date_gmt":"2008-04-14T01:51:22","guid":{"rendered":"http:\/\/diariodominicano.ddns.net\/?p=190891"},"modified":"2008-04-14T01:51:22","modified_gmt":"2008-04-14T01:51:22","slug":"ex-senador-reformista-fulvio-lora-anuncia-su-apoyo-a-leonel","status":"publish","type":"post","link":"https:\/\/diariodominicano.com\/?p=190891","title":{"rendered":"Ex senador reformista Fulvio Lora anuncia su apoyo a Leonel"},"content":{"rendered":"<p><body><\/p>\n<p class=\"titulogrande1\"><strong>Ex senador reformista Fulvio  Lora anuncia su apoyo a Leonel<\/strong><\/p>\n<p>&#13;<\/p>\n<p align=\"justify\" class=\"text1noticias\"><strong>San Francisco de  Macor\u00eds.-<\/strong> \u00a0El Presidente y candidato presidencial del  Partido de la Liberaci\u00f3n Dominicana  (PLD), doctor Leonel Fern\u00e1ndez, recibi\u00f3 el respaldo del ex senador y l\u00edder  reformista en esta provincia, Fulvio Lora, quien se sum\u00f3 a la candidatura  pelede\u00edsta con centenares de dirigentes  y militantes reformistas, \u201cpara trabajar sin desmayo y asegurar un triunfo en primera vuelta el  pr\u00f3ximo 16 de mayo\u201d. <\/p>\n<p>&#13;<\/p>\n<p align=\"justify\" class=\"text1noticias\">La decisi\u00f3n del ex dirigente reformista fue  anunciada en su casa campestre de esta provincia, donde el doctor Fern\u00e1ndez fue  recibido por una multitud de reformistas que lo aclamaron como su l\u00edder y como  la \u00fanica esperanza que tiene el pa\u00eds para seguir trillando el camino del bienestar,  el desarrollo econ\u00f3mico y la modernidad.<\/p>\n<p>&#13;<\/p>\n<p align=\"justify\" class=\"text1noticias\">Lora defini\u00f3 al Presidente Fern\u00e1ndez como el  l\u00edder que tiene el pa\u00eds y el \u00fanico dominicano con la capacidad, la visi\u00f3n y la  disposici\u00f3n de seguir encaminado a la Rep\u00fablica Dominicana  por la estabilidad, el crecimiento econ\u00f3mico, el fortalecimiento institucional  y asegurar a los dominicanos un \u00a0mejor  porvenir.<\/p>\n<p>&#13;<\/p>\n<p align=\"justify\" class=\"text1noticias\">Dijo que tom\u00f3 la decisi\u00f3n de apoyar la  candidatura del doctor Fern\u00e1ndez junto a los miles de sus seguidores, porque entiende  que el candidato del PLD y del Bloque Progresista encarna los ideales del extinto  l\u00edder Joaqu\u00edn Balaguer.<\/p>\n<p>&#13;<\/p>\n<p align=\"justify\" class=\"text1noticias\">El Presidente Fern\u00e1ndez estuvo acompa\u00f1ado de Francisco  Javier Garc\u00eda, coordinador general de la Campa\u00f1a del doctor Fern\u00e1ndez; F\u00e9lix Bautista,  director operativo de la campa\u00f1a, Salvador Jim\u00e9nez (Ch\u00edo), Carlos Morales  Morales Troncoso, Leonardo Matos Berrido, Rosa Dom\u00ednguez, el senador Prim  Pujals, Jhonny Jones, Alexandra Izquierdo y H\u00e9ctor Rodr\u00edguez Pimentel.<\/p>\n<p>&#13;<\/p>\n<p align=\"justify\" class=\"text1noticias\">Durante el encuentro con los ex dirigentes  reformistas el mandatario recibi\u00f3 interminables manifestaciones de apoyo por  parte de m\u00e1s de un centenar de hombres y mujeres que ped\u00edan cuatro a\u00f1os m\u00e1s  para que siga el progreso y el desarrollo.<\/p>\n<p>&#13;<\/p>\n<h6> 2008-04-14 01:51:22 <\/h6>\n<p><!--\n<link rel=\"stylesheet\" href=\"css\/bootstrap.min.css\">\n\n\n<ul class=\"pagination\">\n\t    \n\t\n\n<li >\n\t<a href='?page_no=33638'>Previous<\/a>\n\t<\/li>\n\n\n       \n    \n\n<li><a href='?page_no=1'>1<\/a><\/li>\n\n\n\n<li><a href='?page_no=2'>2<\/a><\/li>\n\n\n\n<li><a>...<\/a><\/li>\n\n\n\n<li><a href='?page_no=33637'>33637<\/a><\/li>\n\n\n\n<li><a href='?page_no=33638'>33638<\/a><\/li>\n\n\n\n<li class='active'><a>33639<\/a><\/li>\n\n\n\n<li><a href='?page_no=33640'>33640<\/a><\/li>\n\n\n\n<li><a href='?page_no=33641'>33641<\/a><\/li>\n\n\n\n<li><a>...<\/a><\/li>\n\n\n\n<li><a href='?page_no=36999'>36999<\/a><\/li>\n\n\n\n<li><a href='?page_no=37000'>37000<\/a><\/li>\n\n    \n\t\n\n<li >\n\t<a href='?page_no=33640'>Next<\/a>\n\t<\/li>\n\n\n    \n\n<li><a href='?page_no=37000'>Last &rsaquo;&rsaquo;<\/a><\/li>\n\n<\/ul>\n\n\n--><br \/>\n<\/body><\/p>\n","protected":false},"excerpt":{"rendered":"<p>Ex senador reformista Fulvio Lora anuncia su apoyo a Leonel &#13; San Francisco de Macor\u00eds.- \u00a0El Presidente y candidato presidencial del Partido de la Liberaci\u00f3n Dominicana (PLD), doctor Leonel Fern\u00e1ndez, recibi\u00f3 el respaldo del ex senador y l\u00edder reformista en esta provincia, Fulvio Lora, quien se sum\u00f3 a la candidatura pelede\u00edsta con centenares de dirigentes [&hellip;]<\/p>\n","protected":false},"author":3,"featured_media":0,"comment_status":"open","ping_status":"open","sticky":false,"template":"","format":"standard","meta":{"footnotes":""},"categories":[22],"tags":[],"class_list":["post-190891","post","type-post","status-publish","format-standard","hentry","category-politica"],"_links":{"self":[{"href":"https:\/\/diariodominicano.com\/index.php?rest_route=\/wp\/v2\/posts\/190891","targetHints":{"allow":["GET"]}}],"collection":[{"href":"https:\/\/diariodominicano.com\/index.php?rest_route=\/wp\/v2\/posts"}],"about":[{"href":"https:\/\/diariodominicano.com\/index.php?rest_route=\/wp\/v2\/types\/post"}],"author":[{"embeddable":true,"href":"https:\/\/diariodominicano.com\/index.php?rest_route=\/wp\/v2\/users\/3"}],"replies":[{"embeddable":true,"href":"https:\/\/diariodominicano.com\/index.php?rest_route=%2Fwp%2Fv2%2Fcomments&post=190891"}],"version-history":[{"count":0,"href":"https:\/\/diariodominicano.com\/index.php?rest_route=\/wp\/v2\/posts\/190891\/revisions"}],"wp:attachment":[{"href":"https:\/\/diariodominicano.com\/index.php?rest_route=%2Fwp%2Fv2%2Fmedia&parent=190891"}],"wp:term":[{"taxonomy":"category","embeddable":true,"href":"https:\/\/diariodominicano.com\/index.php?rest_route=%2Fwp%2Fv2%2Fcategories&post=190891"},{"taxonomy":"post_tag","embeddable":true,"href":"https:\/\/diariodominicano.com\/index.php?rest_route=%2Fwp%2Fv2%2Ftags&post=190891"}],"curies":[{"name":"wp","href":"https:\/\/api.w.org\/{rel}","templated":true}]}}