{"id":190889,"date":"2008-04-14T15:09:17","date_gmt":"2008-04-14T15:09:17","guid":{"rendered":"http:\/\/diariodominicano.ddns.net\/?p=190889"},"modified":"2008-04-14T15:09:17","modified_gmt":"2008-04-14T15:09:17","slug":"rodriguez-pimentel-lamenta-muerte-del-director-del-iad","status":"publish","type":"post","link":"https:\/\/diariodominicano.com\/?p=190889","title":{"rendered":"Rodr\u00edguez Pimentel lamenta muerte del director del IAD"},"content":{"rendered":"<p><body><\/p>\n<p class=\"titulogrande1\"><strong>Rodr\u00edguez Pimentel lamenta muerte del  director del IAD<\/strong><\/p>\n<p>&#13;<\/p>\n<p align=\"justify\" class=\"text1noticias\"><strong><img loading=\"lazy\" decoding=\"async\" src=\"http:\/\/localhost:8080\/img\/rodriguez pimentel1.jpg\" width=\"375\" height=\"261\" hspace=\"4\" align=\"left\" \/>SANTO  DOMINGO.-<\/strong> El Director Ejecutivo del  Instituto Nacional de Recursos Hidr\u00e1ulicos (INDRHI), H\u00e9ctor Rodr\u00edguez Pimentel,  lament\u00f3 la muerte del titular del Instituto Agrario Dominicano (IAD), Quilvio  Cabrera MENA, acaecida este domingo en un accidente de tr\u00e1nsito.<br \/>&#13;<br \/>\n  \u00a0<br \/>&#13;<br \/>\n\u201cCon  la muerte de Quilvio el pa\u00eds y el gobierno pierden a un gran profesional de la  agropecuaria, forjado en el fragor del trabajo cotidiano en el campo y un gran  aliado de los agricultores, especialmente los parceleros de la Reforma Agraria\u201d,  precis\u00f3 Rodr\u00edguez Pimentel.<br \/>&#13;<br \/>\n  \u00a0<br \/>&#13;<br \/>\n  En  un despacho de prensa Rodr\u00edguez Pimentel record\u00f3 que Cabrera Mena fue titular  del IAD en dos oportunidades, en el 1998 hasta el 2,000, cuando entreg\u00f3 el  cargo al producirse el cambio de gobierno y desde el 16 de agosto del 2006  hasta la hora de su deceso, ocurrido este domingo.<br \/>&#13;<br \/>\n  \u00a0<br \/>&#13;<br \/>\n  El  Director Ejecutivo del INDRHI destac\u00f3 la gran entrega al trabajo que  caracteriz\u00f3 la vida profesional y pol\u00edtica del ingeniero Quilvio Cabrera Mena,  as\u00ed como su afabilidad y sencillez en el trato con todas las personas.<br \/>&#13;<br \/>\n\u00a0\u00a0\u00a0\u00a0\u00a0\u00a0\u00a0\u00a0\u00a0\u00a0\u00a0\u00a0\u00a0\u00a0\u00a0\u00a0\u00a0\u00a0\u00a0\u00a0\u00a0\u00a0\u00a0\u00a0\u00a0\u00a0\u00a0\u00a0\u00a0\u00a0\u00a0\u00a0\u00a0\u00a0 <br \/>&#13;<br \/>\nEl  malogrado Director General del IAD fue t\u00e9cnico de la Secretar\u00eda de  Agricultura por muchos a\u00f1os, lo que le permiti\u00f3 relacionarse directamente con  los problemas del campo dominicano y ser un profesional muy querido por los  productores agropecuarios de todo el pa\u00eds.<br \/>&#13;<br \/>\n  \u00a0<br \/>&#13;<br \/>\n  Al  tiempo de lamentar su deceso, el ingeniero Rodr\u00edguez Pimentel reiter\u00f3 su  convicci\u00f3n de que con su muerte el pa\u00eds y el gobierno del presidente Leonel  Fern\u00e1ndez pierde a uno de los t\u00e9cnicos m\u00e1s calificados del sector agropecuario  oficial.<br \/>&#13;<br \/>\n  \u00a0<br \/>&#13;<br \/>\nEl Director Ejecutivo del INDRHI ponder\u00f3 que  Cabrera Mena tuvo una destacada participaci\u00f3n gremial, ya que fue en varias  oportunidades presidente de la Asociaci\u00f3n Dominicana de Ingenieros Agr\u00f3nomos  (ADIA) y dirigente de la   Asociaci\u00f3n Nacional de Profesionales Agropecuarios (ANPA).<\/p>\n<p>&#13;<\/p>\n<p align=\"justify\" class=\"text1noticias\">Rodr\u00edguez  Pimentel expres\u00f3 votos por la pronta recuperaci\u00f3n de la se\u00f1ora Ana Rita Espejo  de Cabrera, esposa del ingeniero Cabrera Mena, quien tambi\u00e9n result\u00f3 herida en  el accidente, ya que fue siempre una asidua acompa\u00f1ante de su c\u00f3nyugue en los  viajes de trabajo que frecuentemente este realizaba a los asentamientos  campesinos de la   Reforma Agraria.<br \/>&#13;<br \/>\n  \u00a0<br \/>&#13;<br \/>\n  Dijo  que su trayectoria de gremialista de le llev\u00f3 a ostentar la Secretar\u00eda de Asuntos  Agropecuarios de su partido, el de la Liberaci\u00f3n Dominicana  (PLD), del que era miembro de su Comit\u00e9 Central desde hace varios a\u00f1os y  recientemente hab\u00eda forjado el Movimiento Compromiso Ciudadano, del que era uno  de sus principales asesores.<\/p>\n<p>&#13;<\/p>\n<h6> 2008-04-14 15:09:17 <\/h6>\n<p><!--\n<link rel=\"stylesheet\" href=\"css\/bootstrap.min.css\">\n\n\n<ul class=\"pagination\">\n\t    \n\t\n\n<li >\n\t<a href='?page_no=33636'>Previous<\/a>\n\t<\/li>\n\n\n       \n    \n\n<li><a href='?page_no=1'>1<\/a><\/li>\n\n\n\n<li><a href='?page_no=2'>2<\/a><\/li>\n\n\n\n<li><a>...<\/a><\/li>\n\n\n\n<li><a href='?page_no=33635'>33635<\/a><\/li>\n\n\n\n<li><a href='?page_no=33636'>33636<\/a><\/li>\n\n\n\n<li class='active'><a>33637<\/a><\/li>\n\n\n\n<li><a href='?page_no=33638'>33638<\/a><\/li>\n\n\n\n<li><a href='?page_no=33639'>33639<\/a><\/li>\n\n\n\n<li><a>...<\/a><\/li>\n\n\n\n<li><a href='?page_no=36999'>36999<\/a><\/li>\n\n\n\n<li><a href='?page_no=37000'>37000<\/a><\/li>\n\n    \n\t\n\n<li >\n\t<a href='?page_no=33638'>Next<\/a>\n\t<\/li>\n\n\n    \n\n<li><a href='?page_no=37000'>Last &rsaquo;&rsaquo;<\/a><\/li>\n\n<\/ul>\n\n\n--><br \/>\n<\/body><\/p>\n","protected":false},"excerpt":{"rendered":"<p>Rodr\u00edguez Pimentel lamenta muerte del director del IAD &#13; SANTO DOMINGO.- El Director Ejecutivo del Instituto Nacional de Recursos Hidr\u00e1ulicos (INDRHI), H\u00e9ctor Rodr\u00edguez Pimentel, lament\u00f3 la muerte del titular del Instituto Agrario Dominicano (IAD), Quilvio Cabrera MENA, acaecida este domingo en un accidente de tr\u00e1nsito.&#13; \u00a0&#13; \u201cCon la muerte de Quilvio el pa\u00eds y el [&hellip;]<\/p>\n","protected":false},"author":3,"featured_media":0,"comment_status":"open","ping_status":"open","sticky":false,"template":"","format":"standard","meta":{"footnotes":""},"categories":[22],"tags":[],"class_list":["post-190889","post","type-post","status-publish","format-standard","hentry","category-politica"],"_links":{"self":[{"href":"https:\/\/diariodominicano.com\/index.php?rest_route=\/wp\/v2\/posts\/190889","targetHints":{"allow":["GET"]}}],"collection":[{"href":"https:\/\/diariodominicano.com\/index.php?rest_route=\/wp\/v2\/posts"}],"about":[{"href":"https:\/\/diariodominicano.com\/index.php?rest_route=\/wp\/v2\/types\/post"}],"author":[{"embeddable":true,"href":"https:\/\/diariodominicano.com\/index.php?rest_route=\/wp\/v2\/users\/3"}],"replies":[{"embeddable":true,"href":"https:\/\/diariodominicano.com\/index.php?rest_route=%2Fwp%2Fv2%2Fcomments&post=190889"}],"version-history":[{"count":0,"href":"https:\/\/diariodominicano.com\/index.php?rest_route=\/wp\/v2\/posts\/190889\/revisions"}],"wp:attachment":[{"href":"https:\/\/diariodominicano.com\/index.php?rest_route=%2Fwp%2Fv2%2Fmedia&parent=190889"}],"wp:term":[{"taxonomy":"category","embeddable":true,"href":"https:\/\/diariodominicano.com\/index.php?rest_route=%2Fwp%2Fv2%2Fcategories&post=190889"},{"taxonomy":"post_tag","embeddable":true,"href":"https:\/\/diariodominicano.com\/index.php?rest_route=%2Fwp%2Fv2%2Ftags&post=190889"}],"curies":[{"name":"wp","href":"https:\/\/api.w.org\/{rel}","templated":true}]}}