{"id":190887,"date":"2008-04-14T19:20:55","date_gmt":"2008-04-14T19:20:55","guid":{"rendered":"http:\/\/diariodominicano.ddns.net\/?p=190887"},"modified":"2008-04-14T19:20:55","modified_gmt":"2008-04-14T19:20:55","slug":"candidato-del-pri-propone-al-rector-de-la-uasd-que-coordine-un-debate-entre-los-candidatos-presidenciales","status":"publish","type":"post","link":"https:\/\/diariodominicano.com\/?p=190887","title":{"rendered":"Candidato del PRI propone al rector de la UASD que coordine un debate entre los candidatos presidenciales"},"content":{"rendered":"<p><body><\/p>\n<p align=\"justify\" class=\"titulogrande1\"><strong>Candidato del PRI propone al rector de la UASD que coordine un debate  entre los candidatos presidenciales <\/strong><\/p>\n<p>&#13;<\/p>\n<p align=\"justify\" class=\"text1noticias\"><strong><img loading=\"lazy\" decoding=\"async\" src=\"http:\/\/localhost:8080\/img\/trajano artistas.jpg\" width=\"375\" height=\"567\" hspace=\"4\" align=\"left\" \/>SANTO  DOMINGO.-<\/strong> El candidato presidencial\u00a0 del  Partido Revolucionario Independiente (PRI), Trajano Santana, propuso el domingo  que el rector de la   Universidad Aut\u00f3noma de Santo Domingo (UASD), Franklyn Garc\u00eda  Ferm\u00edn, coordine un debate entre los candidatos presidenciales a las elecciones  del 16 de mayo.<\/p>\n<p>&#13;<\/p>\n<p align=\"justify\" class=\"text1noticias\">El  dirigente pol\u00edtico insisti\u00f3 en que debe haber un debate entre los siete  aspirante a ocupar la primera magistratura del Estado, para discutir y  presentarle a la poblaci\u00f3n dominicana las propuestas de cada candidato sobre la  forma de resolver los principales problemas que agobian al pa\u00eds en el plano  econ\u00f3mico, social, cultura, institucional y hasta pol\u00edtico.<\/p>\n<p>&#13;<\/p>\n<p align=\"justify\" class=\"text1noticias\">\u201cLos  dominicanos deben valorar las propuestas que les presentan los candidatos para  resolver los problemas de salud, educaci\u00f3n, el d\u00e9ficit en la producci\u00f3n de  alimentos, el alza de los precios de los art\u00edculos de necesidad y los  servicios, la crisis de energ\u00eda el\u00e9ctrica \u201c, insisti\u00f3, Santana tras criticar la  negativa del presidente Leonel Fern\u00e1ndez de debatir esos temas p\u00fablicamente.<\/p>\n<p>&#13;<\/p>\n<p align=\"justify\" class=\"text1noticias\">El  candidato presidencial del PRI habl\u00f3 en rueda de prensa e insisti\u00f3 en criticar  las ejecutorias del jefe del Gobierno y asegur\u00f3 que \u00e9ste es bondadoso con los  delincuentes y cruel con el pueblo dominicano porque, en los \u00faltimos cuatro  a\u00f1os, aument\u00f3 la insalubridad, el hambre, la delincuencia, el desempleo y la  inseguridad en las calles de todo el territorio nacional.<\/p>\n<p>&#13;<\/p>\n<p align=\"justify\" class=\"text1noticias\"> Santana  defini\u00f3 la administraci\u00f3n de Fern\u00e1ndez como \u201cel gobierno de la corrupci\u00f3n\u201d,  tras se\u00f1alar que durante la misma creci\u00f3 la corrupci\u00f3n administrativa y la  indolencia del gobernante y los funcionarios responsables de garantizar a los  dominicanos mejores condiciones de existencia.<\/p>\n<p>&#13;<\/p>\n<p align=\"justify\" class=\"text1noticias\">El  candidato presidencial del PRI reiter\u00f3 que m\u00e1s de un 30 por ciento del  presupuesto nacional es malversado por el mandatario y sus funcionarios de la administraci\u00f3n  p\u00fablica y asegur\u00f3 que la corrupci\u00f3n es un flagelo que combatir\u00eda de forma  en\u00e9rgica, y que el dinero que se recupere de manos de los corruptos lo  destinar\u00eda para enfrentar la pobreza.<\/p>\n<p>&#13;<\/p>\n<p align=\"justify\" class=\"text1noticias\">En  ese orden,\u00a0 se\u00f1al\u00f3 que de ganar las  elecciones destinar\u00eda los m\u00e1s de  RD$80,000 \u201cque se traga la administrativa del\u00a0  presupuesto nacional\u201d,\u00a0 para  combatir la miseria de los dominicanos, dando prioridad a la salud y la  educaci\u00f3n.<br \/>&#13;<br \/>\n  \u00a0<br \/>&#13;<br \/>\n  Trajano  Santana ratific\u00f3 que el presidente Leonel Fern\u00e1ndez tendr\u00e1 que devolver a los  dominicanos los caudales p\u00fablicos que de manera constantes\u00a0 el gobierno sustrae del Estado para  provecho\u00a0 particulares. <\/p>\n<p>&#13;<\/p>\n<p align=\"justify\" class=\"text1noticias\">El  dirigente pol\u00edtico, vaticin\u00f3 que las aspiraciones del jefe del Estado de  reelegirse para un nuevo per\u00edodo presidencial\u00a0  ser\u00e1 pulverizada con el voto de castigo que le dar\u00e1n la mayor\u00eda de\u00a0 los electores el pr\u00f3ximo 16 de mayo,  \u201cpor\u00a0 haber burlado la inteligencia de  los dominicanos, quienes conocen muy bien\u00a0  su responsabilidad directa en el despilfarro de los\u00a0 recursos del Estado.<br \/>&#13;<br \/>\n  \u00a0<br \/>&#13;<br \/>\n  Santana  asegur\u00f3 que los recursos p\u00fablicos son usados en el provecho\u00a0 personal del mandatario y su grupo de  \u201cgavilleros\u201d que\u00a0 ha cercenado el derecho  a la alimentaci\u00f3n, la salud, educaci\u00f3n, vivienda,\u00a0 recreaci\u00f3n y esparcimiento a la mayor\u00eda de la  poblaci\u00f3n.<br \/>&#13;<br \/>\n  \u00a0<br \/>&#13;<br \/>\n  Asimismo,  critic\u00f3 la baja inversi\u00f3n en los programas sociales, mientras el \u201cPresidente  reeleccionista Leonel Fern\u00e1ndez despilfarra una tercera parte del Presupuesto  Nacional en la corrupci\u00f3n administrativas\u201d.<br \/>&#13;<br \/>\n  \u00a0<br \/>&#13;<br \/>\n  El  dirigente pri\u00edsta insisti\u00f3 en denunciar\u00a0  los \u201cgastos exorbitantes\u201d en pago a dirigentes y simpatizantes del Partido  de la Liberaci\u00f3n   Dominicana (PLD), como un premio a su sumisi\u00f3n al jefe del  Estado, porque no prestan ning\u00fan servicio al Estado.<\/p>\n<p>&#13;<\/p>\n<h6> 2008-04-14 19:20:55 <\/h6>\n<p><!--\n<link rel=\"stylesheet\" href=\"css\/bootstrap.min.css\">\n\n\n<ul class=\"pagination\">\n\t    \n\t\n\n<li >\n\t<a href='?page_no=33634'>Previous<\/a>\n\t<\/li>\n\n\n       \n    \n\n<li><a href='?page_no=1'>1<\/a><\/li>\n\n\n\n<li><a href='?page_no=2'>2<\/a><\/li>\n\n\n\n<li><a>...<\/a><\/li>\n\n\n\n<li><a href='?page_no=33633'>33633<\/a><\/li>\n\n\n\n<li><a href='?page_no=33634'>33634<\/a><\/li>\n\n\n\n<li class='active'><a>33635<\/a><\/li>\n\n\n\n<li><a href='?page_no=33636'>33636<\/a><\/li>\n\n\n\n<li><a href='?page_no=33637'>33637<\/a><\/li>\n\n\n\n<li><a>...<\/a><\/li>\n\n\n\n<li><a href='?page_no=36999'>36999<\/a><\/li>\n\n\n\n<li><a href='?page_no=37000'>37000<\/a><\/li>\n\n    \n\t\n\n<li >\n\t<a href='?page_no=33636'>Next<\/a>\n\t<\/li>\n\n\n    \n\n<li><a href='?page_no=37000'>Last &rsaquo;&rsaquo;<\/a><\/li>\n\n<\/ul>\n\n\n--><br \/>\n<\/body><\/p>\n","protected":false},"excerpt":{"rendered":"<p>Candidato del PRI propone al rector de la UASD que coordine un debate entre los candidatos presidenciales &#13; SANTO DOMINGO.- El candidato presidencial\u00a0 del Partido Revolucionario Independiente (PRI), Trajano Santana, propuso el domingo que el rector de la Universidad Aut\u00f3noma de Santo Domingo (UASD), Franklyn Garc\u00eda Ferm\u00edn, coordine un debate entre los candidatos presidenciales a [&hellip;]<\/p>\n","protected":false},"author":3,"featured_media":0,"comment_status":"open","ping_status":"open","sticky":false,"template":"","format":"standard","meta":{"footnotes":""},"categories":[22],"tags":[],"class_list":["post-190887","post","type-post","status-publish","format-standard","hentry","category-politica"],"_links":{"self":[{"href":"https:\/\/diariodominicano.com\/index.php?rest_route=\/wp\/v2\/posts\/190887","targetHints":{"allow":["GET"]}}],"collection":[{"href":"https:\/\/diariodominicano.com\/index.php?rest_route=\/wp\/v2\/posts"}],"about":[{"href":"https:\/\/diariodominicano.com\/index.php?rest_route=\/wp\/v2\/types\/post"}],"author":[{"embeddable":true,"href":"https:\/\/diariodominicano.com\/index.php?rest_route=\/wp\/v2\/users\/3"}],"replies":[{"embeddable":true,"href":"https:\/\/diariodominicano.com\/index.php?rest_route=%2Fwp%2Fv2%2Fcomments&post=190887"}],"version-history":[{"count":0,"href":"https:\/\/diariodominicano.com\/index.php?rest_route=\/wp\/v2\/posts\/190887\/revisions"}],"wp:attachment":[{"href":"https:\/\/diariodominicano.com\/index.php?rest_route=%2Fwp%2Fv2%2Fmedia&parent=190887"}],"wp:term":[{"taxonomy":"category","embeddable":true,"href":"https:\/\/diariodominicano.com\/index.php?rest_route=%2Fwp%2Fv2%2Fcategories&post=190887"},{"taxonomy":"post_tag","embeddable":true,"href":"https:\/\/diariodominicano.com\/index.php?rest_route=%2Fwp%2Fv2%2Ftags&post=190887"}],"curies":[{"name":"wp","href":"https:\/\/api.w.org\/{rel}","templated":true}]}}