{"id":190886,"date":"2008-04-14T19:47:37","date_gmt":"2008-04-14T19:47:37","guid":{"rendered":"http:\/\/diariodominicano.ddns.net\/?p=190886"},"modified":"2008-04-14T19:47:37","modified_gmt":"2008-04-14T19:47:37","slug":"el-pld-rendira-honores-al-extinto-miembro-del-comite-central-y-profesional-de-la-agropecuaria-quilvio-cabrera","status":"publish","type":"post","link":"https:\/\/diariodominicano.com\/?p=190886","title":{"rendered":"El PLD rendir\u00e1 honores al extinto miembro del Comit\u00e9 Central y profesional de la agropecuaria Quilvio Cabrera"},"content":{"rendered":"<p><body><\/p>\n<p align=\"justify\" class=\"titulogrande1\"><strong>El PLD rendir\u00e1 honores al extinto miembro del Comit\u00e9 Central y  profesional de la agropecuaria Quilvio Cabrera<\/strong><\/p>\n<p>&#13;<\/p>\n<p align=\"justify\" class=\"text1noticias\"><strong>SANTO DOMINGO.-<\/strong> El  Partido de la   Liberaci\u00f3n Dominicana (PLD) rendir\u00e1 homenaje al miembro del  Comit\u00e9 Central, Quilvio Cabrera, quien falleciera la ma\u00f1ana del domingo en un  accidente de transito, inform\u00f3 este lunes el partido morado. <\/p>\n<p>&#13;<\/p>\n<p align=\"justify\" class=\"text1noticias\">El partido de  Gobierno manifest\u00f3 que su la Secretar\u00eda General invit\u00f3 a los miembros del  Comit\u00e9 Central, presidentes de Circunscripciones\u00a0 Electorales del Distrito Nacional y\u00a0 la Provincia de Santo Domingo y miembros del PLD a  rendir honor al fenecido profesional de la agropecuaria. <\/p>\n<p>&#13;<\/p>\n<p align=\"justify\" class=\"text1noticias\">En un despacho  de prensa la organizaci\u00f3n pol\u00edtica inform\u00f3 que los restos de Cabrera est\u00e1n  expuestos desde la media tarde del domingo 14 en la funeraria Blandino, en la  avenida Abraham Lincoln y  ser\u00e1n sepultados el martes al mediod\u00eda en el Cementerio Cristo Redentor. <\/p>\n<p>&#13;<\/p>\n<p align=\"justify\" class=\"text1noticias\">El documento del  PLD precis\u00f3 que en la funeraria se ha montado una guardia de honor permanente a  cargo de dirigentes del Partido de la Liberaci\u00f3n Dominicana  y personas del sector agropecuario. <\/p>\n<p>&#13;<\/p>\n<p align=\"justify\" class=\"text1noticias\">Agreg\u00f3 que el  cortejo f\u00fanebre partir\u00e1 a las diez de la ma\u00f1ana del martes para hacer una  parada en la   Universidad Aut\u00f3noma de Santo Domingo, en donde rendir\u00e1n los  honores como Profesor Meritorio al extinto profesional de la agropecuaria. <\/p>\n<p>&#13;<\/p>\n<p align=\"justify\" class=\"text1noticias\">Manifest\u00f3 la  nota informativa que de la UASD  el f\u00e9retro se trasladar\u00e1 a la   Casa Nacional del Partido de la Liberaci\u00f3n Dominicana,  en la Avenida   Independencia en el Sector de Gazcue. <\/p>\n<p>&#13;<\/p>\n<p align=\"justify\" class=\"text1noticias\">A\u00f1adi\u00f3 que para las  11:30 de la ma\u00f1ana el PLD ha fijado las honras f\u00fanebres al fenecido dirigente  Quilvio Cabrera.<\/p>\n<p>&#13;<\/p>\n<p align=\"justify\" class=\"text1noticias\">Explic\u00f3 el  documento que en la sede nacional del PLD se montar\u00e1 tambi\u00e9n una guardia de  honor a cargo de los miembros del Comit\u00e9 Pol\u00edtico, Comit\u00e9 Central y dirigentes  nacionales de la organizaci\u00f3n. <\/p>\n<p>&#13;<\/p>\n<p align=\"justify\" class=\"text1noticias\">Plante\u00f3 adem\u00e1s que de la Casa Nacional del  PLD el cortejo f\u00fanebre partir\u00e1 hacia la sede del Instituto Agrario Dominicano  en la Plaza de la Bandera, en donde se le  har\u00e1n los honores correspondientes. <\/p>\n<p>&#13;<\/p>\n<p align=\"justify\" class=\"text1noticias\">Puntualiz\u00f3 que una  comisi\u00f3n mixta del PLD, los familiares de Cabrera y el sector agropecuario  coordinan las acciones para los actos f\u00fanebres de Quilvio Cabrera, quien  falleci\u00f3 el domingo en un accidente de tr\u00e1nsito.\u00a0\u00a0 <\/p>\n<p>&#13;<\/p>\n<h6> 2008-04-14 19:47:37 <\/h6>\n<p><!--\n<link rel=\"stylesheet\" href=\"css\/bootstrap.min.css\">\n\n\n<ul class=\"pagination\">\n\t    \n\t\n\n<li >\n\t<a href='?page_no=33633'>Previous<\/a>\n\t<\/li>\n\n\n       \n    \n\n<li><a href='?page_no=1'>1<\/a><\/li>\n\n\n\n<li><a href='?page_no=2'>2<\/a><\/li>\n\n\n\n<li><a>...<\/a><\/li>\n\n\n\n<li><a href='?page_no=33632'>33632<\/a><\/li>\n\n\n\n<li><a href='?page_no=33633'>33633<\/a><\/li>\n\n\n\n<li class='active'><a>33634<\/a><\/li>\n\n\n\n<li><a href='?page_no=33635'>33635<\/a><\/li>\n\n\n\n<li><a href='?page_no=33636'>33636<\/a><\/li>\n\n\n\n<li><a>...<\/a><\/li>\n\n\n\n<li><a href='?page_no=36999'>36999<\/a><\/li>\n\n\n\n<li><a href='?page_no=37000'>37000<\/a><\/li>\n\n    \n\t\n\n<li >\n\t<a href='?page_no=33635'>Next<\/a>\n\t<\/li>\n\n\n    \n\n<li><a href='?page_no=37000'>Last &rsaquo;&rsaquo;<\/a><\/li>\n\n<\/ul>\n\n\n--><br \/>\n<\/body><\/p>\n","protected":false},"excerpt":{"rendered":"<p>El PLD rendir\u00e1 honores al extinto miembro del Comit\u00e9 Central y profesional de la agropecuaria Quilvio Cabrera &#13; SANTO DOMINGO.- El Partido de la Liberaci\u00f3n Dominicana (PLD) rendir\u00e1 homenaje al miembro del Comit\u00e9 Central, Quilvio Cabrera, quien falleciera la ma\u00f1ana del domingo en un accidente de transito, inform\u00f3 este lunes el partido morado. &#13; El [&hellip;]<\/p>\n","protected":false},"author":3,"featured_media":0,"comment_status":"open","ping_status":"open","sticky":false,"template":"","format":"standard","meta":{"footnotes":""},"categories":[22],"tags":[],"class_list":["post-190886","post","type-post","status-publish","format-standard","hentry","category-politica"],"_links":{"self":[{"href":"https:\/\/diariodominicano.com\/index.php?rest_route=\/wp\/v2\/posts\/190886","targetHints":{"allow":["GET"]}}],"collection":[{"href":"https:\/\/diariodominicano.com\/index.php?rest_route=\/wp\/v2\/posts"}],"about":[{"href":"https:\/\/diariodominicano.com\/index.php?rest_route=\/wp\/v2\/types\/post"}],"author":[{"embeddable":true,"href":"https:\/\/diariodominicano.com\/index.php?rest_route=\/wp\/v2\/users\/3"}],"replies":[{"embeddable":true,"href":"https:\/\/diariodominicano.com\/index.php?rest_route=%2Fwp%2Fv2%2Fcomments&post=190886"}],"version-history":[{"count":0,"href":"https:\/\/diariodominicano.com\/index.php?rest_route=\/wp\/v2\/posts\/190886\/revisions"}],"wp:attachment":[{"href":"https:\/\/diariodominicano.com\/index.php?rest_route=%2Fwp%2Fv2%2Fmedia&parent=190886"}],"wp:term":[{"taxonomy":"category","embeddable":true,"href":"https:\/\/diariodominicano.com\/index.php?rest_route=%2Fwp%2Fv2%2Fcategories&post=190886"},{"taxonomy":"post_tag","embeddable":true,"href":"https:\/\/diariodominicano.com\/index.php?rest_route=%2Fwp%2Fv2%2Ftags&post=190886"}],"curies":[{"name":"wp","href":"https:\/\/api.w.org\/{rel}","templated":true}]}}