{"id":190884,"date":"2008-04-14T20:36:39","date_gmt":"2008-04-14T20:36:39","guid":{"rendered":"http:\/\/diariodominicano.ddns.net\/?p=190884"},"modified":"2008-04-14T20:36:39","modified_gmt":"2008-04-14T20:36:39","slug":"el-doctor-puello-dice-que-el-presidente-fernandez-se-comporta-como-un-ignorante","status":"publish","type":"post","link":"https:\/\/diariodominicano.com\/?p=190884","title":{"rendered":"El doctor Puello dice que el Presidente Fern\u00e1ndez se comporta como un ignorante"},"content":{"rendered":"<p><body><\/p>\n<p class=\"titulogrande1\"><strong>El doctor Puello dice que el Presidente Fern\u00e1ndez se comporta como un  ignorante <\/strong><\/p>\n<p>&#13;<\/p>\n<p align=\"justify\" class=\"text1noticias\"><strong><img loading=\"lazy\" decoding=\"async\" src=\"http:\/\/localhost:8080\/img\/prd marcha.jpg\" width=\"375\" height=\"506\" hspace=\"4\" align=\"left\" \/>Santo Domingo.-<\/strong> El doctor Jos\u00e9  Joaqu\u00edn Puello, candidato vicepresidencial del Partido Revolucionario  Dominicano, declar\u00f3 que el Presidente Leonel Fern\u00e1ndez prioriza las inversiones  p\u00fablicas como lo har\u00eda un ignorante respecto a los avances tecnol\u00f3gicos y los  retos que plantea el devenir hist\u00f3rico a los dominicanos. <\/p>\n<p>&#13;<\/p>\n<p align=\"justify\" class=\"text1noticias\">Al exponer en  Barahona ante decenas de m\u00e9dicos y otros profesionales despu\u00e9s de concluir una  caravana multitudinaria, el reconocido m\u00e9dico\u00a0neurocirujano calific\u00f3 como una barbaridad que se est\u00e9 hablando de otras  l\u00edneas del metro en un pa\u00eds que ocupa los \u00faltimos lugares en materia de  inversi\u00f3n en educaci\u00f3n y salud.<\/p>\n<p>&#13;<\/p>\n<p align=\"justify\" class=\"text1noticias\">Para el doctor  Puello es extra\u00f1o que Rep\u00fablica Dominicana dedique presupuestos de miseria para  la salud y otras \u00e1reas como la formaci\u00f3n\u00a0\u00a0tecnol\u00f3gica y la educaci\u00f3n en general y a la vez derroche grandes sumas  de dinero en nominillas, propaganda pol\u00edtica y otras acciones intrascendentes.<\/p>\n<p>&#13;<\/p>\n<p align=\"justify\" class=\"text1noticias\">En opini\u00f3n del  doctor Puello, todo parece indicar que el Presidente Leonel Fern\u00e1ndez no ha  le\u00eddo y que sus asesores tampoco le han informado sobre la microelectr\u00f3nica o  la gen\u00f3mica, desde donde saldr\u00e1n en dos o tres a\u00f1os descubrimientos  tecnol\u00f3gicos que transformar\u00e1n la vida en el mundo.<\/p>\n<p>&#13;<\/p>\n<p align=\"justify\" class=\"text1noticias\">El aspirante a la Vicepresidencia  por el PRD dijo que mientras hoy en d\u00eda en 24 horas se produce piel humana y es  posible curar la diabetes de una vez por todas uno de cada tres ni\u00f1os  dominicanos deserta de las escuelas y uno de cada cinco profesores abandona las  aulas antes de los cinco a\u00f1os por las precarias condiciones en que labora.<\/p>\n<p>&#13;<\/p>\n<p align=\"justify\" class=\"text1noticias\">Seg\u00fan el doctor  Puello, el pa\u00eds registra un 33 por ciento de desnutrici\u00f3n y un 66 por ciento en  el Suroeste, adem\u00e1s de que no ha sido posible variar la cantidad de madres y  ni\u00f1os que mueren al momento del parto.<\/p>\n<p>&#13;<\/p>\n<p align=\"justify\" class=\"text1noticias\">De acuerdo con el  doctor Puello, por el bajo presupuesto dedicado a la salud, el Presidente  parece que desconoce del efecto de la carencia de neuronas que se produce en  los gl\u00f3bulos temporales por falta de una adecuada alimentaci\u00f3n en los primeros  24 meses de vida del ni\u00f1o.<\/p>\n<p>&#13;<\/p>\n<h6> 2008-04-14 20:36:39 <\/h6>\n<p><!--\n<link rel=\"stylesheet\" href=\"css\/bootstrap.min.css\">\n\n\n<ul class=\"pagination\">\n\t    \n\t\n\n<li >\n\t<a href='?page_no=33631'>Previous<\/a>\n\t<\/li>\n\n\n       \n    \n\n<li><a href='?page_no=1'>1<\/a><\/li>\n\n\n\n<li><a href='?page_no=2'>2<\/a><\/li>\n\n\n\n<li><a>...<\/a><\/li>\n\n\n\n<li><a href='?page_no=33630'>33630<\/a><\/li>\n\n\n\n<li><a href='?page_no=33631'>33631<\/a><\/li>\n\n\n\n<li class='active'><a>33632<\/a><\/li>\n\n\n\n<li><a href='?page_no=33633'>33633<\/a><\/li>\n\n\n\n<li><a href='?page_no=33634'>33634<\/a><\/li>\n\n\n\n<li><a>...<\/a><\/li>\n\n\n\n<li><a href='?page_no=36999'>36999<\/a><\/li>\n\n\n\n<li><a href='?page_no=37000'>37000<\/a><\/li>\n\n    \n\t\n\n<li >\n\t<a href='?page_no=33633'>Next<\/a>\n\t<\/li>\n\n\n    \n\n<li><a href='?page_no=37000'>Last &rsaquo;&rsaquo;<\/a><\/li>\n\n<\/ul>\n\n\n--><br \/>\n<\/body><\/p>\n","protected":false},"excerpt":{"rendered":"<p>El doctor Puello dice que el Presidente Fern\u00e1ndez se comporta como un ignorante &#13; Santo Domingo.- El doctor Jos\u00e9 Joaqu\u00edn Puello, candidato vicepresidencial del Partido Revolucionario Dominicano, declar\u00f3 que el Presidente Leonel Fern\u00e1ndez prioriza las inversiones p\u00fablicas como lo har\u00eda un ignorante respecto a los avances tecnol\u00f3gicos y los retos que plantea el devenir hist\u00f3rico [&hellip;]<\/p>\n","protected":false},"author":3,"featured_media":0,"comment_status":"open","ping_status":"open","sticky":false,"template":"","format":"standard","meta":{"footnotes":""},"categories":[22],"tags":[],"class_list":["post-190884","post","type-post","status-publish","format-standard","hentry","category-politica"],"_links":{"self":[{"href":"https:\/\/diariodominicano.com\/index.php?rest_route=\/wp\/v2\/posts\/190884","targetHints":{"allow":["GET"]}}],"collection":[{"href":"https:\/\/diariodominicano.com\/index.php?rest_route=\/wp\/v2\/posts"}],"about":[{"href":"https:\/\/diariodominicano.com\/index.php?rest_route=\/wp\/v2\/types\/post"}],"author":[{"embeddable":true,"href":"https:\/\/diariodominicano.com\/index.php?rest_route=\/wp\/v2\/users\/3"}],"replies":[{"embeddable":true,"href":"https:\/\/diariodominicano.com\/index.php?rest_route=%2Fwp%2Fv2%2Fcomments&post=190884"}],"version-history":[{"count":0,"href":"https:\/\/diariodominicano.com\/index.php?rest_route=\/wp\/v2\/posts\/190884\/revisions"}],"wp:attachment":[{"href":"https:\/\/diariodominicano.com\/index.php?rest_route=%2Fwp%2Fv2%2Fmedia&parent=190884"}],"wp:term":[{"taxonomy":"category","embeddable":true,"href":"https:\/\/diariodominicano.com\/index.php?rest_route=%2Fwp%2Fv2%2Fcategories&post=190884"},{"taxonomy":"post_tag","embeddable":true,"href":"https:\/\/diariodominicano.com\/index.php?rest_route=%2Fwp%2Fv2%2Ftags&post=190884"}],"curies":[{"name":"wp","href":"https:\/\/api.w.org\/{rel}","templated":true}]}}