{"id":190883,"date":"2008-04-14T23:45:43","date_gmt":"2008-04-14T23:45:43","guid":{"rendered":"http:\/\/diariodominicano.ddns.net\/?p=190883"},"modified":"2008-04-14T23:45:43","modified_gmt":"2008-04-14T23:45:43","slug":"presidente-del-pqdc-refuta-a-quique-antun","status":"publish","type":"post","link":"https:\/\/diariodominicano.com\/?p=190883","title":{"rendered":"Presidente del PQDC refuta a Quique Ant\u00fan"},"content":{"rendered":"<p><body><\/p>\n<p align=\"center\" class=\"titulogrande1\"><strong>Presidente del PQDC refuta a Quique Ant\u00fan <\/strong><\/p>\n<p>&#13;<\/p>\n<p align=\"justify\" class=\"text1noticias\"><strong>Santo Domingo.-<\/strong> El Presidente del Partido  Quisqueyano Dem\u00f3crata Cristiano (PQDC), Licenciado Elias Wessin Ch\u00e1vez acus\u00f3 al  Presidente del PRSC Ing. Federico Ant\u00fan Batlle \u201cde ser el principal causante  del descalabro de su partido, porque lo ha manejado como una empresa mercantil  y no como una instituci\u00f3n pol\u00edtica.\u201d<\/p>\n<p>&#13;<\/p>\n<p align=\"justify\" class=\"text1noticias\">El\u00edas Wessin Ch\u00e1vez sostuvo  que:\u201cQuique Ant\u00fan no tiene calidad pol\u00edtica ni \u00e9tica para enfrentar al Presidente  Dr. Leonel Fern\u00e1ndez Reyna vali\u00e9ndose de la mentira, la distorsi\u00f3n y la  temeridad en un momento en que ante sus propias narices, se desmorona el PRSC,  que en tiempos de Balaguer fue una gran maquinaria electoral.<\/p>\n<p>&#13;<\/p>\n<p align=\"justify\" class=\"text1noticias\">Recordemos el triste episodio de elecciones  anteriores en las que el flamante Quique negoci\u00f3 como buen disc\u00edpulo del dios  romano Janus: \u201ccon una cara para un lado y la otra cara con CARTA y TODO para  otro lado.\u201d\u00a0\u00a0\u00a0\u00a0 <\/p>\n<p>&#13;<\/p>\n<p align=\"justify\" class=\"text1noticias\">\u201cLo que ha pasado es que a Quique  Ant\u00fan lo afecta el \u201cs\u00edndrome de Sans\u00f3n\u201d, apost\u00f3 a la derrota de Amable Aristy,  a quien le hace una labor de zapa; con la ilusi\u00f3n de quedarse como el sucesor  autom\u00e1tico de un liderazgo nacional, as\u00ed como de la candidatura presidencial  del PRSC en el futuro; pero el tiro le sali\u00f3 por la culata, porque el PRSC  apenas alcanza un 5% de las preferencias electorales, cay\u00e9ndole arriba y  diluy\u00e9ndose todo el montaje estructural de lo que otrora fue un partido  mayoritario.\u201d\u00a0 <\/p>\n<p>&#13;<\/p>\n<p align=\"justify\" class=\"text1noticias\">Finalmente el Presidente del PQDC  acot\u00f3: \u201cRealmente lo que ha evidenciado es su incapacidad para conducir el  legado hist\u00f3rico de Joaqu\u00edn Balaguer, porque la pol\u00edtica no se puede manejar  como un comercio.\u201d<\/p>\n<p>&#13;<\/p>\n<h6> 2008-04-14 23:45:43 <\/h6>\n<p><!--\n<link rel=\"stylesheet\" href=\"css\/bootstrap.min.css\">\n\n\n<ul class=\"pagination\">\n\t    \n\t\n\n<li >\n\t<a href='?page_no=33630'>Previous<\/a>\n\t<\/li>\n\n\n       \n    \n\n<li><a href='?page_no=1'>1<\/a><\/li>\n\n\n\n<li><a href='?page_no=2'>2<\/a><\/li>\n\n\n\n<li><a>...<\/a><\/li>\n\n\n\n<li><a href='?page_no=33629'>33629<\/a><\/li>\n\n\n\n<li><a href='?page_no=33630'>33630<\/a><\/li>\n\n\n\n<li class='active'><a>33631<\/a><\/li>\n\n\n\n<li><a href='?page_no=33632'>33632<\/a><\/li>\n\n\n\n<li><a href='?page_no=33633'>33633<\/a><\/li>\n\n\n\n<li><a>...<\/a><\/li>\n\n\n\n<li><a href='?page_no=36999'>36999<\/a><\/li>\n\n\n\n<li><a href='?page_no=37000'>37000<\/a><\/li>\n\n    \n\t\n\n<li >\n\t<a href='?page_no=33632'>Next<\/a>\n\t<\/li>\n\n\n    \n\n<li><a href='?page_no=37000'>Last &rsaquo;&rsaquo;<\/a><\/li>\n\n<\/ul>\n\n\n--><br \/>\n<\/body><\/p>\n","protected":false},"excerpt":{"rendered":"<p>Presidente del PQDC refuta a Quique Ant\u00fan &#13; Santo Domingo.- El Presidente del Partido Quisqueyano Dem\u00f3crata Cristiano (PQDC), Licenciado Elias Wessin Ch\u00e1vez acus\u00f3 al Presidente del PRSC Ing. Federico Ant\u00fan Batlle \u201cde ser el principal causante del descalabro de su partido, porque lo ha manejado como una empresa mercantil y no como una instituci\u00f3n pol\u00edtica.\u201d [&hellip;]<\/p>\n","protected":false},"author":3,"featured_media":0,"comment_status":"open","ping_status":"open","sticky":false,"template":"","format":"standard","meta":{"footnotes":""},"categories":[22],"tags":[],"class_list":["post-190883","post","type-post","status-publish","format-standard","hentry","category-politica"],"_links":{"self":[{"href":"https:\/\/diariodominicano.com\/index.php?rest_route=\/wp\/v2\/posts\/190883","targetHints":{"allow":["GET"]}}],"collection":[{"href":"https:\/\/diariodominicano.com\/index.php?rest_route=\/wp\/v2\/posts"}],"about":[{"href":"https:\/\/diariodominicano.com\/index.php?rest_route=\/wp\/v2\/types\/post"}],"author":[{"embeddable":true,"href":"https:\/\/diariodominicano.com\/index.php?rest_route=\/wp\/v2\/users\/3"}],"replies":[{"embeddable":true,"href":"https:\/\/diariodominicano.com\/index.php?rest_route=%2Fwp%2Fv2%2Fcomments&post=190883"}],"version-history":[{"count":0,"href":"https:\/\/diariodominicano.com\/index.php?rest_route=\/wp\/v2\/posts\/190883\/revisions"}],"wp:attachment":[{"href":"https:\/\/diariodominicano.com\/index.php?rest_route=%2Fwp%2Fv2%2Fmedia&parent=190883"}],"wp:term":[{"taxonomy":"category","embeddable":true,"href":"https:\/\/diariodominicano.com\/index.php?rest_route=%2Fwp%2Fv2%2Fcategories&post=190883"},{"taxonomy":"post_tag","embeddable":true,"href":"https:\/\/diariodominicano.com\/index.php?rest_route=%2Fwp%2Fv2%2Ftags&post=190883"}],"curies":[{"name":"wp","href":"https:\/\/api.w.org\/{rel}","templated":true}]}}