{"id":190882,"date":"2008-04-14T23:52:36","date_gmt":"2008-04-14T23:52:36","guid":{"rendered":"http:\/\/diariodominicano.ddns.net\/?p=190882"},"modified":"2008-04-14T23:52:36","modified_gmt":"2008-04-14T23:52:36","slug":"sued-asegura-habra-una-segunda-vuelta","status":"publish","type":"post","link":"https:\/\/diariodominicano.com\/?p=190882","title":{"rendered":"Sued asegura habr\u00e1 una segunda vuelta"},"content":{"rendered":"<p><body><\/p>\n<div align=\"justify\"><span class=\"titulogrande1\">Sued asegura habr\u00e1 segunda vuelta<\/span><br \/>&#13;<br \/>\n  <br \/>&#13;<br \/>\n  <span class=\"text1noticias\"><strong><img loading=\"lazy\" decoding=\"async\" src=\"http:\/\/localhost:8080\/img\/mano a mano.jpg\" width=\"375\" height=\"270\" hspace=\"4\" align=\"left\" \/>SANTIAGO.-<\/strong> A pesar de todas las encuestas publicadas en los \u00faltimos d\u00edas por el  oficialismo y que favorecen con un alto porcentaje al candidato de la reelecci\u00f3n  doctor Leonel Fern\u00e1ndez, el aspirante vicepresidencial Jos\u00e9 Enrique Sued Sem  aseguro que una segunda vuelta en los comicios del 16 de mayo \u00abes  inevitable\u00bb.<br \/>&#13;<br \/>\n\u00a0<br \/>&#13;<br \/>\n\u00abNadie va a impedir, por mas recursos y poder que tenga, que haya una  segunda ronda de votaci\u00f3n en las elecciones venideras\u00bb, declaro Sued Sem  entrevistado por los periodistas de distintos medios en momentos en que se dispon\u00eda  a encabezar \u00abun mano a mano\u00bb en el populoso sector de El Ejido esta  tarde.<br \/>&#13;<br \/>\n\u00a0<br \/>&#13;<br \/>\nAl ser cuestionado del porque de la seguridad de sus palabras, sobre los  resultados electorales del 16 de mayo, dijo que los contactos que realiza a  nivel de toda la regi\u00f3n y otros puntos del pa\u00eds le permiten hacer el vaticinio  al tiempo de indicar que la candidatura de Fern\u00e1ndez continua en declive  \u00abcon todo y que las encuestas lo suben\u00bb.<br \/>&#13;<br \/>\n\u00a0<br \/>&#13;<br \/>\n\u00abTodo el mundo sabe que esas encuestas est\u00e1n s\u00faper-maquilladas\u00bb, manifest\u00f3  el aspirante vicepresidencial por el Partido Reformista Social Cristiano (PRSC)  en sus declaraciones para la prensa radial, escrita y televisada que lo abordo  tan pronto llego a El Ejido para participar de la actividad de campa\u00f1a.<br \/>&#13;<br \/>\n\u00a0<br \/>&#13;<br \/>\nSued Sem recibi\u00f3 en ese sector de la zona Norte de Santiago verdaderas  demostraciones de adhesi\u00f3n a su candidatura no solo de la militancia de su  partido sino de otros\u00a0moradores que lo esperaban desde tempranas horas de  la tarde. Apenas pod\u00eda caminar con facilidad de tanta gente que le asediaba.<br \/>&#13;<br \/>\n\u00a0<br \/>&#13;<br \/>\nEl aspirante a la segunda posici\u00f3n del pa\u00eds ha estado recorriendo los barrios  locales en una apretada campa\u00f1a electoral que tambi\u00e9n lo ha llevado por las  principales provincias del Cibao Central, incluyendo Samana, Maria Trinidad S\u00e1nchez,  Duarte, Hermanas Mirabal, Puerto Plata, San Fernando de Montecristi, La Vega, Espaillat y Monse\u00f1or  Nouel, aparte de Dajabon, Santiago Rodr\u00edguez y Valverde.<br \/>&#13;<br \/>\n<br \/>&#13;<br \/>\n\u00abHe camino todas esas comunidades, un hablado con los moradores, he visto  el gran disgusto que hay hacia el gobierno del presidente Leonel Fern\u00e1ndez, por  lo que puedo vaticinar que una segunda vuelta no la depinta nadie\u00bb,  sostuvo el acompa\u00f1ante de Don Amable Aristy Castro en la boleta colorada.<br \/>&#13;<br \/>\n\u00a0<br \/>&#13;<br \/>\nSued Sem destaco que, durante estos recorridos, ha comprobado el entusiasmo de  la poblaci\u00f3n hacia la propuesta electoral de la que forma parte y de la integraci\u00f3n  de los reformistas aut\u00e9nticos que quieren otra vez que el partido vuelva a ser  poder a la campa\u00f1a.<br \/>&#13;<br \/>\n\u00a0<br \/>&#13;<br \/>\nSe mostro confiado en que el PRSC podr\u00e1 hacer el \u00abpapel airoso\u00bb que  nosotros esperamos haga para las elecciones. \u00abHa habido una integraci\u00f3n  real y efectiva de la militancia nuestra en procura de fortalecer la organizaci\u00f3n  de cara a los comicios de mayo\u00bb, reitero el dirigente y candidato  reformista.<br \/>&#13;<br \/>\n\u00a0<br \/>&#13;<br \/>\nAl ser cuestionado por los periodistas sino consideraba parad\u00f3jico que mientras  la poblaci\u00f3n se queja amargamente del gobierno de Leonel Fern\u00e1ndez, por la situaci\u00f3n  de descalabro del pa\u00eds, la mayor\u00eda de las encuestas que se publican dan un alto  porcentaje al candidato de la reelecci\u00f3n, Sued Sem en tono lac\u00f3nico comento:  \u00abTodo el mundo sabe que esas encuestas est\u00e1n s\u00faper-maquilladas\u00bb.<br \/>&#13;<br \/>\n\u00a0<br \/>&#13;<br \/>\nInquirido por los reporteros de que si entonces consideraba posible\u00a0que habr\u00eda  una segunda vuelta electoral el 16 de mayo, dijo que no hab\u00eda posibilidad  \u00absino que hay seguridad\u00bb indicando que el doctor Fern\u00e1ndez no pasara  la prueba en el primer examen. Sin embargo, Sued no adelanto el papel que  jugara el PRSC dentro de ese contexto alegando que eso lo decidir\u00e1n las  circunstancias.<br \/>&#13;<br \/>\n\u00a0<br \/>&#13;<br \/>\nEl \u00abmano a mano\u00bb de este lunes en el El Ejido se inicio en la calle 6  y se desplazo por v\u00edas adyacentes hasta terminar entrada la noche sin  inconvenientes. Decenas de moradores salieron de sus hogares para testimoniar  el respaldo a la formula Sued y\u00a0 Aristy Castro. Ni\u00f1os, j\u00f3venes y adultos  caminaron junto al candidato vicepresidencial en esta actividad.<br \/>&#13;<br \/>\n<\/span><\/div>\n<p>&#13;<\/p>\n<h6> 2008-04-14 23:52:36 <\/h6>\n<p><!--\n<link rel=\"stylesheet\" href=\"css\/bootstrap.min.css\">\n\n\n<ul class=\"pagination\">\n\t    \n\t\n\n<li >\n\t<a href='?page_no=33629'>Previous<\/a>\n\t<\/li>\n\n\n       \n    \n\n<li><a href='?page_no=1'>1<\/a><\/li>\n\n\n\n<li><a href='?page_no=2'>2<\/a><\/li>\n\n\n\n<li><a>...<\/a><\/li>\n\n\n\n<li><a href='?page_no=33628'>33628<\/a><\/li>\n\n\n\n<li><a href='?page_no=33629'>33629<\/a><\/li>\n\n\n\n<li class='active'><a>33630<\/a><\/li>\n\n\n\n<li><a href='?page_no=33631'>33631<\/a><\/li>\n\n\n\n<li><a href='?page_no=33632'>33632<\/a><\/li>\n\n\n\n<li><a>...<\/a><\/li>\n\n\n\n<li><a href='?page_no=36999'>36999<\/a><\/li>\n\n\n\n<li><a href='?page_no=37000'>37000<\/a><\/li>\n\n    \n\t\n\n<li >\n\t<a href='?page_no=33631'>Next<\/a>\n\t<\/li>\n\n\n    \n\n<li><a href='?page_no=37000'>Last &rsaquo;&rsaquo;<\/a><\/li>\n\n<\/ul>\n\n\n--><br \/>\n<\/body><\/p>\n","protected":false},"excerpt":{"rendered":"<p>Sued asegura habr\u00e1 segunda vuelta&#13; &#13; SANTIAGO.- A pesar de todas las encuestas publicadas en los \u00faltimos d\u00edas por el oficialismo y que favorecen con un alto porcentaje al candidato de la reelecci\u00f3n doctor Leonel Fern\u00e1ndez, el aspirante vicepresidencial Jos\u00e9 Enrique Sued Sem aseguro que una segunda vuelta en los comicios del 16 de mayo [&hellip;]<\/p>\n","protected":false},"author":3,"featured_media":0,"comment_status":"open","ping_status":"open","sticky":false,"template":"","format":"standard","meta":{"footnotes":""},"categories":[22],"tags":[],"class_list":["post-190882","post","type-post","status-publish","format-standard","hentry","category-politica"],"_links":{"self":[{"href":"https:\/\/diariodominicano.com\/index.php?rest_route=\/wp\/v2\/posts\/190882","targetHints":{"allow":["GET"]}}],"collection":[{"href":"https:\/\/diariodominicano.com\/index.php?rest_route=\/wp\/v2\/posts"}],"about":[{"href":"https:\/\/diariodominicano.com\/index.php?rest_route=\/wp\/v2\/types\/post"}],"author":[{"embeddable":true,"href":"https:\/\/diariodominicano.com\/index.php?rest_route=\/wp\/v2\/users\/3"}],"replies":[{"embeddable":true,"href":"https:\/\/diariodominicano.com\/index.php?rest_route=%2Fwp%2Fv2%2Fcomments&post=190882"}],"version-history":[{"count":0,"href":"https:\/\/diariodominicano.com\/index.php?rest_route=\/wp\/v2\/posts\/190882\/revisions"}],"wp:attachment":[{"href":"https:\/\/diariodominicano.com\/index.php?rest_route=%2Fwp%2Fv2%2Fmedia&parent=190882"}],"wp:term":[{"taxonomy":"category","embeddable":true,"href":"https:\/\/diariodominicano.com\/index.php?rest_route=%2Fwp%2Fv2%2Fcategories&post=190882"},{"taxonomy":"post_tag","embeddable":true,"href":"https:\/\/diariodominicano.com\/index.php?rest_route=%2Fwp%2Fv2%2Ftags&post=190882"}],"curies":[{"name":"wp","href":"https:\/\/api.w.org\/{rel}","templated":true}]}}