{"id":190881,"date":"2008-04-15T00:34:57","date_gmt":"2008-04-15T00:34:57","guid":{"rendered":"http:\/\/diariodominicano.ddns.net\/?p=190881"},"modified":"2008-04-15T00:34:57","modified_gmt":"2008-04-15T00:34:57","slug":"bachelet-dice-que-adhiere-firmemente-a-la-politica-de-una-sola-china","status":"publish","type":"post","link":"https:\/\/diariodominicano.com\/?p=190881","title":{"rendered":"Bachelet dice que adhiere \u00abfirmemente a la pol\u00edtica de una sola China\u00bb"},"content":{"rendered":"<p><body><\/p>\n<p class=\"titulogrande1\">Bachelet dice que adhiere \u00abfirmemente a la pol\u00edtica de una sola China\u00bb <\/p>\n<p>&#13;<\/p>\n<p align=\"justify\" class=\"text1noticias\"><img loading=\"lazy\" decoding=\"async\" src=\"http:\/\/localhost:8080\/img\/bachelet.jpg\" width=\"375\" height=\"270\" hspace=\"4\" align=\"left\" \/>En un comunicado conjunto con la canciller\u00eda del pa\u00eds oriental, el gobierno   reafirm\u00f3 expl\u00edcitamente que respeta la soberan\u00eda e integridad territorial de la   Rep\u00fablica Popular China y que\u00a0reconoce que Taiwan y T\u00edbet forman parte de ese   pa\u00eds. <\/p>\n<p>&#13;<\/p>\n<p align=\"justify\" class=\"text1noticias\">En declaraci\u00f3n conjunta con el Presidente chino <strong>Hu Jintao<\/strong>,   la Presidenta <strong>Michelle Bachelet<\/strong> ray\u00f3 la cancha respecto a la   postura de su gobierno en torno a la situaci\u00f3n que afecta al Tibet. Esto en   medio de las cr\u00edticas oficialistas por la postura -un tanto d\u00e9bil seg\u00fan se\u00f1alan-   que adopt\u00f3 el Ejecutivo.<br \/>&#13;<br \/>\n  <br \/>&#13;<br \/>\n\u00abLa Presidenta Bachelet reiter\u00f3 que Chile se adhiere   firmemente a la pol\u00edtica de una sola China, respeta la soberan\u00eda e integridad   territorial de la Rep\u00fablica Popular China, reconoce que Taiwan y T\u00edbet forman   parte de China. La Parte china expres\u00f3 su aprecio a esta posici\u00f3n chilena\u00bb, dice   la declaraci\u00f3n conjunta emitida por la canciller\u00eda chilena.<br \/>&#13;<br \/>\n<br \/>&#13;<br \/>\nDe paso la   Mandataria \u00abexpres\u00f3 su deseo de pleno \u00e9xito de los pr\u00f3ximos Juegos Ol\u00edmpicos   Beijing 2008 y de la ExpoShanghai 2010, y de contar con la participaci\u00f3n de la   Parte china durante el a\u00f1o 2010, A\u00f1o del Bicentenario de la Independencia de   Chile, por lo que la Parte china manifest\u00f3 su gratitud\u00bb.<br \/>&#13;<br \/>\n<br \/>&#13;<br \/>\nEl comunicado agrega   que \u00abambos Jefes de Estado constataron con satisfacci\u00f3n el gran dinamismo que   han alcanzado las relaciones econ\u00f3mico-comerciales bilaterales tras la firma y   exitosa marcha del TLC entre China y Chile, que ha transformado a China en el   principal destino de las exportaciones chilenas y apreciaron altamente la   suscripci\u00f3n de un Acuerdo Suplementario sobre Comercio de Servicios del   TLC\u00bb.<br \/>&#13;<br \/>\n<br \/>&#13;<br \/>\nLa jefa de Estado tambi\u00e9n se reuni\u00f3 respectivamente con el Presidente   del Comit\u00e9 Permanente de la Asamblea Popular Nacional Wu Bangguo y el Primer   Ministro Wen Jiabao. \u00abLos dirigentes de ambos pa\u00edses realizaron, en un ambiente   de cordialidad y amistad, un profundo intercambio de opiniones acerca de las   relaciones bilaterales y los temas internacionales y regionales de inter\u00e9s   com\u00fan, llegando a un amplio consenso\u00bb, acota la declaraci\u00f3n.<\/p>\n<p>&#13;<\/p>\n<p class=\"text1noticias\"><strong>Fuente: La Tercera de Chile<\/strong><\/p>\n<p>&#13;<\/p>\n<h6> 2008-04-15 00:34:57 <\/h6>\n<p><!--\n<link rel=\"stylesheet\" href=\"css\/bootstrap.min.css\">\n\n\n<ul class=\"pagination\">\n\t    \n\t\n\n<li >\n\t<a href='?page_no=33628'>Previous<\/a>\n\t<\/li>\n\n\n       \n    \n\n<li><a href='?page_no=1'>1<\/a><\/li>\n\n\n\n<li><a href='?page_no=2'>2<\/a><\/li>\n\n\n\n<li><a>...<\/a><\/li>\n\n\n\n<li><a href='?page_no=33627'>33627<\/a><\/li>\n\n\n\n<li><a href='?page_no=33628'>33628<\/a><\/li>\n\n\n\n<li class='active'><a>33629<\/a><\/li>\n\n\n\n<li><a href='?page_no=33630'>33630<\/a><\/li>\n\n\n\n<li><a href='?page_no=33631'>33631<\/a><\/li>\n\n\n\n<li><a>...<\/a><\/li>\n\n\n\n<li><a href='?page_no=36999'>36999<\/a><\/li>\n\n\n\n<li><a href='?page_no=37000'>37000<\/a><\/li>\n\n    \n\t\n\n<li >\n\t<a href='?page_no=33630'>Next<\/a>\n\t<\/li>\n\n\n    \n\n<li><a href='?page_no=37000'>Last &rsaquo;&rsaquo;<\/a><\/li>\n\n<\/ul>\n\n\n--><br \/>\n<\/body><\/p>\n","protected":false},"excerpt":{"rendered":"<p>Bachelet dice que adhiere \u00abfirmemente a la pol\u00edtica de una sola China\u00bb &#13; En un comunicado conjunto con la canciller\u00eda del pa\u00eds oriental, el gobierno reafirm\u00f3 expl\u00edcitamente que respeta la soberan\u00eda e integridad territorial de la Rep\u00fablica Popular China y que\u00a0reconoce que Taiwan y T\u00edbet forman parte de ese pa\u00eds. &#13; En declaraci\u00f3n conjunta con [&hellip;]<\/p>\n","protected":false},"author":3,"featured_media":0,"comment_status":"open","ping_status":"open","sticky":false,"template":"","format":"standard","meta":{"footnotes":""},"categories":[22],"tags":[],"class_list":["post-190881","post","type-post","status-publish","format-standard","hentry","category-politica"],"_links":{"self":[{"href":"https:\/\/diariodominicano.com\/index.php?rest_route=\/wp\/v2\/posts\/190881","targetHints":{"allow":["GET"]}}],"collection":[{"href":"https:\/\/diariodominicano.com\/index.php?rest_route=\/wp\/v2\/posts"}],"about":[{"href":"https:\/\/diariodominicano.com\/index.php?rest_route=\/wp\/v2\/types\/post"}],"author":[{"embeddable":true,"href":"https:\/\/diariodominicano.com\/index.php?rest_route=\/wp\/v2\/users\/3"}],"replies":[{"embeddable":true,"href":"https:\/\/diariodominicano.com\/index.php?rest_route=%2Fwp%2Fv2%2Fcomments&post=190881"}],"version-history":[{"count":0,"href":"https:\/\/diariodominicano.com\/index.php?rest_route=\/wp\/v2\/posts\/190881\/revisions"}],"wp:attachment":[{"href":"https:\/\/diariodominicano.com\/index.php?rest_route=%2Fwp%2Fv2%2Fmedia&parent=190881"}],"wp:term":[{"taxonomy":"category","embeddable":true,"href":"https:\/\/diariodominicano.com\/index.php?rest_route=%2Fwp%2Fv2%2Fcategories&post=190881"},{"taxonomy":"post_tag","embeddable":true,"href":"https:\/\/diariodominicano.com\/index.php?rest_route=%2Fwp%2Fv2%2Ftags&post=190881"}],"curies":[{"name":"wp","href":"https:\/\/api.w.org\/{rel}","templated":true}]}}