{"id":190880,"date":"2008-04-15T16:15:56","date_gmt":"2008-04-15T16:15:56","guid":{"rendered":"http:\/\/diariodominicano.ddns.net\/?p=190880"},"modified":"2008-04-15T16:15:56","modified_gmt":"2008-04-15T16:15:56","slug":"leonel-promete-en-un-proximo-gobierno-mejoraria-las-condiciones-de-trabajo-de-los-medicos-y-todo-el-personal-del-area-de-salud","status":"publish","type":"post","link":"https:\/\/diariodominicano.com\/?p=190880","title":{"rendered":"Leonel promete en un pr\u00f3ximo gobierno mejorar\u00eda las condiciones de trabajo de los m\u00e9dicos y todo el personal del \u00e1rea de salud"},"content":{"rendered":"<p><body><\/p>\n<p align=\"justify\" class=\"titulogrande1\"><strong>Leonel  promete en un pr\u00f3ximo gobierno mejorar\u00eda las condiciones de trabajo de los  m\u00e9dicos y todo el personal del \u00e1rea de salud<\/strong><\/p>\n<p>&#13;<\/p>\n<p align=\"justify\" class=\"text1noticias\"><strong><img loading=\"lazy\" decoding=\"async\" src=\"http:\/\/localhost:8080\/img\/leonel medicos.jpg\" width=\"375\" height=\"516\" hspace=\"4\" align=\"left\" \/>SANTO  DOMINGO<\/strong>.- El presidente y candidato a la reelecci\u00f3n del Partido de la Liberaci\u00f3n Dominicana  (PLD), Leonel Fern\u00e1ndez afirm\u00f3 este lunes que en su pr\u00f3ximo gobierno mejorar\u00e1  las condiciones de trabajo de los m\u00e9dicos y de todo el personal del sector  salud.<\/p>\n<p>&#13;<\/p>\n<p align=\"justify\" class=\"text1noticias\">Fern\u00e1ndez hizo la afirmaci\u00f3n  al recibir el apoyo de miles de m\u00e9dicos, enfermeras, bioanalistas, odont\u00f3logos,  psic\u00f3logos y trabajadores del sector salud a trav\u00e9s del Movimiento Integrador  del Sector Salud (Misesa) que coordina Bautista Rojas G\u00f3mez.<\/p>\n<p>&#13;<\/p>\n<p align=\"justify\" class=\"text1noticias\">El tambi\u00e9n actual mandatario de  la naci\u00f3n manifest\u00f3 que en su pr\u00f3ximo gobierno los profesionales de la salud tendr\u00e1n  un nuevo contrato de trabajo, el cual implicar\u00e1 que los m\u00e9dicos no tendr\u00e1n que  laborar en distintos centros de salud, sino que se concentrar\u00e1n en un solo  centro con mejores condiciones laborares y salariales.<\/p>\n<p>&#13;<\/p>\n<p align=\"justify\" class=\"text1noticias\">Subray\u00f3 que con esto se evitar\u00e1  que los profesionales de la salud tengan que seguir pasando la angustia y la  ansiedad de no tener los recursos para satisfacer sus necesidades  fundamentales, \u201csino que estar\u00e1n dedicados a un trabajo en un s\u00f3lo  establecimiento, y por tanto poder desplegar sus conocimientos y sus experiencias  a favor de los necesitados de la salud en nuestro pa\u00eds\u201d.<\/p>\n<p>&#13;<\/p>\n<p align=\"justify\" class=\"text1noticias\">Refiri\u00f3 que la principal falla  que ha tenido el sistema de salud dominicano desde su fundaci\u00f3n ha estado en la  concepci\u00f3n de que la salud p\u00fablica debe responder al tratamiento hospitalario y  de atender al paciente cuando est\u00e1 enfermo.<\/p>\n<p>&#13;<\/p>\n<p align=\"justify\" class=\"text1noticias\">Sin embargo, Fern\u00e1ndez dijo  que lo correcto no es que se atienda al paciente cuando ya est\u00e1 enfermo, sino  prevenir las enfermedades y garantizar una poblaci\u00f3n sana de manera permanente.<\/p>\n<p>&#13;<\/p>\n<p align=\"justify\" class=\"text1noticias\">En ese sentido, dijo que el  gobierno est\u00e1 creando las bases para pasar del modelo hospitalario que el pa\u00eds  ha tenido siempre, a un modelo de prevenci\u00f3n, donde se combina el sector de  Salud P\u00fablica con el Instituto Dominicano de Seguros Sociales, en una red \u00fanica  de servicios de salud, eliminando la diferencia entre uno y otros, y creando  \u201cuna red \u00fanica de servicios de salud para todos los integrantes de esta  colectividad que se llama Rep\u00fablica Dominicana\u201d.<\/p>\n<p>&#13;<\/p>\n<p align=\"justify\" class=\"text1noticias\">El candidato presidencial  pelede\u00edsta afirm\u00f3 que esa red \u00fanica de salud mejorar\u00e1 la cobertura y la calidad  de los servicios que se ofrecen en los centros asistenciales, as\u00ed como la  confianza de la poblaci\u00f3n en ese sector.<\/p>\n<p>&#13;<\/p>\n<p align=\"justify\" class=\"text1noticias\">Igualmente, \u00a0el presidente Fern\u00e1ndez cit\u00f3 como parte de los  logros alcanzados el sector salud en el cuatrienio 2004-2008, el aumento del  presupuesto, el cual pas\u00f3 de nueve mil  millones de pesos en el 2004,   a 29 mil millones de pesos en el 2008.<\/p>\n<p>&#13;<\/p>\n<p align=\"justify\" class=\"text1noticias\">Dijo que \u201cesto no significa  que est\u00e1 satisfecho con la inversi\u00f3n realizada en Salud y que tampoco se han  superado las metas y los objetivos deseados, pero si que estamos en el camino  correcto y que es el \u00fanico camino que conduce a la soluci\u00f3n de los problemas de  salud en el pa\u00eds\u201d.<\/p>\n<p>&#13;<\/p>\n<p align=\"justify\" class=\"text1noticias\">Se\u00f1al\u00f3 que otro de los logros  de la presente administraci\u00f3n ha sido reducir la tasa de la mortalidad infantil  de 35 por cada 100 mil nacidos a 28 por cada 100 mil nacidos, para una disminuci\u00f3n  de un siete por ciento en solo cuatro a\u00f1os, y afirm\u00f3 que la meta es acortarla a  un cuatro por ciento como sucede en pa\u00eds como Cuba.<\/p>\n<p>&#13;<\/p>\n<p align=\"justify\" class=\"text1noticias\">Indic\u00f3 que tambi\u00e9n la  mortalidad materna se ha reducido de 130 por cada 100 mil nacido a 100 nacido  vivos en la presente gesti\u00f3n de gobierno.<\/p>\n<p>&#13;<\/p>\n<p align=\"justify\" class=\"text1noticias\">Fern\u00e1ndez cit\u00f3 entre otros de  los logros del sector salud, \u00a0haber hecho  desaparecer de los principales titulares de los peri\u00f3dicos la falta de  medicamento de los hospitales, as\u00ed como la instalaci\u00f3n de m\u00e1s de 430 farmacias  del pueblo en todo el pa\u00eds.<\/p>\n<p>&#13;<\/p>\n<p align=\"justify\" class=\"text1noticias\">En el acto, realizado en el  coliseo Teo Cruz, \u00a0tambi\u00e9n habl\u00f3 el ex  presidente del Colegio M\u00e9dico Dominicano, Enriquillo Matos, quien afirm\u00f3 que en  la gesti\u00f3n\u00a0 del presidente Leonel  Fern\u00e1ndez los m\u00e9dicos han obtenido alrededor de un 45 por ciento de aumento  salarial, \u201calgo sumamente superior al 20 por ciento que hab\u00eda prometido el propio  presidente Fern\u00e1ndez\u201d.<\/p>\n<p>&#13;<\/p>\n<p align=\"justify\" class=\"text1noticias\">Matos indic\u00f3 que tambi\u00e9n Fern\u00e1ndez  ha sido el \u00fanico Presidente que ha concedido un aumento de salario a los  m\u00e9dicos por antig\u00fcedad y que \u201ctodo eso se logr\u00f3 sin hacer huelgas\u201d.<br \/>&#13;<br \/>\n  \u00a0<br \/>&#13;<br \/>\n  Un despacho de prensa indic\u00f3  que durante el acto las palabras de bienvenida estuvieron a cargo de la promotora  de salud, Magda Dominic, mientras, Lu\u00eds Cantisano, expres\u00f3 las palabras de  agradecimiento.<\/p>\n<p>&#13;<\/p>\n<p align=\"justify\" class=\"text1noticias\">El documento detall\u00f3 que el  presidente Fern\u00e1ndez estuvo acompa\u00f1ado del vicepresidente de la Rep\u00fablica, Rafael  Alburquerque; del secretario de Salud, Bautista Rojas G\u00f3mez, del director del  IDSS, Sabino B\u00e1ez, del consultor Jur\u00eddico del Poder Ejecutivo, C\u00e9sar Pina  Toribio, de Altagracia Guzm\u00e1n Marcelino y\u00a0  de Luis Ren\u00e9 Cana\u00e1n.<\/p>\n<p>&#13;<\/p>\n<p align=\"justify\" class=\"text1noticias\">Agreg\u00f3 que en el acto participaron  adem\u00e1s destacadas figuradas de la medicina dominicana como los doctores Salom\u00f3n  Jorge, Luis Rivera, Radolfo Rodr\u00edguez, Amadita Gonz\u00e1lez, y los ex secretarios  de Salud H\u00e9ctor P\u00e9rez Ariza, Miguel Angel Stephan y Octavio Ceballos.<\/p>\n<p>&#13;<\/p>\n<h6> 2008-04-15 16:15:56 <\/h6>\n<p><!--\n<link rel=\"stylesheet\" href=\"css\/bootstrap.min.css\">\n\n\n<ul class=\"pagination\">\n\t    \n\t\n\n<li >\n\t<a href='?page_no=33627'>Previous<\/a>\n\t<\/li>\n\n\n       \n    \n\n<li><a href='?page_no=1'>1<\/a><\/li>\n\n\n\n<li><a href='?page_no=2'>2<\/a><\/li>\n\n\n\n<li><a>...<\/a><\/li>\n\n\n\n<li><a href='?page_no=33626'>33626<\/a><\/li>\n\n\n\n<li><a href='?page_no=33627'>33627<\/a><\/li>\n\n\n\n<li class='active'><a>33628<\/a><\/li>\n\n\n\n<li><a href='?page_no=33629'>33629<\/a><\/li>\n\n\n\n<li><a href='?page_no=33630'>33630<\/a><\/li>\n\n\n\n<li><a>...<\/a><\/li>\n\n\n\n<li><a href='?page_no=36999'>36999<\/a><\/li>\n\n\n\n<li><a href='?page_no=37000'>37000<\/a><\/li>\n\n    \n\t\n\n<li >\n\t<a href='?page_no=33629'>Next<\/a>\n\t<\/li>\n\n\n    \n\n<li><a href='?page_no=37000'>Last &rsaquo;&rsaquo;<\/a><\/li>\n\n<\/ul>\n\n\n--><br \/>\n<\/body><\/p>\n","protected":false},"excerpt":{"rendered":"<p>Leonel promete en un pr\u00f3ximo gobierno mejorar\u00eda las condiciones de trabajo de los m\u00e9dicos y todo el personal del \u00e1rea de salud &#13; SANTO DOMINGO.- El presidente y candidato a la reelecci\u00f3n del Partido de la Liberaci\u00f3n Dominicana (PLD), Leonel Fern\u00e1ndez afirm\u00f3 este lunes que en su pr\u00f3ximo gobierno mejorar\u00e1 las condiciones de trabajo de [&hellip;]<\/p>\n","protected":false},"author":3,"featured_media":0,"comment_status":"open","ping_status":"open","sticky":false,"template":"","format":"standard","meta":{"footnotes":""},"categories":[22],"tags":[],"class_list":["post-190880","post","type-post","status-publish","format-standard","hentry","category-politica"],"_links":{"self":[{"href":"https:\/\/diariodominicano.com\/index.php?rest_route=\/wp\/v2\/posts\/190880","targetHints":{"allow":["GET"]}}],"collection":[{"href":"https:\/\/diariodominicano.com\/index.php?rest_route=\/wp\/v2\/posts"}],"about":[{"href":"https:\/\/diariodominicano.com\/index.php?rest_route=\/wp\/v2\/types\/post"}],"author":[{"embeddable":true,"href":"https:\/\/diariodominicano.com\/index.php?rest_route=\/wp\/v2\/users\/3"}],"replies":[{"embeddable":true,"href":"https:\/\/diariodominicano.com\/index.php?rest_route=%2Fwp%2Fv2%2Fcomments&post=190880"}],"version-history":[{"count":0,"href":"https:\/\/diariodominicano.com\/index.php?rest_route=\/wp\/v2\/posts\/190880\/revisions"}],"wp:attachment":[{"href":"https:\/\/diariodominicano.com\/index.php?rest_route=%2Fwp%2Fv2%2Fmedia&parent=190880"}],"wp:term":[{"taxonomy":"category","embeddable":true,"href":"https:\/\/diariodominicano.com\/index.php?rest_route=%2Fwp%2Fv2%2Fcategories&post=190880"},{"taxonomy":"post_tag","embeddable":true,"href":"https:\/\/diariodominicano.com\/index.php?rest_route=%2Fwp%2Fv2%2Ftags&post=190880"}],"curies":[{"name":"wp","href":"https:\/\/api.w.org\/{rel}","templated":true}]}}