{"id":190877,"date":"2008-04-15T17:58:20","date_gmt":"2008-04-15T17:58:20","guid":{"rendered":"http:\/\/diariodominicano.ddns.net\/?p=190877"},"modified":"2008-04-15T17:58:20","modified_gmt":"2008-04-15T17:58:20","slug":"reformistas-sumados-al-progreso-realiza-operativo-odontologico-en-santo-domingo-norte","status":"publish","type":"post","link":"https:\/\/diariodominicano.com\/?p=190877","title":{"rendered":"Reformistas Sumados al Progreso realiza operativo odontol\u00f3gico en Santo Domingo Norte"},"content":{"rendered":"<p><body><\/p>\n<p align=\"justify\" class=\"titulogrande1\"><strong>Reformistas Sumados al  Progreso realiza operativo odontol\u00f3gico en Santo Domingo Norte<\/strong><\/p>\n<p>&#13;<\/p>\n<p align=\"justify\" class=\"text1noticias\"><strong><img loading=\"lazy\" decoding=\"async\" src=\"http:\/\/localhost:8080\/img\/prsc operativo.jpg\" width=\"375\" height=\"572\" hspace=\"4\" align=\"left\" \/>Santo Domingo, Rep\u00fablica Dominicana.-<\/strong> Cientos de personas  fueron beneficiadas con un operativo odontol\u00f3gico realizado en el municipio  Santo Domingo Norte por el Proyecto Reformistas Sumados al Progreso que  promueve la candidatura de Leonel Fern\u00e1ndez y preside el senador F\u00e9lix V\u00e1squez.<\/p>\n<p>&#13;<\/p>\n<p align=\"justify\" class=\"text1noticias\">La jornada de salud bucal que incluy\u00f3 los servicios de  pr\u00f3tesis, cirug\u00eda y profilaxis se llev\u00f3 a cabo en la cancha de la Urbanizaci\u00f3n Santa  Cruz.<\/p>\n<p>&#13;<\/p>\n<p align=\"justify\" class=\"text1noticias\">El coordinador del Proyecto Reformistas Sumados al  Progreso, Belarminio Ram\u00edrez Morillo, manifest\u00f3 que a partir de ese momento  dejaban iniciado un plan de trabajo que incluye acci\u00f3n social y encuentros con  dirigentes en 42 barrios de ese populoso municipio, trabajos que a su parecer  garantizan el triunfo del Presidente Leonel Fern\u00e1ndez con m\u00e1s del 60% de los  votos en la primera vuelta.<\/p>\n<p>&#13;<\/p>\n<p align=\"justify\" class=\"text1noticias\">El profesor universitario expres\u00f3 que este tipo de acci\u00f3n  social es muy importante, debido a que hace que la campa\u00f1a sea m\u00e1s humana,  sensible y beneficiosa para la poblaci\u00f3n.<\/p>\n<p>&#13;<\/p>\n<p align=\"justify\" class=\"text1noticias\">El abogado y pol\u00edtico dijo que Leonel Fern\u00e1ndez es el  relevo pol\u00edtico de Joaqu\u00edn Balaguer, y por eso los reformistas y balagueristas  en su inmensa mayor\u00eda tanto en Santo Domingo Norte como en todo el pa\u00eds est\u00e1n  integrados a su campa\u00f1a electoral.<\/p>\n<p>&#13;<\/p>\n<h6> 2008-04-15 17:58:20 <\/h6>\n<p><!--\n<link rel=\"stylesheet\" href=\"css\/bootstrap.min.css\">\n\n\n<ul class=\"pagination\">\n\t    \n\t\n\n<li >\n\t<a href='?page_no=33624'>Previous<\/a>\n\t<\/li>\n\n\n       \n    \n\n<li><a href='?page_no=1'>1<\/a><\/li>\n\n\n\n<li><a href='?page_no=2'>2<\/a><\/li>\n\n\n\n<li><a>...<\/a><\/li>\n\n\n\n<li><a href='?page_no=33623'>33623<\/a><\/li>\n\n\n\n<li><a href='?page_no=33624'>33624<\/a><\/li>\n\n\n\n<li class='active'><a>33625<\/a><\/li>\n\n\n\n<li><a href='?page_no=33626'>33626<\/a><\/li>\n\n\n\n<li><a href='?page_no=33627'>33627<\/a><\/li>\n\n\n\n<li><a>...<\/a><\/li>\n\n\n\n<li><a href='?page_no=36999'>36999<\/a><\/li>\n\n\n\n<li><a href='?page_no=37000'>37000<\/a><\/li>\n\n    \n\t\n\n<li >\n\t<a href='?page_no=33626'>Next<\/a>\n\t<\/li>\n\n\n    \n\n<li><a href='?page_no=37000'>Last &rsaquo;&rsaquo;<\/a><\/li>\n\n<\/ul>\n\n\n--><br \/>\n<\/body><\/p>\n","protected":false},"excerpt":{"rendered":"<p>Reformistas Sumados al Progreso realiza operativo odontol\u00f3gico en Santo Domingo Norte &#13; Santo Domingo, Rep\u00fablica Dominicana.- Cientos de personas fueron beneficiadas con un operativo odontol\u00f3gico realizado en el municipio Santo Domingo Norte por el Proyecto Reformistas Sumados al Progreso que promueve la candidatura de Leonel Fern\u00e1ndez y preside el senador F\u00e9lix V\u00e1squez. &#13; La jornada [&hellip;]<\/p>\n","protected":false},"author":3,"featured_media":0,"comment_status":"open","ping_status":"open","sticky":false,"template":"","format":"standard","meta":{"footnotes":""},"categories":[22],"tags":[],"class_list":["post-190877","post","type-post","status-publish","format-standard","hentry","category-politica"],"_links":{"self":[{"href":"https:\/\/diariodominicano.com\/index.php?rest_route=\/wp\/v2\/posts\/190877","targetHints":{"allow":["GET"]}}],"collection":[{"href":"https:\/\/diariodominicano.com\/index.php?rest_route=\/wp\/v2\/posts"}],"about":[{"href":"https:\/\/diariodominicano.com\/index.php?rest_route=\/wp\/v2\/types\/post"}],"author":[{"embeddable":true,"href":"https:\/\/diariodominicano.com\/index.php?rest_route=\/wp\/v2\/users\/3"}],"replies":[{"embeddable":true,"href":"https:\/\/diariodominicano.com\/index.php?rest_route=%2Fwp%2Fv2%2Fcomments&post=190877"}],"version-history":[{"count":0,"href":"https:\/\/diariodominicano.com\/index.php?rest_route=\/wp\/v2\/posts\/190877\/revisions"}],"wp:attachment":[{"href":"https:\/\/diariodominicano.com\/index.php?rest_route=%2Fwp%2Fv2%2Fmedia&parent=190877"}],"wp:term":[{"taxonomy":"category","embeddable":true,"href":"https:\/\/diariodominicano.com\/index.php?rest_route=%2Fwp%2Fv2%2Fcategories&post=190877"},{"taxonomy":"post_tag","embeddable":true,"href":"https:\/\/diariodominicano.com\/index.php?rest_route=%2Fwp%2Fv2%2Ftags&post=190877"}],"curies":[{"name":"wp","href":"https:\/\/api.w.org\/{rel}","templated":true}]}}