{"id":190876,"date":"2008-04-15T19:01:09","date_gmt":"2008-04-15T19:01:09","guid":{"rendered":"http:\/\/diariodominicano.ddns.net\/?p=190876"},"modified":"2008-04-15T19:01:09","modified_gmt":"2008-04-15T19:01:09","slug":"intelectuales-y-artistas-respaldan-propuesta-politica-de-guillermo-moreno","status":"publish","type":"post","link":"https:\/\/diariodominicano.com\/?p=190876","title":{"rendered":"Intelectuales y artistas respaldan propuesta pol\u00edtica de Guillermo Moreno"},"content":{"rendered":"<p><body><\/p>\n<p align=\"center\" class=\"titulogrande1\"><strong>Intelectuales  y artistas respaldan propuesta pol\u00edtica de Guillermo Moreno<\/strong><\/p>\n<p>&#13;<\/p>\n<p align=\"justify\" class=\"text1noticias\"><strong>Andr\u00e9s L. Mateo y  C\u00e9sar P\u00e9rez ser\u00e1n los voceros en un encuentro con la prensa este mi\u00e9rcoles en  el Hotel Lina<\/strong><\/p>\n<p>&#13;<\/p>\n<p align=\"justify\" class=\"text1noticias\"><strong><img loading=\"lazy\" decoding=\"async\" src=\"http:\/\/localhost:8080\/img\/guillermo.jpg\" width=\"375\" height=\"192\" hspace=\"4\" align=\"left\" \/>Santo Domingo.-<\/strong> Un amplio grupo de intelectuales, escritores y artistas  de diversas \u00e1reas\u00a0 dar\u00e1n a conocer, este  mi\u00e9rcoles en el Hotel Lina a las 10:00 de la ma\u00f1ana, un documento de apoyo a la  propuesta pol\u00edtica del Dr. Guillermo Moreno, candidato presidencial del  Movimiento Independencia, Unidad y Cambio, y Mar\u00eda Teresa Cabrera, candidata  vicepresidencial.<\/p>\n<p>&#13;<\/p>\n<p align=\"justify\" class=\"text1noticias\">Los  voceros de la actividad ser\u00e1n el Dr. Andr\u00e9s L. Mateo, notable poeta, novelista  y ensayista y quien fuera director de la Biblioteca Nacional  en el anterior per\u00edodo gubernamental, y el Dr. C\u00e9sar P\u00e9rez, reconocido experto  en asuntos urbanos e investigador del Centro Tecnol\u00f3gico de Santo Domingo  (INTEC).<\/p>\n<p>&#13;<\/p>\n<p align=\"justify\" class=\"text1noticias\">En  la actividad, a la que han sido invitado los medios de comunicaci\u00f3n, se espera  la lectura de un manifiesto de apoyo de los m\u00e1s reconocidos intelectuales y  artistas del pa\u00eds al voto positivo, al voto de la esperanza, al voto por la  educaci\u00f3n, la salud y la garant\u00eda de los servicios b\u00e1sicos para todos y todas. <\/p>\n<p>&#13;<\/p>\n<p align=\"justify\" class=\"text1noticias\">Se  trata de un significativo respaldo de este importante sector de la sociedad a  la propuesta electoral del MIUCA, que es sostenida adem\u00e1s por un amplio  espectro de organizaciones pol\u00edticas, sociales, locales, artistas,  profesionales y ciudadanos-as independientes.<\/p>\n<p>&#13;<\/p>\n<p align=\"justify\" class=\"text1noticias\">Los  intelectuales y artistas tambi\u00e9n dar\u00e1n a conocer una serie de acciones para  hacer crecer la propuesta electoral del voto positivo que encabeza el Dr.  Guillermo Moreno y la Lic. Mar\u00eda  Teresa Cabrera.<\/p>\n<p>&#13;<\/p>\n<p align=\"justify\" class=\"text1noticias\">El  Dr. C\u00e9sar P\u00e9rez, al dar a conocer la actividad, afirm\u00f3 que en la coyuntura  electoral actual la propuesta del voto positivo es la \u00fanica que representa la  posibilidad de avanzar y fortalecer el sistema democr\u00e1tico y explic\u00f3 que los  partidos tradicionales han vaciado de contenido sus proyectos y los han sumido  en el clientelismo.<\/p>\n<p>&#13;<\/p>\n<p align=\"justify\" class=\"text1noticias\">P\u00e9rez  hizo un llamado a los sectores progresistas a fortalecer la propuesta del voto  positivo de cara a la construcci\u00f3n de un proyecto pol\u00edtico social que recupere  el verdadero sentido de la pol\u00edtica y realice los cambios econ\u00f3micos, sociales  y culturales demandados por la sociedad desde hace d\u00e9cadas.<\/p>\n<p>&#13;<\/p>\n<h6> 2008-04-15 19:01:09 <\/h6>\n<p><!--\n<link rel=\"stylesheet\" href=\"css\/bootstrap.min.css\">\n\n\n<ul class=\"pagination\">\n\t    \n\t\n\n<li >\n\t<a href='?page_no=33623'>Previous<\/a>\n\t<\/li>\n\n\n       \n    \n\n<li><a href='?page_no=1'>1<\/a><\/li>\n\n\n\n<li><a href='?page_no=2'>2<\/a><\/li>\n\n\n\n<li><a>...<\/a><\/li>\n\n\n\n<li><a href='?page_no=33622'>33622<\/a><\/li>\n\n\n\n<li><a href='?page_no=33623'>33623<\/a><\/li>\n\n\n\n<li class='active'><a>33624<\/a><\/li>\n\n\n\n<li><a href='?page_no=33625'>33625<\/a><\/li>\n\n\n\n<li><a href='?page_no=33626'>33626<\/a><\/li>\n\n\n\n<li><a>...<\/a><\/li>\n\n\n\n<li><a href='?page_no=36999'>36999<\/a><\/li>\n\n\n\n<li><a href='?page_no=37000'>37000<\/a><\/li>\n\n    \n\t\n\n<li >\n\t<a href='?page_no=33625'>Next<\/a>\n\t<\/li>\n\n\n    \n\n<li><a href='?page_no=37000'>Last &rsaquo;&rsaquo;<\/a><\/li>\n\n<\/ul>\n\n\n--><br \/>\n<\/body><\/p>\n","protected":false},"excerpt":{"rendered":"<p>Intelectuales y artistas respaldan propuesta pol\u00edtica de Guillermo Moreno &#13; Andr\u00e9s L. Mateo y C\u00e9sar P\u00e9rez ser\u00e1n los voceros en un encuentro con la prensa este mi\u00e9rcoles en el Hotel Lina &#13; Santo Domingo.- Un amplio grupo de intelectuales, escritores y artistas de diversas \u00e1reas\u00a0 dar\u00e1n a conocer, este mi\u00e9rcoles en el Hotel Lina a [&hellip;]<\/p>\n","protected":false},"author":3,"featured_media":0,"comment_status":"open","ping_status":"open","sticky":false,"template":"","format":"standard","meta":{"footnotes":""},"categories":[22],"tags":[],"class_list":["post-190876","post","type-post","status-publish","format-standard","hentry","category-politica"],"_links":{"self":[{"href":"https:\/\/diariodominicano.com\/index.php?rest_route=\/wp\/v2\/posts\/190876","targetHints":{"allow":["GET"]}}],"collection":[{"href":"https:\/\/diariodominicano.com\/index.php?rest_route=\/wp\/v2\/posts"}],"about":[{"href":"https:\/\/diariodominicano.com\/index.php?rest_route=\/wp\/v2\/types\/post"}],"author":[{"embeddable":true,"href":"https:\/\/diariodominicano.com\/index.php?rest_route=\/wp\/v2\/users\/3"}],"replies":[{"embeddable":true,"href":"https:\/\/diariodominicano.com\/index.php?rest_route=%2Fwp%2Fv2%2Fcomments&post=190876"}],"version-history":[{"count":0,"href":"https:\/\/diariodominicano.com\/index.php?rest_route=\/wp\/v2\/posts\/190876\/revisions"}],"wp:attachment":[{"href":"https:\/\/diariodominicano.com\/index.php?rest_route=%2Fwp%2Fv2%2Fmedia&parent=190876"}],"wp:term":[{"taxonomy":"category","embeddable":true,"href":"https:\/\/diariodominicano.com\/index.php?rest_route=%2Fwp%2Fv2%2Fcategories&post=190876"},{"taxonomy":"post_tag","embeddable":true,"href":"https:\/\/diariodominicano.com\/index.php?rest_route=%2Fwp%2Fv2%2Ftags&post=190876"}],"curies":[{"name":"wp","href":"https:\/\/api.w.org\/{rel}","templated":true}]}}