{"id":190875,"date":"2008-04-15T19:36:31","date_gmt":"2008-04-15T19:36:31","guid":{"rendered":"http:\/\/diariodominicano.ddns.net\/?p=190875"},"modified":"2008-04-15T19:36:31","modified_gmt":"2008-04-15T19:36:31","slug":"70-vota-contra-la-reeleccion-en-el-cursa","status":"publish","type":"post","link":"https:\/\/diariodominicano.com\/?p=190875","title":{"rendered":"70% vota contra la reelecci\u00f3n en el Cursa"},"content":{"rendered":"<p><body><\/p>\n<h2 class=\"titulogrande1\">70% vota contra la reelecci\u00f3n en el Cursa<\/h2>\n<p>&#13;<\/p>\n<p align=\"justify\" class=\"text1noticias\"><strong>Santo Domingo.-<\/strong> Las votaciones del  pasado s\u00e1bado 12 en el CURSA reflejaron un rechazo a la reelecci\u00f3n del actual  director se\u00f1or Radham\u00e9s Garc\u00eda por parte del profesorado elector. Seg\u00fan los  datos preeliminares de la comisi\u00f3n electoral cuando aun faltan por contar 17  votos observado.<br \/>&#13;<br \/>\n  <br \/>&#13;<br \/>\n  De acuerdo con los  resultados provisionales expresado en el primer bolet\u00edn s\u00f3lo el 30.3 % de los  profesores y estudiantes con derecho al voto (57) lo hicieron por Radham\u00e9s  Garc\u00eda, mientras 131, igual al 69.6%, lo hizo por una opci\u00f3n de cambio, es  decir <strong>Humberto Peralta, Juan Fern\u00e1ndez o Maria de los \u00c1ngeles Romano.<\/strong><br \/>&#13;<br \/>\n  <br \/>&#13;<br \/>\n  Est\u00e1 claro que  partiendo de la tasa de rechazo a la reelecci\u00f3n del actual director que  promedia un 66%, seg\u00fan lo reflejado en todas las encuestas realizadas en el  pasado proceso y confirmado con\u00a0 el  rechazo de los votos en la urna de un 69.6 %, Radham\u00e9s Garc\u00eda no tiene ninguna  posibilidad l\u00f3gica de pasar en la segunda vuelta seg\u00fan el esp\u00edritu de cambio  que refleja el comportamiento del 70 % de los votantes.<br \/>&#13;<br \/>\n  <br \/>&#13;<br \/>\nDe acuerdo a esos mismo  resultados del pasado 12 de abril, Humberto Peralta o Juan Fern\u00e1ndez (uno de  los dos ser\u00e1 el candidato) representan junto al nicho de voto que se inclin\u00f3  por la maestra Maria de los \u00c1ngeles Romano un <strong>70 % <\/strong>y por imperio del  sentido com\u00fan el voto del cambio con una proyecci\u00f3n a subir, mientras que  Radham\u00e9s Garc\u00eda analizado su fragmento de votaci\u00f3n en primera vuelta de apenas  un 30 % y su alt\u00edsima tasa de rechazo, su tendencia es a bajar. <\/p>\n<p>&#13;<\/p>\n<h6> 2008-04-15 19:36:31 <\/h6>\n<p><!--\n<link rel=\"stylesheet\" href=\"css\/bootstrap.min.css\">\n\n\n<ul class=\"pagination\">\n\t    \n\t\n\n<li >\n\t<a href='?page_no=33622'>Previous<\/a>\n\t<\/li>\n\n\n       \n    \n\n<li><a href='?page_no=1'>1<\/a><\/li>\n\n\n\n<li><a href='?page_no=2'>2<\/a><\/li>\n\n\n\n<li><a>...<\/a><\/li>\n\n\n\n<li><a href='?page_no=33621'>33621<\/a><\/li>\n\n\n\n<li><a href='?page_no=33622'>33622<\/a><\/li>\n\n\n\n<li class='active'><a>33623<\/a><\/li>\n\n\n\n<li><a href='?page_no=33624'>33624<\/a><\/li>\n\n\n\n<li><a href='?page_no=33625'>33625<\/a><\/li>\n\n\n\n<li><a>...<\/a><\/li>\n\n\n\n<li><a href='?page_no=36999'>36999<\/a><\/li>\n\n\n\n<li><a href='?page_no=37000'>37000<\/a><\/li>\n\n    \n\t\n\n<li >\n\t<a href='?page_no=33624'>Next<\/a>\n\t<\/li>\n\n\n    \n\n<li><a href='?page_no=37000'>Last &rsaquo;&rsaquo;<\/a><\/li>\n\n<\/ul>\n\n\n--><br \/>\n<\/body><\/p>\n","protected":false},"excerpt":{"rendered":"<p>70% vota contra la reelecci\u00f3n en el Cursa &#13; Santo Domingo.- Las votaciones del pasado s\u00e1bado 12 en el CURSA reflejaron un rechazo a la reelecci\u00f3n del actual director se\u00f1or Radham\u00e9s Garc\u00eda por parte del profesorado elector. Seg\u00fan los datos preeliminares de la comisi\u00f3n electoral cuando aun faltan por contar 17 votos observado.&#13; &#13; De [&hellip;]<\/p>\n","protected":false},"author":3,"featured_media":0,"comment_status":"open","ping_status":"open","sticky":false,"template":"","format":"standard","meta":{"footnotes":""},"categories":[22],"tags":[],"class_list":["post-190875","post","type-post","status-publish","format-standard","hentry","category-politica"],"_links":{"self":[{"href":"https:\/\/diariodominicano.com\/index.php?rest_route=\/wp\/v2\/posts\/190875","targetHints":{"allow":["GET"]}}],"collection":[{"href":"https:\/\/diariodominicano.com\/index.php?rest_route=\/wp\/v2\/posts"}],"about":[{"href":"https:\/\/diariodominicano.com\/index.php?rest_route=\/wp\/v2\/types\/post"}],"author":[{"embeddable":true,"href":"https:\/\/diariodominicano.com\/index.php?rest_route=\/wp\/v2\/users\/3"}],"replies":[{"embeddable":true,"href":"https:\/\/diariodominicano.com\/index.php?rest_route=%2Fwp%2Fv2%2Fcomments&post=190875"}],"version-history":[{"count":0,"href":"https:\/\/diariodominicano.com\/index.php?rest_route=\/wp\/v2\/posts\/190875\/revisions"}],"wp:attachment":[{"href":"https:\/\/diariodominicano.com\/index.php?rest_route=%2Fwp%2Fv2%2Fmedia&parent=190875"}],"wp:term":[{"taxonomy":"category","embeddable":true,"href":"https:\/\/diariodominicano.com\/index.php?rest_route=%2Fwp%2Fv2%2Fcategories&post=190875"},{"taxonomy":"post_tag","embeddable":true,"href":"https:\/\/diariodominicano.com\/index.php?rest_route=%2Fwp%2Fv2%2Ftags&post=190875"}],"curies":[{"name":"wp","href":"https:\/\/api.w.org\/{rel}","templated":true}]}}