{"id":190873,"date":"2008-04-15T21:01:16","date_gmt":"2008-04-15T21:01:16","guid":{"rendered":"http:\/\/diariodominicano.ddns.net\/?p=190873"},"modified":"2008-04-15T21:01:16","modified_gmt":"2008-04-15T21:01:16","slug":"amable-dice-convocara-tregua-politica-de-18-meses-para-concertar-pacto-social-y-plan-de-nacion-hasta-el-2030","status":"publish","type":"post","link":"https:\/\/diariodominicano.com\/?p=190873","title":{"rendered":"Amable dice, convocar\u00e1 tregua pol\u00edtica de 18 meses para concertar pacto social y plan de naci\u00f3n hasta el 2030"},"content":{"rendered":"<p><body><\/p>\n<p align=\"justify\" class=\"titulogrande1\"><strong>Amable dice, convocar\u00e1 tregua pol\u00edtica de 18 meses  para concertar pacto social y plan de naci\u00f3n hasta el 2030<\/strong><\/p>\n<p>&#13;<\/p>\n<p><strong>Aspira RD deje de ser Estado improvisador<\/strong><\/p>\n<p>&#13;<\/p>\n<p align=\"justify\" class=\"text1noticias\"><strong>Santo Domingo, RD.-<\/strong> El Lic. Amable Aristy Castro dijo hoy, que de ser  favorecido con el voto mayoritario de la poblaci\u00f3n, el mismo 16 de agosto  convocar\u00e1 una tregua pol\u00edtica de a\u00f1o y medio tiempo en el que se propone  concertar un gran pacto social\u00a0 y un plan  de naci\u00f3n para los pr\u00f3ximos 22 a\u00f1os denominado Rep\u00fablica Dominicana 20\/30.<\/p>\n<p>&#13;<\/p>\n<p align=\"justify\" class=\"text1noticias\">\u201cSeremos un Presidente concertador desde el primero hasta el \u00faltimo d\u00eda de  nuestro mandato, por eso, nuestra primera medida como presidente de la  rep\u00fablica, ser\u00e1 llamar a una tregua pol\u00edtica a los partidos de oposici\u00f3n e  iniciar un dialogo con todas las fuerzas sociales de la naci\u00f3n que nos permita  conformar entre todos, un gran pacto social y un plan de naci\u00f3n hasta el 2030, esto  antes de las elecciones del 2010\u201d.<\/p>\n<p>&#13;<\/p>\n<p align=\"justify\" class=\"text1noticias\">Consider\u00f3, que es necesario que el pa\u00eds haga el transito de un Estado  improvisador y dispendioso a un Estado planificador y austero, capaz de  organizar el mediano y el largo plazo, hacer m\u00e1s eficiente y mejor priorizado  el gasto reduci\u00e9ndolo y generando en necesario ahorro interno.<\/p>\n<p>&#13;<\/p>\n<p align=\"justify\" class=\"text1noticias\">\u201cDesarrollaremos un efectivo plan de austeridad haciendo los recortes y ajustes en las  diferentes \u00e1reas, convirtiendo al Estado Dominicano en m\u00e1s peque\u00f1o, mejor  articulado y mucho m\u00e1s eficiente\u201d.<\/p>\n<p>&#13;<\/p>\n<p align=\"justify\" class=\"text1noticias\">Aristy afirm\u00f3, que en el Gobierno de los Pobres la austeridad no ser\u00e1 un  b\u00e1lsamo discursivo en la instalaci\u00f3n del nuevo gobierno y que se renueve con  nuevos compromisos cada 27 de febrero los mismos que se convierten al d\u00eda  siguiente en letra muerta, la austeridad la aplicaremos como un bistur\u00ed cortando  por lo sano los gastos superfluos y el derroche en viajes, vi\u00e1ticos,  comisiones, salarios lujosos que ofenden a un pueblo que se hunde en la miseria  y el abandono.<\/p>\n<p>&#13;<\/p>\n<p align=\"justify\" class=\"text1noticias\">Expres\u00f3 que la austeridad generar\u00e1 el ahorro necesario para promover sin  trauma una reforma fiscal integral que reduzca el ITEBIS del 16 al 10%, que  elimine algunos impuestos distorsionantes reduciendo adem\u00e1s el impuesto a los  hidrocarburos y otros que inciden directamente en el costo de la vida.<\/p>\n<p>&#13;<\/p>\n<p align=\"justify\" class=\"text1noticias\">Dijo que el Dr. Leonel Fern\u00e1ndez y su gobierno con las cuatro reformas  fiscales han convertido el r\u00e9gimen fiscal en una f\u00e1brica de pobres que mata de  hambre a una gran parte de nuestra poblaci\u00f3n, consider\u00f3 descabellada que la  reducci\u00f3n de impuestos pueda constituirse en un genocidio como afirmar\u00e1 el presidente  Fern\u00e1ndez.<\/p>\n<p>&#13;<\/p>\n<p align=\"justify\" class=\"text1noticias\">Expres\u00f3, \u201ces dif\u00edcil morirse de una hartura y en la abundancia, pero es  f\u00e1cil morirse de hambre y en precariedad total en la que nos ha sumido el  gobierno del PLD y el l\u00edder de los impuestos\u201d.<\/p>\n<p>&#13;<\/p>\n<p align=\"justify\" class=\"text1noticias\">Aristy Castro tendr\u00e1 la presentaci\u00f3n de las propuestas del \u201cGobierno de los  Pobres\u201d ante los miembros de la C\u00e1mara Americana de Comercio y m\u00e1s de mil  invitados \u00e9ste mi\u00e9rcoles 16 en el sal\u00f3n La Fiesta del Hotel Jaragua.<\/p>\n<p>&#13;<\/p>\n<h6> 2008-04-15 21:01:16 <\/h6>\n<p><!--\n<link rel=\"stylesheet\" href=\"css\/bootstrap.min.css\">\n\n\n<ul class=\"pagination\">\n\t    \n\t\n\n<li >\n\t<a href='?page_no=33620'>Previous<\/a>\n\t<\/li>\n\n\n       \n    \n\n<li><a href='?page_no=1'>1<\/a><\/li>\n\n\n\n<li><a href='?page_no=2'>2<\/a><\/li>\n\n\n\n<li><a>...<\/a><\/li>\n\n\n\n<li><a href='?page_no=33619'>33619<\/a><\/li>\n\n\n\n<li><a href='?page_no=33620'>33620<\/a><\/li>\n\n\n\n<li class='active'><a>33621<\/a><\/li>\n\n\n\n<li><a href='?page_no=33622'>33622<\/a><\/li>\n\n\n\n<li><a href='?page_no=33623'>33623<\/a><\/li>\n\n\n\n<li><a>...<\/a><\/li>\n\n\n\n<li><a href='?page_no=36999'>36999<\/a><\/li>\n\n\n\n<li><a href='?page_no=37000'>37000<\/a><\/li>\n\n    \n\t\n\n<li >\n\t<a href='?page_no=33622'>Next<\/a>\n\t<\/li>\n\n\n    \n\n<li><a href='?page_no=37000'>Last &rsaquo;&rsaquo;<\/a><\/li>\n\n<\/ul>\n\n\n--><br \/>\n<\/body><\/p>\n","protected":false},"excerpt":{"rendered":"<p>Amable dice, convocar\u00e1 tregua pol\u00edtica de 18 meses para concertar pacto social y plan de naci\u00f3n hasta el 2030 &#13; Aspira RD deje de ser Estado improvisador &#13; Santo Domingo, RD.- El Lic. Amable Aristy Castro dijo hoy, que de ser favorecido con el voto mayoritario de la poblaci\u00f3n, el mismo 16 de agosto convocar\u00e1 [&hellip;]<\/p>\n","protected":false},"author":3,"featured_media":0,"comment_status":"open","ping_status":"open","sticky":false,"template":"","format":"standard","meta":{"footnotes":""},"categories":[22],"tags":[],"class_list":["post-190873","post","type-post","status-publish","format-standard","hentry","category-politica"],"_links":{"self":[{"href":"https:\/\/diariodominicano.com\/index.php?rest_route=\/wp\/v2\/posts\/190873","targetHints":{"allow":["GET"]}}],"collection":[{"href":"https:\/\/diariodominicano.com\/index.php?rest_route=\/wp\/v2\/posts"}],"about":[{"href":"https:\/\/diariodominicano.com\/index.php?rest_route=\/wp\/v2\/types\/post"}],"author":[{"embeddable":true,"href":"https:\/\/diariodominicano.com\/index.php?rest_route=\/wp\/v2\/users\/3"}],"replies":[{"embeddable":true,"href":"https:\/\/diariodominicano.com\/index.php?rest_route=%2Fwp%2Fv2%2Fcomments&post=190873"}],"version-history":[{"count":0,"href":"https:\/\/diariodominicano.com\/index.php?rest_route=\/wp\/v2\/posts\/190873\/revisions"}],"wp:attachment":[{"href":"https:\/\/diariodominicano.com\/index.php?rest_route=%2Fwp%2Fv2%2Fmedia&parent=190873"}],"wp:term":[{"taxonomy":"category","embeddable":true,"href":"https:\/\/diariodominicano.com\/index.php?rest_route=%2Fwp%2Fv2%2Fcategories&post=190873"},{"taxonomy":"post_tag","embeddable":true,"href":"https:\/\/diariodominicano.com\/index.php?rest_route=%2Fwp%2Fv2%2Ftags&post=190873"}],"curies":[{"name":"wp","href":"https:\/\/api.w.org\/{rel}","templated":true}]}}