{"id":190872,"date":"2008-04-15T22:34:50","date_gmt":"2008-04-15T22:34:50","guid":{"rendered":"http:\/\/diariodominicano.ddns.net\/?p=190872"},"modified":"2008-04-15T22:34:50","modified_gmt":"2008-04-15T22:34:50","slug":"candidatos-presidenciales-presentaran-propuesta-municipal","status":"publish","type":"post","link":"https:\/\/diariodominicano.com\/?p=190872","title":{"rendered":"Candidatos Presidenciales presentar\u00e1n Propuesta Municipal"},"content":{"rendered":"<p><body><\/p>\n<p align=\"center\" class=\"titulogrande1\"><strong>Candidatos Presidenciales presentar\u00e1n  Propuesta Municipal<\/strong><\/p>\n<p>&#13;<\/p>\n<p align=\"justify\" class=\"text1noticias\"><strong>Santo Domingo.-<\/strong> La  Federaci\u00f3n Dominicana de Municipios-FEDOMU- y la Universidad Aut\u00f3noma de Santo  Domingo-UASD, realizar\u00e1n el pr\u00f3ximo mi\u00e9rcoles 23 de abril el Foro \u201cPropuesta de  los Candidatos Presidenciales sobre la Descentralizaci\u00f3n y la Municipalidad  Dominicana\u201d.<\/p>\n<p>&#13;<\/p>\n<p align=\"justify\" class=\"text1noticias\">El  importante encuentro, enmarcado dentro de la celebraci\u00f3n del D\u00eda Nacional de  Los Ayuntamientos, se efectuar\u00e1 en el Auditorio Manuel del Cabral de la  Biblioteca Pedro Mir en la sede central de la universidad estatal, a partir de  las 4 de la tarde.<\/p>\n<p>&#13;<\/p>\n<p align=\"justify\" class=\"text1noticias\">Las  entidades organizadoras aspiran a que los candidatos presidenciales del pa\u00eds  expongan de manera precisa sus prop\u00f3sitos y\u00a0  pareceres sobre la Descentralizaci\u00f3n y la municipalidad dominicana.  Estos se presentar\u00e1n de manera individual en orden alfab\u00e9tico del primer  apellido. <\/p>\n<p>&#13;<\/p>\n<p align=\"justify\" class=\"text1noticias\">La  actividad persigue escuchar de viva voz de los candidatos presidenciales,  propuestas tendentes a fortalecer la descentralizaci\u00f3n municipal dominicana  como elemento fundamental para el desarrollo de la naci\u00f3n y enriquecer de esa  manera las esperanzas de los sectores involucrados en los gobiernos locales de  lograr el necesario fortalecimiento.<\/p>\n<p>&#13;<\/p>\n<p align=\"justify\" class=\"text1noticias\">Al  Foro est\u00e1n invitados s\u00edndicos, sindicas, regidores, regidoras, directores y directoras  de los distritos municipales, as\u00ed como representantes de los poderes  legislativo y judicial, y de igual manera, la cooperaci\u00f3n internacional,  directores de medios de comunicaci\u00f3n, gremios de profesionales, las iglesias y  entidades vinculadas a la municipalidad dominicana. <\/p>\n<p>&#13;<\/p>\n<h6> 2008-04-15 22:34:50 <\/h6>\n<p><!--\n<link rel=\"stylesheet\" href=\"css\/bootstrap.min.css\">\n\n\n<ul class=\"pagination\">\n\t    \n\t\n\n<li >\n\t<a href='?page_no=33619'>Previous<\/a>\n\t<\/li>\n\n\n       \n    \n\n<li><a href='?page_no=1'>1<\/a><\/li>\n\n\n\n<li><a href='?page_no=2'>2<\/a><\/li>\n\n\n\n<li><a>...<\/a><\/li>\n\n\n\n<li><a href='?page_no=33618'>33618<\/a><\/li>\n\n\n\n<li><a href='?page_no=33619'>33619<\/a><\/li>\n\n\n\n<li class='active'><a>33620<\/a><\/li>\n\n\n\n<li><a href='?page_no=33621'>33621<\/a><\/li>\n\n\n\n<li><a href='?page_no=33622'>33622<\/a><\/li>\n\n\n\n<li><a>...<\/a><\/li>\n\n\n\n<li><a href='?page_no=36999'>36999<\/a><\/li>\n\n\n\n<li><a href='?page_no=37000'>37000<\/a><\/li>\n\n    \n\t\n\n<li >\n\t<a href='?page_no=33621'>Next<\/a>\n\t<\/li>\n\n\n    \n\n<li><a href='?page_no=37000'>Last &rsaquo;&rsaquo;<\/a><\/li>\n\n<\/ul>\n\n\n--><br \/>\n<\/body><\/p>\n","protected":false},"excerpt":{"rendered":"<p>Candidatos Presidenciales presentar\u00e1n Propuesta Municipal &#13; Santo Domingo.- La Federaci\u00f3n Dominicana de Municipios-FEDOMU- y la Universidad Aut\u00f3noma de Santo Domingo-UASD, realizar\u00e1n el pr\u00f3ximo mi\u00e9rcoles 23 de abril el Foro \u201cPropuesta de los Candidatos Presidenciales sobre la Descentralizaci\u00f3n y la Municipalidad Dominicana\u201d. &#13; El importante encuentro, enmarcado dentro de la celebraci\u00f3n del D\u00eda Nacional de Los [&hellip;]<\/p>\n","protected":false},"author":3,"featured_media":0,"comment_status":"open","ping_status":"open","sticky":false,"template":"","format":"standard","meta":{"footnotes":""},"categories":[22],"tags":[],"class_list":["post-190872","post","type-post","status-publish","format-standard","hentry","category-politica"],"_links":{"self":[{"href":"https:\/\/diariodominicano.com\/index.php?rest_route=\/wp\/v2\/posts\/190872","targetHints":{"allow":["GET"]}}],"collection":[{"href":"https:\/\/diariodominicano.com\/index.php?rest_route=\/wp\/v2\/posts"}],"about":[{"href":"https:\/\/diariodominicano.com\/index.php?rest_route=\/wp\/v2\/types\/post"}],"author":[{"embeddable":true,"href":"https:\/\/diariodominicano.com\/index.php?rest_route=\/wp\/v2\/users\/3"}],"replies":[{"embeddable":true,"href":"https:\/\/diariodominicano.com\/index.php?rest_route=%2Fwp%2Fv2%2Fcomments&post=190872"}],"version-history":[{"count":0,"href":"https:\/\/diariodominicano.com\/index.php?rest_route=\/wp\/v2\/posts\/190872\/revisions"}],"wp:attachment":[{"href":"https:\/\/diariodominicano.com\/index.php?rest_route=%2Fwp%2Fv2%2Fmedia&parent=190872"}],"wp:term":[{"taxonomy":"category","embeddable":true,"href":"https:\/\/diariodominicano.com\/index.php?rest_route=%2Fwp%2Fv2%2Fcategories&post=190872"},{"taxonomy":"post_tag","embeddable":true,"href":"https:\/\/diariodominicano.com\/index.php?rest_route=%2Fwp%2Fv2%2Ftags&post=190872"}],"curies":[{"name":"wp","href":"https:\/\/api.w.org\/{rel}","templated":true}]}}