{"id":190871,"date":"2008-04-15T23:34:53","date_gmt":"2008-04-15T23:34:53","guid":{"rendered":"http:\/\/diariodominicano.ddns.net\/?p=190871"},"modified":"2008-04-15T23:34:53","modified_gmt":"2008-04-15T23:34:53","slug":"trajano-afirma-cid-listin-diario-confirma-vaticinio-del-pri","status":"publish","type":"post","link":"https:\/\/diariodominicano.com\/?p=190871","title":{"rendered":"Trajano afirma CID- List\u00edn Diario confirma vaticinio del PRI"},"content":{"rendered":"<p><body><\/p>\n<p align=\"justify\"><span class=\"titulogrande1\">Trajano afirma CID- List\u00edn Diario confirma vaticinio del PRI<\/span><br \/>&#13;<br \/>\n  <br \/>&#13;<br \/>\n    <span class=\"text1noticias\"><strong>SANTO DOMINGO.- <\/strong>El candidato presidencial del Partido Revolucionario Independiente  (PRI),\u00a0 Trajano Santana, afirm\u00f3 que los resultados de  la encuesta de la CID Latinoamericana sintetizan los resultados del vaticinio  del PRI en lo referente a que las elecciones presidenciales se definir\u00e1n en una  segunda vuelta, adem\u00e1s de \u201cdesvanecer de entrada el triunfalismo del Presidente  Leonel Fern\u00e1ndez y el Partido de la Liberaci\u00f3n Dominicana\u201d. <\/span><\/p>\n<p>&#13;<\/p>\n<p align=\"justify\" class=\"text1noticias\">Santana lament\u00f3\u00a0 que la mayor\u00eda de las empresas encuestadoras  le siguen dando una preferencia absoluta a tres de los partidos pol\u00edticos, con  el prop\u00f3sito de pluralizar la preferencia del electorado dominicano a favor de  esas tres fuerzas pol\u00edticas, mientras le dan\u00a0un trato discriminatorio a los dem\u00e1s contendores que participan con  igual derecho.<\/p>\n<p>&#13;<\/p>\n<p align=\"justify\" class=\"text1noticias\">El dirigente pol\u00edtico, fundament\u00f3 su  comentario asegurando que los tres partidos denominado mayoritario que las  firmas encuestadoras atribuyen el control de los electores, no toman en cuenta  que los tres no suman el 20 por ciento de los electores a nivel general, y que  ni siquiera llegan a un ocho por ciento de los inscritos en la diferentes  organizaciones pol\u00edticas del pa\u00eds.\u00a0\u00a0\u00a0 <\/p>\n<p>&#13;<\/p>\n<p align=\"justify\" class=\"text1noticias\">Explic\u00f3 que la  poblaci\u00f3n votante est\u00e1 muy dividida, y al referirse a la CID dijo que est\u00e1  se\u00f1ala en su muestreo que un 19 por ciento de indeciso, adem\u00e1s de que la  tendencia de los votantes es que en el pa\u00eds habr\u00e1 una segunda vuelta electoral,  la cual culminar\u00e1 con el surgimiento de un nuevo mandatario.<\/p>\n<p>&#13;<\/p>\n<p align=\"justify\" class=\"text1noticias\">Al asegurar que el  Presidente Leonel Fern\u00e1ndez se burla de los votantes cuando les pide que los  reelijan por otros cuatro a\u00f1os, luego de ocupar la presidencia de la Rep\u00fablica  en dos oportunidades sin resolver los problemas fundamentales que afectan a la  naci\u00f3n, como la crisis de agua potable, la falta de empleo, el d\u00e9ficit de cama  en los hospitales, la alta tasa de mortalidad materna, la escalada alcista de  los art\u00edculo de primera necesidad entre otros males.<\/p>\n<p>&#13;<\/p>\n<p align=\"justify\" class=\"text1noticias\">El candidato del  PRI record\u00f3 que, cuando el jefe del Estado ascendi\u00f3 al poder por primera vez,  en el a\u00f1o 1996, prometi\u00f3 al pa\u00eds resolver la crisis energ\u00e9tica y, sin embargo,  lo que hizo fue empeorarla,\u00a0 mediante una  privatizaci\u00f3n de las empresas energ\u00e9ticas que s\u00f3lo benefici\u00f3 a los capitales  extranjeros que intervienen en el negocio el\u00e9ctrico.<\/p>\n<p>&#13;<\/p>\n<p align=\"justify\" class=\"text1noticias\">\u201cEl Presidente  Leonel Fern\u00e1ndez,\u00a0 prometi\u00f3 hace cuatro  a\u00f1os incrementar la esperanza de vida de los dominicanos, reducir la mortalidad  infantil a 25 de cada mil que nazcan vivos,\u00a0  elevar la cobertura de inmunizaci\u00f3n de los infantes a un 90 por ciento y  reducir la incidencia de malaria a menos de diez casos por cien mil, entregar  medicamentos gratuitos a los envejecientes mayores de 65 a\u00f1os, que no trabajen  en el Estado ni sean pensionados, pero nada ha cumplido\u201d, manifest\u00f3. <br \/>&#13;<br \/>\n    <br \/>&#13;<br \/>\n    Record\u00f3 que el presidente Fern\u00e1ndez dijo  recientemente que la crisis econ\u00f3mica del pa\u00eds permanecer\u00e1 por los pr\u00f3ximos 15  \u00f2 20 a\u00f1os, hecho que evidencia que \u00e9ste no tiene soluci\u00f3n para los grandes  males nacionales.<br \/>&#13;<br \/>\n    <br \/>&#13;<br \/>\n    Record\u00f3 que Fern\u00e1ndez, candidato del Partido de  la Liberaci\u00f3n Dominicana (PLD), afirm\u00f3 que la econom\u00eda dominicana est\u00e1  totalmente intervenida por el Fondo Monetario Internacional y otros organismos  crediticios.<\/p>\n<p>&#13;<\/p>\n<h6> 2008-04-15 23:34:53 <\/h6>\n<p><!--\n<link rel=\"stylesheet\" href=\"css\/bootstrap.min.css\">\n\n\n<ul class=\"pagination\">\n\t    \n\t\n\n<li >\n\t<a href='?page_no=33618'>Previous<\/a>\n\t<\/li>\n\n\n       \n    \n\n<li><a href='?page_no=1'>1<\/a><\/li>\n\n\n\n<li><a href='?page_no=2'>2<\/a><\/li>\n\n\n\n<li><a>...<\/a><\/li>\n\n\n\n<li><a href='?page_no=33617'>33617<\/a><\/li>\n\n\n\n<li><a href='?page_no=33618'>33618<\/a><\/li>\n\n\n\n<li class='active'><a>33619<\/a><\/li>\n\n\n\n<li><a href='?page_no=33620'>33620<\/a><\/li>\n\n\n\n<li><a href='?page_no=33621'>33621<\/a><\/li>\n\n\n\n<li><a>...<\/a><\/li>\n\n\n\n<li><a href='?page_no=36999'>36999<\/a><\/li>\n\n\n\n<li><a href='?page_no=37000'>37000<\/a><\/li>\n\n    \n\t\n\n<li >\n\t<a href='?page_no=33620'>Next<\/a>\n\t<\/li>\n\n\n    \n\n<li><a href='?page_no=37000'>Last &rsaquo;&rsaquo;<\/a><\/li>\n\n<\/ul>\n\n\n--><br \/>\n<\/body><\/p>\n","protected":false},"excerpt":{"rendered":"<p>Trajano afirma CID- List\u00edn Diario confirma vaticinio del PRI&#13; &#13; SANTO DOMINGO.- El candidato presidencial del Partido Revolucionario Independiente (PRI),\u00a0 Trajano Santana, afirm\u00f3 que los resultados de la encuesta de la CID Latinoamericana sintetizan los resultados del vaticinio del PRI en lo referente a que las elecciones presidenciales se definir\u00e1n en una segunda vuelta, adem\u00e1s [&hellip;]<\/p>\n","protected":false},"author":3,"featured_media":0,"comment_status":"open","ping_status":"open","sticky":false,"template":"","format":"standard","meta":{"footnotes":""},"categories":[22],"tags":[],"class_list":["post-190871","post","type-post","status-publish","format-standard","hentry","category-politica"],"_links":{"self":[{"href":"https:\/\/diariodominicano.com\/index.php?rest_route=\/wp\/v2\/posts\/190871","targetHints":{"allow":["GET"]}}],"collection":[{"href":"https:\/\/diariodominicano.com\/index.php?rest_route=\/wp\/v2\/posts"}],"about":[{"href":"https:\/\/diariodominicano.com\/index.php?rest_route=\/wp\/v2\/types\/post"}],"author":[{"embeddable":true,"href":"https:\/\/diariodominicano.com\/index.php?rest_route=\/wp\/v2\/users\/3"}],"replies":[{"embeddable":true,"href":"https:\/\/diariodominicano.com\/index.php?rest_route=%2Fwp%2Fv2%2Fcomments&post=190871"}],"version-history":[{"count":0,"href":"https:\/\/diariodominicano.com\/index.php?rest_route=\/wp\/v2\/posts\/190871\/revisions"}],"wp:attachment":[{"href":"https:\/\/diariodominicano.com\/index.php?rest_route=%2Fwp%2Fv2%2Fmedia&parent=190871"}],"wp:term":[{"taxonomy":"category","embeddable":true,"href":"https:\/\/diariodominicano.com\/index.php?rest_route=%2Fwp%2Fv2%2Fcategories&post=190871"},{"taxonomy":"post_tag","embeddable":true,"href":"https:\/\/diariodominicano.com\/index.php?rest_route=%2Fwp%2Fv2%2Ftags&post=190871"}],"curies":[{"name":"wp","href":"https:\/\/api.w.org\/{rel}","templated":true}]}}