{"id":190870,"date":"2008-04-16T01:51:30","date_gmt":"2008-04-16T01:51:30","guid":{"rendered":"http:\/\/diariodominicano.ddns.net\/?p=190870"},"modified":"2008-04-16T01:51:30","modified_gmt":"2008-04-16T01:51:30","slug":"el-pld-fortalecera-inversion-social-y-promovera-una-sociedad-mas-justa-en-nuevo-gobierno","status":"publish","type":"post","link":"https:\/\/diariodominicano.com\/?p=190870","title":{"rendered":"El PLD fortalecer\u00e1 Inversi\u00f3n Social y promover\u00e1 una sociedad m\u00e1s justa en Nuevo Gobierno"},"content":{"rendered":"<p><body><\/p>\n<p align=\"justify\" class=\"titulogrande1\"><strong>El PLD fortalecer\u00e1 Inversi\u00f3n Social y  promover\u00e1 una sociedad m\u00e1s justa en Nuevo Gobierno<\/strong><\/p>\n<p>&#13;<\/p>\n<p align=\"justify\" class=\"text1noticias\"><strong><img loading=\"lazy\" decoding=\"async\" src=\"http:\/\/localhost:8080\/img\/programa pld.jpg\" width=\"375\" height=\"1025\" hspace=\"4\" align=\"left\" \/>Santo Domingo.-<\/strong> Para el pr\u00f3ximo per\u00edodo  gubernamental el Partido de la Liberaci\u00f3n   Dominicana se propone promover un gran pacto social que  involucre a todos los sectores de la sociedad dominicana, fortalecer la  competitividad de la econom\u00eda, la sustentabilidad del medio ambiente y la  aplicaci\u00f3n de una pol\u00edtica exterior responsable que contribuya al desarrollo  econ\u00f3mico y al bienestar colectivo.<\/p>\n<p>&#13;<\/p>\n<p align=\"justify\" class=\"text1noticias\">Esos son los ejes fundamentales del programa  de gobierno 2008-2012, presentado este martes en la Capital, en un acto  encabezado por el doctor Leonel Fern\u00e1ndez, candidato presidencial del PLD con  la asistencia de la m\u00e1xima dirigencia del PLD.<\/p>\n<p>&#13;<\/p>\n<p align=\"justify\" class=\"text1noticias\"> Tem\u00edstocles Mont\u00e1s, coordinador de estrategia  del PLD, motiv\u00f3 la presentaci\u00f3n del documento que recoge los lineamientos  b\u00e1sicos en los que sustentar\u00e1 la pol\u00edtica de gobierno de ese partido en el\u00a0 cuatrienio que iniciar\u00e1 el 16 de agosto  pr\u00f3ximo.<\/p>\n<p>&#13;<\/p>\n<p align=\"justify\" class=\"text1noticias\">Tras entregar la propuesta al doctor Leonel  Fern\u00e1ndez, destac\u00f3 que, apoyado en el ideal del bien com\u00fan un nuevo gobierno  del Partido de la Liberaci\u00f3n Dominicana  priorizar\u00e1 una organizaci\u00f3n m\u00e1s\u00a0 justa de  la\u00a0 sociedad dominicana, cimentada en la  inclusi\u00f3n, para lo que se propone promover un gran contrato social que aglutine  los esfuerzos de todos los sectores sociales.<\/p>\n<p>&#13;<\/p>\n<p align=\"justify\" class=\"text1noticias\">Ante un selecto auditorio compuesto  mayoritariamente por los miembros de los comit\u00e9s Pol\u00edtico y Central,  legisladores, s\u00edndicos y representantes de los partidos y movimientos  integrantes del Bloque Progresista, cit\u00f3 la lucha contra la pobreza como una de  las metas prioritarias del nuevo gobierno.<\/p>\n<p>&#13;<\/p>\n<p align=\"justify\" class=\"text1noticias\">En ese orden, la propuesta de gobierno  contempla un aporte de solidaridad consistente en unos 30 d\u00f3lares a 600 mil  hogares, lo que permitir\u00e1 sacar\u00a0 de la  pobreza a tres millones de dominicanos al finalizar el 2012, el fortalecimiento  de los programas Comer es Primero, el de solidaridad con los desplazados, los  adultos mayores y un programa nuevo para incentivar el retorno a la escuela de  los j\u00f3venes pobres.<\/p>\n<p>&#13;<\/p>\n<p align=\"justify\" class=\"text1noticias\">Tambi\u00e9n se propone aumentar el gasto social  dirigido a sectores vitales como salud, educaci\u00f3n, vivienda, agua potable y  seguridad social, en el inter\u00e9s de elevar la calidad y eficiencia de esos  servicios.<\/p>\n<p>&#13;<\/p>\n<p align=\"justify\" class=\"text1noticias\"><strong>Educaci\u00f3n con  calidad y equidad.<\/strong><\/p>\n<p>&#13;<\/p>\n<p align=\"justify\" class=\"text1noticias\"> En el campo de la educaci\u00f3n el gobierno se  propone incorporar nuevos aportes cient\u00edficos y tecnol\u00f3gicos, con el objetivo  de asegurar un sistema educativo con mayores niveles de calidad y equidad que  permita al pa\u00eds competir exitosamente en un mundo cada vez cambiante e  interdependiente.<\/p>\n<p>&#13;<\/p>\n<p align=\"justify\" class=\"text1noticias\">Tem\u00edstocles Mont\u00e1s mencion\u00f3 entre las  principales acciones la construcci\u00f3n y rehabilitaci\u00f3n de 11, 712 aulas, dotar  de equipos a unos 5,807 centros educativos y declarar obligatoria la ense\u00f1anza  hasta duod\u00e9cimo grado, adem\u00e1s de promover la reforma, expansi\u00f3n del nivel  medio, ampliar los programas de becas y la capacitaci\u00f3n permanente del cuerpo  docente y potenciar la calidad de las instituciones de educaci\u00f3n superior.<\/p>\n<p>&#13;<\/p>\n<p align=\"justify\" class=\"text1noticias\">En el campo educativo tambi\u00e9n contempla  fortalecer la capacitaci\u00f3n de los recursos humanos para el trabajo, promoviendo  una articulaci\u00f3n m\u00e1s efectiva de todas las instancias que integran el Sistema  Nacional de Formaci\u00f3n T\u00e9cnico Profesional, e impulsar pol\u00edticas de financiaci\u00f3n  dirigidas ese subsector de la educaci\u00f3n dominicana.<\/p>\n<p>&#13;<\/p>\n<p align=\"justify\" class=\"text1noticias\"><strong>Econom\u00eda din\u00e1mica  que genere empleos.<\/strong><\/p>\n<p>&#13;<\/p>\n<p align=\"justify\" class=\"text1noticias\">La pol\u00edtica econ\u00f3mica del nuevo gobierno del  Partido de la   Liberaci\u00f3n Dominicana estar\u00e1 centrada en lograr un alto nivel  de crecimiento, generaci\u00f3n de nuevas plazas de trabajo, que elevan las  condiciones de vida de los ciudadanos dominicano,\u00a0 lo que implicar\u00e1 pol\u00edticas que fomenten las  inversiones y mejoren los niveles de productividad del pa\u00eds.<\/p>\n<p>&#13;<\/p>\n<p align=\"justify\" class=\"text1noticias\">En ese aspecto priorizar\u00e1 el mantenimiento de  la sostenibilidad fiscal,\u00a0 control de la  inflaci\u00f3n y manejo responsable de la deuda p\u00fablica, con el prop\u00f3sito de  consolidar la estabilidad macroecon\u00f3mica, reducir los costos financieros y  promover el desarrollo del mercado de capital.<\/p>\n<p>&#13;<\/p>\n<p align=\"justify\" class=\"text1noticias\">Paralelamente trabajar\u00e1 en la creaci\u00f3n de un  nuevo marco jur\u00eddico que le provea mayor independencia al Banco Central,  fortalecer las instituciones regulatorias de los mercados financieros, para lo  cual concibe la creaci\u00f3n de una Superintendencia \u00fanica del sistema financiero  que agrupe las funciones de la banca, los valores y los fondos de pensiones.<\/p>\n<p>&#13;<\/p>\n<p align=\"justify\" class=\"text1noticias\">El programa de gobierno del PLD para la  gesti\u00f3n que iniciar\u00e1 el 16 de agosto tambi\u00e9n contempla acciones a favor del  desarrollo y fortalecimiento de las peque\u00f1as, medianas y microempresas, como  parte de un esfuerzo general por elevar la productividad y competitividad del  pa\u00eds, lo que requerir\u00e1, adem\u00e1s de la participaci\u00f3n del Estado, el concurso de  todos los sectores vinculados al aparato productivo nacional.<\/p>\n<p>&#13;<\/p>\n<p align=\"justify\" class=\"text1noticias\">De igual manera, promover una agresiva  pol\u00edtica de inversi\u00f3n en obras de infraestructura, con \u00e9nfasis en salud,  educaci\u00f3n, agua potable, v\u00edas de comunicaci\u00f3n, medio ambiente y recursos  naturales, adem\u00e1s del transporte de pasajeros y carga, como forma\u00a0 de hacerlo m\u00e1s moderno y eficiente.<\/p>\n<p>&#13;<\/p>\n<p align=\"justify\" class=\"text1noticias\"> Al  finalizar Tem\u00edstocles Mont\u00e1s destac\u00f3 que el Partido de la Liberaci\u00f3n Dominicana  es la \u00fanica organizaci\u00f3n pol\u00edtica que ha presentado propuestas de gobierno al  pa\u00eds desde 1990, al tiempo de se\u00f1alar que la presente gesti\u00f3n gubernativa  cumpli\u00f3 los compromisos hechos con la sociedad dominicana, en lo concerniente a  recuperar la estabilidad y el crecimiento econ\u00f3mico el cual proyect\u00f3 superar\u00e1  el 8.5 por ciento al concluir el presente a\u00f1o.<\/p>\n<p>&#13;<\/p>\n<h6> 2008-04-16 01:51:30 <\/h6>\n<p><!--\n<link rel=\"stylesheet\" href=\"css\/bootstrap.min.css\">\n\n\n<ul class=\"pagination\">\n\t    \n\t\n\n<li >\n\t<a href='?page_no=33617'>Previous<\/a>\n\t<\/li>\n\n\n       \n    \n\n<li><a href='?page_no=1'>1<\/a><\/li>\n\n\n\n<li><a href='?page_no=2'>2<\/a><\/li>\n\n\n\n<li><a>...<\/a><\/li>\n\n\n\n<li><a href='?page_no=33616'>33616<\/a><\/li>\n\n\n\n<li><a href='?page_no=33617'>33617<\/a><\/li>\n\n\n\n<li class='active'><a>33618<\/a><\/li>\n\n\n\n<li><a href='?page_no=33619'>33619<\/a><\/li>\n\n\n\n<li><a href='?page_no=33620'>33620<\/a><\/li>\n\n\n\n<li><a>...<\/a><\/li>\n\n\n\n<li><a href='?page_no=36999'>36999<\/a><\/li>\n\n\n\n<li><a href='?page_no=37000'>37000<\/a><\/li>\n\n    \n\t\n\n<li >\n\t<a href='?page_no=33619'>Next<\/a>\n\t<\/li>\n\n\n    \n\n<li><a href='?page_no=37000'>Last &rsaquo;&rsaquo;<\/a><\/li>\n\n<\/ul>\n\n\n--><br \/>\n<\/body><\/p>\n","protected":false},"excerpt":{"rendered":"<p>El PLD fortalecer\u00e1 Inversi\u00f3n Social y promover\u00e1 una sociedad m\u00e1s justa en Nuevo Gobierno &#13; Santo Domingo.- Para el pr\u00f3ximo per\u00edodo gubernamental el Partido de la Liberaci\u00f3n Dominicana se propone promover un gran pacto social que involucre a todos los sectores de la sociedad dominicana, fortalecer la competitividad de la econom\u00eda, la sustentabilidad del medio [&hellip;]<\/p>\n","protected":false},"author":3,"featured_media":0,"comment_status":"open","ping_status":"open","sticky":false,"template":"","format":"standard","meta":{"footnotes":""},"categories":[22],"tags":[],"class_list":["post-190870","post","type-post","status-publish","format-standard","hentry","category-politica"],"_links":{"self":[{"href":"https:\/\/diariodominicano.com\/index.php?rest_route=\/wp\/v2\/posts\/190870","targetHints":{"allow":["GET"]}}],"collection":[{"href":"https:\/\/diariodominicano.com\/index.php?rest_route=\/wp\/v2\/posts"}],"about":[{"href":"https:\/\/diariodominicano.com\/index.php?rest_route=\/wp\/v2\/types\/post"}],"author":[{"embeddable":true,"href":"https:\/\/diariodominicano.com\/index.php?rest_route=\/wp\/v2\/users\/3"}],"replies":[{"embeddable":true,"href":"https:\/\/diariodominicano.com\/index.php?rest_route=%2Fwp%2Fv2%2Fcomments&post=190870"}],"version-history":[{"count":0,"href":"https:\/\/diariodominicano.com\/index.php?rest_route=\/wp\/v2\/posts\/190870\/revisions"}],"wp:attachment":[{"href":"https:\/\/diariodominicano.com\/index.php?rest_route=%2Fwp%2Fv2%2Fmedia&parent=190870"}],"wp:term":[{"taxonomy":"category","embeddable":true,"href":"https:\/\/diariodominicano.com\/index.php?rest_route=%2Fwp%2Fv2%2Fcategories&post=190870"},{"taxonomy":"post_tag","embeddable":true,"href":"https:\/\/diariodominicano.com\/index.php?rest_route=%2Fwp%2Fv2%2Ftags&post=190870"}],"curies":[{"name":"wp","href":"https:\/\/api.w.org\/{rel}","templated":true}]}}