{"id":190869,"date":"2008-04-16T15:40:22","date_gmt":"2008-04-16T15:40:22","guid":{"rendered":"http:\/\/diariodominicano.ddns.net\/?p=190869"},"modified":"2008-04-16T15:40:22","modified_gmt":"2008-04-16T15:40:22","slug":"leonel-fernandez-propone-revolucion-democratica-en-el-pais","status":"publish","type":"post","link":"https:\/\/diariodominicano.com\/?p=190869","title":{"rendered":"Leonel Fern\u00e1ndez propone revoluci\u00f3n democr\u00e1tica en el pa\u00eds"},"content":{"rendered":"<p><body><\/p>\n<p class=\"titulogrande1\"><strong>Leonel Fern\u00e1ndez propone  revoluci\u00f3n democr\u00e1tica en el pa\u00eds<\/strong><\/p>\n<p>&#13;<\/p>\n<p align=\"justify\" class=\"text1noticias\"><strong><img loading=\"lazy\" decoding=\"async\" src=\"http:\/\/localhost:8080\/img\/conferencia lf.jpg\" width=\"375\" height=\"517\" hspace=\"4\" align=\"left\" \/>SANTO DOMINGO<\/strong>.- El candidato presidencial por el Partido de la Liberaci\u00f3n Dominicana  y el Bloque Progresista, Leonel Fern\u00e1ndez, abog\u00f3 por una Revoluci\u00f3n  Democr\u00e1tica\u00a0 basada en el bienestar  econ\u00f3mico y social de la poblaci\u00f3n, lo cual dijo, solo se logra con la  promoci\u00f3n del conocimiento a trav\u00e9s de la tecnolog\u00eda y el acceso a la  informaci\u00f3n.<\/p>\n<p>&#13;<\/p>\n<p align=\"justify\" class=\"text1noticias\">Al dictar una conferencia magistral titulada \u201cLa Revoluci\u00f3n Democr\u00e1tica  en el Contexto de la   Rep\u00fablica Dominicana\u201d, el mandatario precis\u00f3 que ese proyecto  va m\u00e1s all\u00e1 de unas elecciones presidenciales.<\/p>\n<p>&#13;<\/p>\n<p align=\"justify\" class=\"text1noticias\">Dijo que una verdadera revoluci\u00f3n democr\u00e1tica no se logra  sino se abre el camino para el acceso al conocimiento cient\u00edfico mediante el  acceso de la gente a los servicios y la participaci\u00f3n en actividades del  gobierno en las que expresen sus necesidades.<\/p>\n<p>&#13;<\/p>\n<p align=\"justify\" class=\"text1noticias\">Explic\u00f3 que las revoluciones surgen en las agendas  pol\u00edticas de los pueblos cuando los sistemas de gobierno fracasan y los pueblos  no encuentran otra forma o espacio de participaci\u00f3n. <\/p>\n<p>&#13;<\/p>\n<p align=\"justify\" class=\"text1noticias\">Destac\u00f3 que por primera vez en la historia del pa\u00eds hay  un sistema democr\u00e1tico que funciona ininterrumpidamente, sin represi\u00f3n contra  nadie porque todos los sectores expresan sus ideas, tras se\u00f1alar que cada  cuatro a\u00f1os tenemos elecciones que cada d\u00eda son m\u00e1s ejemplares y transparentes.<\/p>\n<p>&#13;<\/p>\n<p align=\"justify\" class=\"text1noticias\">Dijo que la palabra democracia, hoy d\u00eda tiene un gran  prestigio y que ahora de lo que se trata es de ver qui\u00e9n es m\u00e1s dem\u00f3crata. En  la conferencia organizada por el movimiento Partidarios de la Revoluci\u00f3n Democr\u00e1tica  (PARED), que tuvo lugar en el Audit\u00f3rium del Banco Central, el doctor Fern\u00e1ndez  destac\u00f3 que a partir de 1978, en Rep\u00fablica Dominicana y Am\u00e9rica Latina, hemos  tenido un proceso de transici\u00f3n\u00a0  democr\u00e1tica, pero que a\u00fan sigue siendo un proceso inconcluso que se ir\u00e1  fortaleciendo en los pueblos con m\u00e1s capacidad de respuestas, con mayor  participaci\u00f3n y la mejor\u00eda de las condiciones humanas en el orden econ\u00f3mico,  social y cultural.<\/p>\n<p>&#13;<\/p>\n<p align=\"justify\" class=\"text1noticias\">Refiri\u00f3 que en la poblaci\u00f3n latinoamericana hay un cambio  de actitud al aceptar que la democracia es la mejor forma de gobierno, pero que  a\u00fan as\u00ed se manifiestan inconformidades.<\/p>\n<p>&#13;<\/p>\n<p align=\"justify\" class=\"text1noticias\">Aclar\u00f3 que ese descontento no es por el sistema pol\u00edtico,  sino por las situaciones econ\u00f3micas heredadas de las dictaduras que, por lo general  dejan en los pueblos pobreza y desigualdad.<\/p>\n<p>&#13;<\/p>\n<p align=\"justify\" class=\"text1noticias\">Precis\u00f3 que el gran reto es, al tiempo de promover  iniciativas que fortalezcan la institucionalidad democr\u00e1tica, dar una respuesta  a los problemas econ\u00f3micos y sociales del pa\u00eds. <\/p>\n<p>&#13;<\/p>\n<p align=\"justify\" class=\"text1noticias\">Destac\u00f3 que en su primer gobierno el PLD logr\u00f3 una buena  gesti\u00f3n econ\u00f3mica y social, lo que no ha logrado el PRD en ninguno de los  per\u00edodos que le ha tocado dirigir los destinos del pa\u00eds.<\/p>\n<p>&#13;<\/p>\n<p align=\"justify\" class=\"text1noticias\">En ese sentido, se\u00f1al\u00f3 que la esperanza de mejor futuro  que representa el partido morado, ha ido desplazando al PRD porque en los 12  a\u00f1os que ha gobernado la econom\u00eda nunca ha crecido m\u00e1s de un cinco por ciento,  lo cual los convierte en malos gestores econ\u00f3micos y sociales y en esa medida  ha ido perdiendo su hegemon\u00eda de arraigo popular. <\/p>\n<p>&#13;<\/p>\n<p align=\"justify\" class=\"text1noticias\">\u201cEn la medida en que el Partido de la Liberaci\u00f3n Dominicana  combin\u00f3 lo que ya se hab\u00eda logrado de ejercicio democr\u00e1tico, pero con una  gesti\u00f3n econ\u00f3mica eficaz que al volver al poder en el 2004 se incrementa porque  heredamos una crisis econ\u00f3mica y financiera y la convierte en un momento de  crecimiento incluso por encima del per\u00edodo del 1996 al 2000, eso le permite el  impacto que va teniendo en el clima de inversi\u00f3n y generaci\u00f3n de la confianza,  la\u00a0 reducci\u00f3n de la pobreza reconocido  por la CEPAL\u201d,  refiri\u00f3 el mandatario.<\/p>\n<p>&#13;<\/p>\n<p align=\"justify\" class=\"text1noticias\">Agreg\u00f3 que esos logros se traducen en lo que tiene que  ver con el respaldo popular que tiene en la actualidad el PLD, lo cual lo  constituye en una fuerza mayoritaria con respaldo de la poblaci\u00f3n.<br \/>&#13;<br \/>\n  <br \/>&#13;<br \/>\n  Se\u00f1al\u00f3 que eso no sirve de nada si no somos capaces de  seguir avanzando con la promoci\u00f3n de iniciativas que vaya en beneficio de la  gran mayor\u00eda y responda a las necesidades m\u00e1s prioritarias de los ciudadanos.<\/p>\n<p>&#13;<\/p>\n<p align=\"justify\" class=\"text1noticias\">Un despacho de prensa precis\u00f3 que la conferencia fue  organizada y patrocinada por Leonardo Mercedes, coordinador general de PARED y M\u00f3nica  Satana, coordinadora nacional. <\/p>\n<p>&#13;<\/p>\n<p align=\"justify\" class=\"text1noticias\">El documento indic\u00f3 que la actividad cont\u00f3 con la  participaci\u00f3n de Carlos Dore Cabral, miembro del Comit\u00e9 Central del PLD y  destacadas personalidades de la vida social y pol\u00edtica del pa\u00eds.<\/p>\n<p>&#13;<\/p>\n<h6> 2008-04-16 15:40:22 <\/h6>\n<p><!--\n<link rel=\"stylesheet\" href=\"css\/bootstrap.min.css\">\n\n\n<ul class=\"pagination\">\n\t    \n\t\n\n<li >\n\t<a href='?page_no=33616'>Previous<\/a>\n\t<\/li>\n\n\n       \n    \n\n<li><a href='?page_no=1'>1<\/a><\/li>\n\n\n\n<li><a href='?page_no=2'>2<\/a><\/li>\n\n\n\n<li><a>...<\/a><\/li>\n\n\n\n<li><a href='?page_no=33615'>33615<\/a><\/li>\n\n\n\n<li><a href='?page_no=33616'>33616<\/a><\/li>\n\n\n\n<li class='active'><a>33617<\/a><\/li>\n\n\n\n<li><a href='?page_no=33618'>33618<\/a><\/li>\n\n\n\n<li><a href='?page_no=33619'>33619<\/a><\/li>\n\n\n\n<li><a>...<\/a><\/li>\n\n\n\n<li><a href='?page_no=36999'>36999<\/a><\/li>\n\n\n\n<li><a href='?page_no=37000'>37000<\/a><\/li>\n\n    \n\t\n\n<li >\n\t<a href='?page_no=33618'>Next<\/a>\n\t<\/li>\n\n\n    \n\n<li><a href='?page_no=37000'>Last &rsaquo;&rsaquo;<\/a><\/li>\n\n<\/ul>\n\n\n--><br \/>\n<\/body><\/p>\n","protected":false},"excerpt":{"rendered":"<p>Leonel Fern\u00e1ndez propone revoluci\u00f3n democr\u00e1tica en el pa\u00eds &#13; SANTO DOMINGO.- El candidato presidencial por el Partido de la Liberaci\u00f3n Dominicana y el Bloque Progresista, Leonel Fern\u00e1ndez, abog\u00f3 por una Revoluci\u00f3n Democr\u00e1tica\u00a0 basada en el bienestar econ\u00f3mico y social de la poblaci\u00f3n, lo cual dijo, solo se logra con la promoci\u00f3n del conocimiento a trav\u00e9s [&hellip;]<\/p>\n","protected":false},"author":3,"featured_media":0,"comment_status":"open","ping_status":"open","sticky":false,"template":"","format":"standard","meta":{"footnotes":""},"categories":[22],"tags":[],"class_list":["post-190869","post","type-post","status-publish","format-standard","hentry","category-politica"],"_links":{"self":[{"href":"https:\/\/diariodominicano.com\/index.php?rest_route=\/wp\/v2\/posts\/190869","targetHints":{"allow":["GET"]}}],"collection":[{"href":"https:\/\/diariodominicano.com\/index.php?rest_route=\/wp\/v2\/posts"}],"about":[{"href":"https:\/\/diariodominicano.com\/index.php?rest_route=\/wp\/v2\/types\/post"}],"author":[{"embeddable":true,"href":"https:\/\/diariodominicano.com\/index.php?rest_route=\/wp\/v2\/users\/3"}],"replies":[{"embeddable":true,"href":"https:\/\/diariodominicano.com\/index.php?rest_route=%2Fwp%2Fv2%2Fcomments&post=190869"}],"version-history":[{"count":0,"href":"https:\/\/diariodominicano.com\/index.php?rest_route=\/wp\/v2\/posts\/190869\/revisions"}],"wp:attachment":[{"href":"https:\/\/diariodominicano.com\/index.php?rest_route=%2Fwp%2Fv2%2Fmedia&parent=190869"}],"wp:term":[{"taxonomy":"category","embeddable":true,"href":"https:\/\/diariodominicano.com\/index.php?rest_route=%2Fwp%2Fv2%2Fcategories&post=190869"},{"taxonomy":"post_tag","embeddable":true,"href":"https:\/\/diariodominicano.com\/index.php?rest_route=%2Fwp%2Fv2%2Ftags&post=190869"}],"curies":[{"name":"wp","href":"https:\/\/api.w.org\/{rel}","templated":true}]}}