{"id":190865,"date":"2008-04-16T19:26:25","date_gmt":"2008-04-16T19:26:25","guid":{"rendered":"http:\/\/diariodominicano.ddns.net\/?p=190865"},"modified":"2008-04-16T19:26:25","modified_gmt":"2008-04-16T19:26:25","slug":"vice-pld-juramenta-directorio-municipal-del-prsc-en-licey","status":"publish","type":"post","link":"https:\/\/diariodominicano.com\/?p=190865","title":{"rendered":"Vice PLD juramenta Directorio Municipal del PRSC en Licey"},"content":{"rendered":"<p><body><\/p>\n<p align=\"center\" class=\"titulogrande1\"><strong>Vice PLD juramenta Directorio Municipal del PRSC en Licey <\/strong><\/p>\n<p>&#13;<\/p>\n<p align=\"justify\" class=\"text1noticias\"><strong><img loading=\"lazy\" decoding=\"async\" src=\"http:\/\/localhost:8080\/img\/vice juramenta.jpg\" width=\"375\" height=\"758\" hspace=\"4\" align=\"left\" \/>Licey Al Medio, SANTIAGO.-<\/strong> El candidato vicepresidencial del Partido de la Liberaci\u00f3n Dominicana  (PLD), doctor Rafael Alburquerque, jurament\u00f3 ayer aqu\u00ed al Directorio Municipal  completo del Partido Reformistas Social Cristiano (PRSC), durante un acto que  se celebr\u00f3 en el Hotel Matun.<\/p>\n<p>&#13;<\/p>\n<p align=\"justify\" class=\"text1noticias\">Tras agradecer el apoyo de los principales dirigentes del PRSC en este  municipio, el vicepresidente de la Rep\u00fablica, record\u00f3 que los presentes estaban  con ese acto haciendo honor, a la decisi\u00f3n que tomar\u00e1 su l\u00edder hist\u00f3rico,  doctor Joaqu\u00edn Balaguer, cuando a trav\u00e9s del Frente Patri\u00f3tico, apoy\u00f3 la  candidatura del Presidente Leonel Fern\u00e1ndez, en el 1996.<\/p>\n<p>&#13;<\/p>\n<p align=\"justify\" class=\"text1noticias\">\u201cEste acto hace honor al presidente Joaqu\u00edn Balaguer, fundador y l\u00edder del  PRSC, quien en un evento similar a \u00e9ste, en el Palacio de Los Deportes, junto  al profesor Juan Bosch, levant\u00f3 las manos del doctor Leonel Fern\u00e1ndez y dijo  categ\u00f3ricamente que hab\u00eda que apoyarlo para cerrar el camino malo\u201d, enfatiz\u00f3.<\/p>\n<p>&#13;<\/p>\n<p align=\"justify\" class=\"text1noticias\">Record\u00f3 adem\u00e1s, que en este pa\u00eds todo el mundo sabe quienes representan el  camino malo, tras asegurar que este pr\u00f3ximo 16 de mayo no es solamente votar,  sino, que en este proceso el pueblo dominicano va a decidir sin continua  transitando el camino bueno y del progreso o elige el camino malo del  retroceso, que representa el PRD y el PPH.<\/p>\n<p>&#13;<\/p>\n<p align=\"justify\" class=\"text1noticias\">Subray\u00f3 adem\u00e1s que los que representan el Camino Malo lanzaron a la pobreza  a un mill\u00f3n 500 mil dominicanos, cuando se dispararon los precios de los  art\u00edculos de primera necesidad, convirtiendo los supermercados en verdaderas  Casas del Terror, la prima del d\u00f3lar se dispar\u00f3 a 60 por uno, unos 600 mil  trabajadores perdieron sus puestos de trabajo, y el pa\u00eds vivi\u00f3 un estado de  zozobra y cat\u00e1strofe generalizado.<\/p>\n<p>&#13;<\/p>\n<p align=\"justify\" class=\"text1noticias\">Entre la decena de dirigentes del PRSC de este municipio, la Placeta, la Canela\u00a0 y otros parajes del municipio de San Jos\u00e9 de  las Matas que pasaron a apoyar las candidaturas del Presidente Leonel  Fern\u00e1ndez, est\u00e1n Francisco Cabrera, Juan Pablo Guti\u00e9rrez, Jos\u00e9 Almonte y otros. <\/p>\n<p>&#13;<\/p>\n<p align=\"justify\" class=\"text1noticias\">El doctor Alburquerque estuvo acompa\u00f1ado del Gobernador provincial, Jos\u00e9  Izquierdo y los dirigentes provinciales de esta ciudad, as\u00ed como de los  coordinadores la campa\u00f1a vicepresidencial, Domingo Contreras, Pablo King, Ram\u00f3n  Ram\u00edrez, Elizabenth Matos y otros.<\/p>\n<p>&#13;<\/p>\n<p align=\"justify\" class=\"text1noticias\">El candidato vicepresidencial del PLD encabezar\u00e1 hoy la juramentaci\u00f3n de un  movimiento de j\u00f3venes, en el Coliseo Carlos Teo Cruz, de la capital, en tanto  que el jueves estar\u00e1 en Villa Altagracia, donde juramentar\u00e1 otros movimientos  de apoyo a la reelecci\u00f3n del Presidente Fern\u00e1ndez, mientras que el viernes,  s\u00e1bado y domingo, recorrer\u00e1 los municipios de Hato Mayor y San Pedro de  Macor\u00eds, en el Este.<\/p>\n<p>&#13;<\/p>\n<h6> 2008-04-16 19:26:25 <\/h6>\n<p><!--\n<link rel=\"stylesheet\" href=\"css\/bootstrap.min.css\">\n\n\n<ul class=\"pagination\">\n\t    \n\t\n\n<li >\n\t<a href='?page_no=33612'>Previous<\/a>\n\t<\/li>\n\n\n       \n    \n\n<li><a href='?page_no=1'>1<\/a><\/li>\n\n\n\n<li><a href='?page_no=2'>2<\/a><\/li>\n\n\n\n<li><a>...<\/a><\/li>\n\n\n\n<li><a href='?page_no=33611'>33611<\/a><\/li>\n\n\n\n<li><a href='?page_no=33612'>33612<\/a><\/li>\n\n\n\n<li class='active'><a>33613<\/a><\/li>\n\n\n\n<li><a href='?page_no=33614'>33614<\/a><\/li>\n\n\n\n<li><a href='?page_no=33615'>33615<\/a><\/li>\n\n\n\n<li><a>...<\/a><\/li>\n\n\n\n<li><a href='?page_no=36999'>36999<\/a><\/li>\n\n\n\n<li><a href='?page_no=37000'>37000<\/a><\/li>\n\n    \n\t\n\n<li >\n\t<a href='?page_no=33614'>Next<\/a>\n\t<\/li>\n\n\n    \n\n<li><a href='?page_no=37000'>Last &rsaquo;&rsaquo;<\/a><\/li>\n\n<\/ul>\n\n\n--><br \/>\n<\/body><\/p>\n","protected":false},"excerpt":{"rendered":"<p>Vice PLD juramenta Directorio Municipal del PRSC en Licey &#13; Licey Al Medio, SANTIAGO.- El candidato vicepresidencial del Partido de la Liberaci\u00f3n Dominicana (PLD), doctor Rafael Alburquerque, jurament\u00f3 ayer aqu\u00ed al Directorio Municipal completo del Partido Reformistas Social Cristiano (PRSC), durante un acto que se celebr\u00f3 en el Hotel Matun. &#13; Tras agradecer el apoyo [&hellip;]<\/p>\n","protected":false},"author":3,"featured_media":0,"comment_status":"open","ping_status":"open","sticky":false,"template":"","format":"standard","meta":{"footnotes":""},"categories":[22],"tags":[],"class_list":["post-190865","post","type-post","status-publish","format-standard","hentry","category-politica"],"_links":{"self":[{"href":"https:\/\/diariodominicano.com\/index.php?rest_route=\/wp\/v2\/posts\/190865","targetHints":{"allow":["GET"]}}],"collection":[{"href":"https:\/\/diariodominicano.com\/index.php?rest_route=\/wp\/v2\/posts"}],"about":[{"href":"https:\/\/diariodominicano.com\/index.php?rest_route=\/wp\/v2\/types\/post"}],"author":[{"embeddable":true,"href":"https:\/\/diariodominicano.com\/index.php?rest_route=\/wp\/v2\/users\/3"}],"replies":[{"embeddable":true,"href":"https:\/\/diariodominicano.com\/index.php?rest_route=%2Fwp%2Fv2%2Fcomments&post=190865"}],"version-history":[{"count":0,"href":"https:\/\/diariodominicano.com\/index.php?rest_route=\/wp\/v2\/posts\/190865\/revisions"}],"wp:attachment":[{"href":"https:\/\/diariodominicano.com\/index.php?rest_route=%2Fwp%2Fv2%2Fmedia&parent=190865"}],"wp:term":[{"taxonomy":"category","embeddable":true,"href":"https:\/\/diariodominicano.com\/index.php?rest_route=%2Fwp%2Fv2%2Fcategories&post=190865"},{"taxonomy":"post_tag","embeddable":true,"href":"https:\/\/diariodominicano.com\/index.php?rest_route=%2Fwp%2Fv2%2Ftags&post=190865"}],"curies":[{"name":"wp","href":"https:\/\/api.w.org\/{rel}","templated":true}]}}