{"id":190843,"date":"2008-04-18T19:31:34","date_gmt":"2008-04-18T19:31:34","guid":{"rendered":"http:\/\/diariodominicano.ddns.net\/?p=190843"},"modified":"2008-04-18T19:31:34","modified_gmt":"2008-04-18T19:31:34","slug":"amable-aristy-prsc-unico-partido-toma-en-cuenta-el-cibao","status":"publish","type":"post","link":"https:\/\/diariodominicano.com\/?p=190843","title":{"rendered":"Amable Aristy: PRSC \u00fanico partido toma en cuenta el Cibao"},"content":{"rendered":"<p><body><\/p>\n<p class=\"titulogrande1\"><strong>Amable Aristy: PRSC \u00fanico partido toma en cuenta el Cibao<\/strong><\/p>\n<p>&#13;<\/p>\n<p align=\"justify\" class=\"text1noticias\"><strong><img loading=\"lazy\" decoding=\"async\" src=\"http:\/\/localhost:8080\/img\/amable cafecito.jpg\" width=\"375\" height=\"234\" hspace=\"4\" align=\"left\" \/>SANTIAGO.-<\/strong> El Partido Reformista Social Cristiano  (PRSC) ha sido la \u00fanica organizaci\u00f3n que, en esta contienda electoral, ha  tomado en cuenta a la regi\u00f3n del Cibao, al escoger como candidato a la  vicepresidencia de la Rep\u00fablica  a un hijo neto de Santiago, a Jos\u00e9 Enrique Sued Sem.<\/p>\n<p>&#13;<\/p>\n<p align=\"justify\" class=\"text1noticias\">\u201cDe todos los partidos que contienden en estos  comicios, nosotros tenemos al \u00fanico representante del Cibao en la boleta\u201d, dijo  el licenciado Amable Aristy Castro al comparecer ante la matr\u00edcula de las  asociaciones empresariales de esta ciudad.<\/p>\n<p>&#13;<\/p>\n<p align=\"justify\" class=\"text1noticias\">El aspirante presidencial reformista aprovech\u00f3 su estad\u00eda  en \u201cla ciudad coraz\u00f3n\u201d para recibir a seguidores y atender algunas solicitudes  de ayudas de personas que se les acercaban, plante\u00e1ndole alg\u00fan problema de  salud y de otra \u00edndole.<\/p>\n<p>&#13;<\/p>\n<p align=\"justify\" class=\"text1noticias\">Adem\u00e1s, Aristy Castro, antes de marcharse a Santo  Domingo para cumplir con otros compromisos de campa\u00f1a, particip\u00f3 en el programa  El Cafecito de Teleuniverso, Canal 29, donde fue entrevistado sobre diversos t\u00f3picos  por los conductores Haime Tomas Fr\u00edas y Tony Rodr\u00edguez.<\/p>\n<p>&#13;<\/p>\n<p align=\"justify\" class=\"text1noticias\">Al valorar la inclusi\u00f3n de Jos\u00e9 Enrique en la boleta  colorada, asegur\u00f3 que fue la mejor elecci\u00f3n, ya que se trata de uno de los  funcionarios municipales mas serios y trabajadores de todos los que tiene el pa\u00eds,  \u201clo que ha demostrado con los hechos\u201d.<\/p>\n<p>&#13;<\/p>\n<p align=\"justify\" class=\"text1noticias\">\u201cSantiago y el Cibao han sabido, a trav\u00e9s de la  historia, ofrendar sus mejores hijos y sus mayores esfuerzos a favor de las  mejores causas de la Rep\u00fablica\u201d,  proclam\u00f3 en sus palabras el candidato al m\u00e1s alto cargo del pa\u00eds por el PRSC.<\/p>\n<p>&#13;<\/p>\n<p align=\"justify\" class=\"text1noticias\">Dentro de este contexto asegur\u00f3 que los cibae\u00f1os y las  cibae\u00f1as,\u00a0 en las elecciones venideras, est\u00e1n  representados y representadas por uno de sus m\u00e1s trabajadores e ilustres hijos,  que lo es Sued Sem, quien ha encabezado varias administraciones municipales en  Santiago.<\/p>\n<p>&#13;<\/p>\n<p align=\"justify\" class=\"text1noticias\">Aristy Castro insisti\u00f3 que, la colorada, constituye el  mejor testimonio de que es la \u00fanica boleta con esas caracter\u00edsticas, ya que  ninguno de los dem\u00e1s partidos que participan de este proceso tomaron en cuenta  la regi\u00f3n cibae\u00f1a a la hora de seleccionar a sus candidatos vicepresidenciales.<\/p>\n<p>&#13;<\/p>\n<p align=\"justify\" class=\"text1noticias\">Por lo tanto, agreg\u00f3, este s\u00f3lo elemento es la mejor garant\u00eda  de que el binomio reformista integrado por \u00e9l y Sued es el que m\u00e1s conviene al  progreso de Santiago y la Regi\u00f3n,  incluidos los sectores productivos en general.<\/p>\n<p>&#13;<\/p>\n<p align=\"justify\" class=\"text1noticias\">Prometi\u00f3 ante la concurrencia que en caso de  juramentarse como presidente de la   Republica, el 16 de agosto, el 30 por ciento de los funcionarios  de su gobierno ser\u00e1 escogido del Cibao y, particularmente, de Santiago de los  Caballeros.<\/p>\n<p>&#13;<\/p>\n<p align=\"justify\" class=\"text1noticias\">Aristy Castro\u00a0  dijo tener fe absoluta en el pueblo dominicano y en los habitantes de la  regi\u00f3n, as\u00ed como en Dios y la   Virgen de la   Altagracia, a la que consider\u00f3 como \u201c\u00fanica reina y soberana  del pueblo\u201d. Una tanda de preguntas y respuestas se inici\u00f3 luego de su  exposici\u00f3n en la sede del Edificio Empresarial, que estuvo atestado de  empresarios y seguidores.<\/p>\n<p>&#13;<\/p>\n<p align=\"justify\" class=\"text1noticias\">Sued Sem se excus\u00f3 en esta actividad, ya que se encontraba  en actividades de campa\u00f1a por la regi\u00f3n Noroeste. <br \/>&#13;<br \/>\n  <br \/>&#13;<br \/>\nAyer estuvo en Dajab\u00f3n y hoy  se encuentra en Montecristi. Este s\u00e1bado continuar\u00e1 el recorrido por la  provincia Valverde, Mao.<\/p>\n<p>&#13;<\/p>\n<h6> 2008-04-18 19:31:34 <\/h6>\n<p><!--\n<link rel=\"stylesheet\" href=\"css\/bootstrap.min.css\">\n\n\n<ul class=\"pagination\">\n\t    \n\t\n\n<li >\n\t<a href='?page_no=33590'>Previous<\/a>\n\t<\/li>\n\n\n       \n    \n\n<li><a href='?page_no=1'>1<\/a><\/li>\n\n\n\n<li><a href='?page_no=2'>2<\/a><\/li>\n\n\n\n<li><a>...<\/a><\/li>\n\n\n\n<li><a href='?page_no=33589'>33589<\/a><\/li>\n\n\n\n<li><a href='?page_no=33590'>33590<\/a><\/li>\n\n\n\n<li class='active'><a>33591<\/a><\/li>\n\n\n\n<li><a href='?page_no=33592'>33592<\/a><\/li>\n\n\n\n<li><a href='?page_no=33593'>33593<\/a><\/li>\n\n\n\n<li><a>...<\/a><\/li>\n\n\n\n<li><a href='?page_no=36999'>36999<\/a><\/li>\n\n\n\n<li><a href='?page_no=37000'>37000<\/a><\/li>\n\n    \n\t\n\n<li >\n\t<a href='?page_no=33592'>Next<\/a>\n\t<\/li>\n\n\n    \n\n<li><a href='?page_no=37000'>Last &rsaquo;&rsaquo;<\/a><\/li>\n\n<\/ul>\n\n\n--><br \/>\n<\/body><\/p>\n","protected":false},"excerpt":{"rendered":"<p>Amable Aristy: PRSC \u00fanico partido toma en cuenta el Cibao &#13; SANTIAGO.- El Partido Reformista Social Cristiano (PRSC) ha sido la \u00fanica organizaci\u00f3n que, en esta contienda electoral, ha tomado en cuenta a la regi\u00f3n del Cibao, al escoger como candidato a la vicepresidencia de la Rep\u00fablica a un hijo neto de Santiago, a Jos\u00e9 [&hellip;]<\/p>\n","protected":false},"author":3,"featured_media":0,"comment_status":"open","ping_status":"open","sticky":false,"template":"","format":"standard","meta":{"footnotes":""},"categories":[22],"tags":[],"class_list":["post-190843","post","type-post","status-publish","format-standard","hentry","category-politica"],"_links":{"self":[{"href":"https:\/\/diariodominicano.com\/index.php?rest_route=\/wp\/v2\/posts\/190843","targetHints":{"allow":["GET"]}}],"collection":[{"href":"https:\/\/diariodominicano.com\/index.php?rest_route=\/wp\/v2\/posts"}],"about":[{"href":"https:\/\/diariodominicano.com\/index.php?rest_route=\/wp\/v2\/types\/post"}],"author":[{"embeddable":true,"href":"https:\/\/diariodominicano.com\/index.php?rest_route=\/wp\/v2\/users\/3"}],"replies":[{"embeddable":true,"href":"https:\/\/diariodominicano.com\/index.php?rest_route=%2Fwp%2Fv2%2Fcomments&post=190843"}],"version-history":[{"count":0,"href":"https:\/\/diariodominicano.com\/index.php?rest_route=\/wp\/v2\/posts\/190843\/revisions"}],"wp:attachment":[{"href":"https:\/\/diariodominicano.com\/index.php?rest_route=%2Fwp%2Fv2%2Fmedia&parent=190843"}],"wp:term":[{"taxonomy":"category","embeddable":true,"href":"https:\/\/diariodominicano.com\/index.php?rest_route=%2Fwp%2Fv2%2Fcategories&post=190843"},{"taxonomy":"post_tag","embeddable":true,"href":"https:\/\/diariodominicano.com\/index.php?rest_route=%2Fwp%2Fv2%2Ftags&post=190843"}],"curies":[{"name":"wp","href":"https:\/\/api.w.org\/{rel}","templated":true}]}}