{"id":190842,"date":"2008-04-18T19:38:49","date_gmt":"2008-04-18T19:38:49","guid":{"rendered":"http:\/\/diariodominicano.ddns.net\/?p=190842"},"modified":"2008-04-18T19:38:49","modified_gmt":"2008-04-18T19:38:49","slug":"leonel-fernandez-gana-por-cuarta-semana-consecutiva-encuesta-de-accion-mananera-en-barahona","status":"publish","type":"post","link":"https:\/\/diariodominicano.com\/?p=190842","title":{"rendered":"Leonel Fern\u00e1ndez, gana por cuarta semana consecutiva encuesta de Acci\u00f3n Ma\u00f1anera, en Barahona"},"content":{"rendered":"<p><body><\/p>\n<p align=\"justify\"><span class=\"titulogrande1\">Leonel Fern\u00e1ndez, gana por cuarta semana consecutiva  encuesta de Acci\u00f3n Ma\u00f1anera, en Barahona<\/span><br \/>&#13;<br \/>\n      <strong><br \/>&#13;<br \/>\n    BARAHONA.-<\/strong><span class=\"text1noticias\"> El candidato presidencial del partido de la  Liberaci\u00f3n Dominicana (PLD) y el Bloque Progresista doctor Leonel Fern\u00e1ndez  Reyna, gan\u00f3 por cuarta semana  consecutiva la encuesta telef\u00f3nica  realizada en el programa radial \u201cAcci\u00f3n Ma\u00f1anera\u201d que se transmite por la  emisora Palma FM , con un 63.2 por ciento.<br \/>&#13;<br \/>\n    <br \/>&#13;<br \/>\n El aspirante presidencial por  el opositor Partido Revolucionario Dominicano (PRD), Miguel Vargas Maldonado  obtuvo un 33.6 por ciento, mientras\u00a0 que Amable Aristy Castro,  candidato presidencial por el Partido Reformista Social Cristiano (PRSC), logr\u00f3  un 0.02 por ciento y Guillermo Moreno del Miuca un\u00a0 0.008 por ciento.<\/span><\/p>\n<p>&#13;<\/p>\n<p align=\"justify\" class=\"text1noticias\">El candidato del PLD, PTD\u00a0 y\u00a0 dem\u00e1s fuerzas aliadas, Fern\u00e1ndez Reyna  de125\u00a0 llamadas de los oyentes fue  favorecido con 79 llamadas, Vargas Maldonado 42, Aristy Castro\u00a0 3 y\u00a0Guillermo\u00a0 Moreno 1.<\/p>\n<p>&#13;<\/p>\n<p align=\"justify\" class=\"text1noticias\">El programa  radial \u00bb Acci\u00f3n Ma\u00f1anera \u00ab, se transmite\u00a0de lunes a  viernes de 7 a 9 de la ma\u00f1ana por la emisora Palma FM, en los 90.7,\u00a0 de  \u00a0\u201cEmpresas Radiof\u00f3nicas\u201d, y es conducido por el doctor N\u00e9stor De Jes\u00fas  Laurens, el locutor Wilfrido Pe\u00f1a G\u00f3mez, el periodista Alcib\u00edades Moreta y el  ingeniero Manolo S\u00e1nchez. <\/p>\n<p>&#13;<\/p>\n<h6> 2008-04-18 19:38:49 <\/h6>\n<p><!--\n<link rel=\"stylesheet\" href=\"css\/bootstrap.min.css\">\n\n\n<ul class=\"pagination\">\n\t    \n\t\n\n<li >\n\t<a href='?page_no=33589'>Previous<\/a>\n\t<\/li>\n\n\n       \n    \n\n<li><a href='?page_no=1'>1<\/a><\/li>\n\n\n\n<li><a href='?page_no=2'>2<\/a><\/li>\n\n\n\n<li><a>...<\/a><\/li>\n\n\n\n<li><a href='?page_no=33588'>33588<\/a><\/li>\n\n\n\n<li><a href='?page_no=33589'>33589<\/a><\/li>\n\n\n\n<li class='active'><a>33590<\/a><\/li>\n\n\n\n<li><a href='?page_no=33591'>33591<\/a><\/li>\n\n\n\n<li><a href='?page_no=33592'>33592<\/a><\/li>\n\n\n\n<li><a>...<\/a><\/li>\n\n\n\n<li><a href='?page_no=36999'>36999<\/a><\/li>\n\n\n\n<li><a href='?page_no=37000'>37000<\/a><\/li>\n\n    \n\t\n\n<li >\n\t<a href='?page_no=33591'>Next<\/a>\n\t<\/li>\n\n\n    \n\n<li><a href='?page_no=37000'>Last &rsaquo;&rsaquo;<\/a><\/li>\n\n<\/ul>\n\n\n--><br \/>\n<\/body><\/p>\n","protected":false},"excerpt":{"rendered":"<p>Leonel Fern\u00e1ndez, gana por cuarta semana consecutiva encuesta de Acci\u00f3n Ma\u00f1anera, en Barahona&#13; &#13; BARAHONA.- El candidato presidencial del partido de la Liberaci\u00f3n Dominicana (PLD) y el Bloque Progresista doctor Leonel Fern\u00e1ndez Reyna, gan\u00f3 por cuarta semana consecutiva la encuesta telef\u00f3nica realizada en el programa radial \u201cAcci\u00f3n Ma\u00f1anera\u201d que se transmite por la emisora Palma [&hellip;]<\/p>\n","protected":false},"author":3,"featured_media":0,"comment_status":"open","ping_status":"open","sticky":false,"template":"","format":"standard","meta":{"footnotes":""},"categories":[22],"tags":[],"class_list":["post-190842","post","type-post","status-publish","format-standard","hentry","category-politica"],"_links":{"self":[{"href":"https:\/\/diariodominicano.com\/index.php?rest_route=\/wp\/v2\/posts\/190842","targetHints":{"allow":["GET"]}}],"collection":[{"href":"https:\/\/diariodominicano.com\/index.php?rest_route=\/wp\/v2\/posts"}],"about":[{"href":"https:\/\/diariodominicano.com\/index.php?rest_route=\/wp\/v2\/types\/post"}],"author":[{"embeddable":true,"href":"https:\/\/diariodominicano.com\/index.php?rest_route=\/wp\/v2\/users\/3"}],"replies":[{"embeddable":true,"href":"https:\/\/diariodominicano.com\/index.php?rest_route=%2Fwp%2Fv2%2Fcomments&post=190842"}],"version-history":[{"count":0,"href":"https:\/\/diariodominicano.com\/index.php?rest_route=\/wp\/v2\/posts\/190842\/revisions"}],"wp:attachment":[{"href":"https:\/\/diariodominicano.com\/index.php?rest_route=%2Fwp%2Fv2%2Fmedia&parent=190842"}],"wp:term":[{"taxonomy":"category","embeddable":true,"href":"https:\/\/diariodominicano.com\/index.php?rest_route=%2Fwp%2Fv2%2Fcategories&post=190842"},{"taxonomy":"post_tag","embeddable":true,"href":"https:\/\/diariodominicano.com\/index.php?rest_route=%2Fwp%2Fv2%2Ftags&post=190842"}],"curies":[{"name":"wp","href":"https:\/\/api.w.org\/{rel}","templated":true}]}}