{"id":190841,"date":"2008-04-18T20:46:48","date_gmt":"2008-04-18T20:46:48","guid":{"rendered":"http:\/\/diariodominicano.ddns.net\/?p=190841"},"modified":"2008-04-18T20:46:48","modified_gmt":"2008-04-18T20:46:48","slug":"el-doctor-puello-dice-que-es-un-reto-de-los-dominicanos-echar-del-poder-al-presidente-fernandez","status":"publish","type":"post","link":"https:\/\/diariodominicano.com\/?p=190841","title":{"rendered":"El doctor Puello dice que es un reto de los dominicanos echar del poder al Presidente Fern\u00e1ndez"},"content":{"rendered":"<p><body><\/p>\n<p align=\"justify\" class=\"titulogrande1\"><strong>El  doctor Puello dice que es un reto de los dominicanos echar del poder al  Presidente Fern\u00e1ndez<\/strong><\/p>\n<p>&#13;<\/p>\n<p align=\"justify\" class=\"text1noticias\"><strong><img loading=\"lazy\" decoding=\"async\" src=\"http:\/\/localhost:8080\/img\/puello prd.jpg\" width=\"375\" height=\"504\" hspace=\"4\" align=\"left\" \/>Santo Domingo.-<\/strong> El doctor Jos\u00e9 Joaqu\u00edn Puello,  candidato vicepresidencial del Partido Revolucionario Dominicano, advirti\u00f3 que  los dominicanos enfrentan el reto de echar del poder al Presidente Leonel  Fern\u00e1ndez.<\/p>\n<p>&#13;<\/p>\n<p align=\"justify\" class=\"text1noticias\">Puello dijo al juramentar en  Santiago el movimiento Propuesta Electoral Antirreeleccionista que el actual  Presidente y candidato a la reelecci\u00f3n no ha cumplido con la responsabilidad de  gobernar como le confi\u00f3 el pueblo dominicano en las elecciones de hace cuatro  a\u00f1os.<\/p>\n<p>&#13;<\/p>\n<p align=\"justify\" class=\"text1noticias\">El movimiento Propuesta Electoral  Antirreeleccionista lo encabeza el doctor El\u00edas Serulle, quien fuera Diputado por  Santiago y miembro del Comit\u00e9 Central del Partido de la Liberaci\u00f3n Dominicana.<\/p>\n<p>&#13;<\/p>\n<p align=\"justify\" class=\"text1noticias\"> En un acto realizado en la cl\u00ednica  Corominas, el candidato a la   Vicepresidencia por el PRD jurament\u00f3 a decenas de m\u00e9dicos de  hospitales y de centros de salud privados de Santiago.<\/p>\n<p>&#13;<\/p>\n<p align=\"justify\" class=\"text1noticias\">Asimismo, el doctor Jos\u00e9 Joaqu\u00edn  Puello jurament\u00f3 en el Club de Ferreteros de Santiago a otros movimientos que  se adhirieron al Sector Externo por la Victoria Electoral  (SEV\u00c9).<\/p>\n<p>&#13;<\/p>\n<p align=\"justify\" class=\"text1noticias\"> El doctor Puello tom\u00f3 el juramento  al movimiento En L\u00ednea con Miguel, que dirigen Jos\u00e9 Augusto y la licenciada  Sonia Guzm\u00e1n de Hern\u00e1ndez y el Movimiento Revolucionario Cristiano Sector  Human\u00edstico, presidido por Rafael Pe\u00f1a.<\/p>\n<p>&#13;<\/p>\n<p align=\"justify\" class=\"text1noticias\">Tambi\u00e9n, Esperanza Vuelve con  Miguel, que dirige Pedro Ventura; Visi\u00f3n Futura, que dirige Ram\u00f3n G\u00f3mez; Unidas  con Miguel, de Jacqueline Mart\u00ednez y Propuesta Nacional Sector Legal del  abogado Julio Benoit.<\/p>\n<p>&#13;<\/p>\n<p align=\"justify\" class=\"text1noticias\">El ingeniero Leonardo Mercado  tambi\u00e9n fue juramentado por el doctor Jos\u00e9 Joaqu\u00edn Puello junto a los miembros  del Equipo de Ingenieros y Arquitectos con Miguel.<\/p>\n<p>&#13;<\/p>\n<h6> 2008-04-18 20:46:48 <\/h6>\n<p><!--\n<link rel=\"stylesheet\" href=\"css\/bootstrap.min.css\">\n\n\n<ul class=\"pagination\">\n\t    \n\t\n\n<li >\n\t<a href='?page_no=33588'>Previous<\/a>\n\t<\/li>\n\n\n       \n    \n\n<li><a href='?page_no=1'>1<\/a><\/li>\n\n\n\n<li><a href='?page_no=2'>2<\/a><\/li>\n\n\n\n<li><a>...<\/a><\/li>\n\n\n\n<li><a href='?page_no=33587'>33587<\/a><\/li>\n\n\n\n<li><a href='?page_no=33588'>33588<\/a><\/li>\n\n\n\n<li class='active'><a>33589<\/a><\/li>\n\n\n\n<li><a href='?page_no=33590'>33590<\/a><\/li>\n\n\n\n<li><a href='?page_no=33591'>33591<\/a><\/li>\n\n\n\n<li><a>...<\/a><\/li>\n\n\n\n<li><a href='?page_no=36999'>36999<\/a><\/li>\n\n\n\n<li><a href='?page_no=37000'>37000<\/a><\/li>\n\n    \n\t\n\n<li >\n\t<a href='?page_no=33590'>Next<\/a>\n\t<\/li>\n\n\n    \n\n<li><a href='?page_no=37000'>Last &rsaquo;&rsaquo;<\/a><\/li>\n\n<\/ul>\n\n\n--><br \/>\n<\/body><\/p>\n","protected":false},"excerpt":{"rendered":"<p>El doctor Puello dice que es un reto de los dominicanos echar del poder al Presidente Fern\u00e1ndez &#13; Santo Domingo.- El doctor Jos\u00e9 Joaqu\u00edn Puello, candidato vicepresidencial del Partido Revolucionario Dominicano, advirti\u00f3 que los dominicanos enfrentan el reto de echar del poder al Presidente Leonel Fern\u00e1ndez. &#13; Puello dijo al juramentar en Santiago el movimiento [&hellip;]<\/p>\n","protected":false},"author":3,"featured_media":0,"comment_status":"open","ping_status":"open","sticky":false,"template":"","format":"standard","meta":{"footnotes":""},"categories":[22],"tags":[],"class_list":["post-190841","post","type-post","status-publish","format-standard","hentry","category-politica"],"_links":{"self":[{"href":"https:\/\/diariodominicano.com\/index.php?rest_route=\/wp\/v2\/posts\/190841","targetHints":{"allow":["GET"]}}],"collection":[{"href":"https:\/\/diariodominicano.com\/index.php?rest_route=\/wp\/v2\/posts"}],"about":[{"href":"https:\/\/diariodominicano.com\/index.php?rest_route=\/wp\/v2\/types\/post"}],"author":[{"embeddable":true,"href":"https:\/\/diariodominicano.com\/index.php?rest_route=\/wp\/v2\/users\/3"}],"replies":[{"embeddable":true,"href":"https:\/\/diariodominicano.com\/index.php?rest_route=%2Fwp%2Fv2%2Fcomments&post=190841"}],"version-history":[{"count":0,"href":"https:\/\/diariodominicano.com\/index.php?rest_route=\/wp\/v2\/posts\/190841\/revisions"}],"wp:attachment":[{"href":"https:\/\/diariodominicano.com\/index.php?rest_route=%2Fwp%2Fv2%2Fmedia&parent=190841"}],"wp:term":[{"taxonomy":"category","embeddable":true,"href":"https:\/\/diariodominicano.com\/index.php?rest_route=%2Fwp%2Fv2%2Fcategories&post=190841"},{"taxonomy":"post_tag","embeddable":true,"href":"https:\/\/diariodominicano.com\/index.php?rest_route=%2Fwp%2Fv2%2Ftags&post=190841"}],"curies":[{"name":"wp","href":"https:\/\/api.w.org\/{rel}","templated":true}]}}