{"id":190840,"date":"2008-04-18T20:57:08","date_gmt":"2008-04-18T20:57:08","guid":{"rendered":"http:\/\/diariodominicano.ddns.net\/?p=190840"},"modified":"2008-04-18T20:57:08","modified_gmt":"2008-04-18T20:57:08","slug":"amable-dice-leonel-es-culpable-de-alto-costo-de-la-vida","status":"publish","type":"post","link":"https:\/\/diariodominicano.com\/?p=190840","title":{"rendered":"Amable dice Leonel es culpable de alto costo de la vida"},"content":{"rendered":"<p><body><\/p>\n<p align=\"justify\"><strong class=\"titulogrande1\">Amable dice Leonel es  culpable de alto costo de la vida<\/strong><br \/>&#13;<br \/>\n  <br \/>&#13;<br \/>\n    <strong>Asegura escala alcista es consecuencia de abandono  agropecuaria, impuestos excesivos a \u00a0combustible, ITEBIS y energ\u00eda cara<\/strong><br \/>&#13;<br \/>\n    <br \/>&#13;<br \/>\n    <strong>Supermercado y colmados han vuelto a ser la casas  del terror<\/strong><\/p>\n<p>&#13;<\/p>\n<p align=\"justify\" class=\"text1noticias\"><strong><img loading=\"lazy\" decoding=\"async\" src=\"http:\/\/localhost:8080\/img\/amable caravana.jpg\" width=\"375\" height=\"249\" hspace=\"4\" align=\"left\" \/>La Vega.-<\/strong> El candidato presidencial del PRSC, Lic. Amable Aristy Castro, acus\u00f3  hoy al Dr. Leonel Fern\u00e1ndez, de ser el responsable de la escalda alcista que  vienen registrando los productos de primera necesidad y consider\u00f3 una burla la  designaci\u00f3n de una comisi\u00f3n para que rinda un informe sobre el particular.<\/p>\n<p>&#13;<\/p>\n<p align=\"justify\" class=\"text1noticias\">\u201cEl  responsable de los aumentos que han registrado los productos de primera  necesidad es Leonel, que ha dado la espalda a la agropecuaria, que ha aumentado  dos veces los impuestos a los combustibles, que elev\u00f3 el ITEBIS al 16% y que ha  condenado al pueblo a pagar la energ\u00eda m\u00e1s cara del mundo, es por eso y no por  otra cosa que sufrimos los embates de una espiral inflacionaria\u201d.<\/p>\n<p>&#13;<\/p>\n<p align=\"justify\" class=\"text1noticias\">Se\u00f1al\u00f3, que la  pasada administraci\u00f3n los supermercados, colmados y pulper\u00edas eran considerados  como las casas del terror, hoy son el purgatorio o la antesala del infierno,  afirm\u00f3 que el gobierno pelede\u00edsta a descuidado totalmente el campo dominicano  llevando a la quiebra a los productores agropecuarios.<\/p>\n<p>&#13;<\/p>\n<p align=\"justify\" class=\"text1noticias\">\u201cLos  avicultores, ganaderos, arroceros, porcicultores, han languidecido por la falta  de financiamiento, la carencia de caminos vecinales y la ausencia de asistencia  t\u00e9cnica que les debe brindar el Estado\u201d.<\/p>\n<p>&#13;<\/p>\n<p align=\"justify\" class=\"text1noticias\">Denunci\u00f3, que  el Inespre, cuya labor era precisamente era garantizar rentabilidad a los  productores agr\u00edcolas y precios justos a los consumidores, \u00e9sta cerrado,  mientras que el IAD y el Banco Agr\u00edcola son una entelequia, igualmente denunci\u00f3  que desaparecieron los programas como Prosema de la Secretar\u00eda de  Agricultura que se ocupaba de la preparaci\u00f3n de las tierras para siembra y la  donaci\u00f3n\u00a0 de semillas, de igual manera  han desaparecido las ayudant\u00edas de Obras P\u00fablicas que se encargaban del mantenimiento  de los caminos vecinales.<\/p>\n<p>&#13;<\/p>\n<p align=\"justify\" class=\"text1noticias\">Aristy Castro,  se expres\u00f3 en estos t\u00e9rminos, luego de encabezar una multitudinaria  marcha-caravana\u00a0 por los barrios de Mar\u00eda  Auxiliadora, La Carmelita,  El Tanque, Boca del Lobo, San Mart\u00edn, N\u00e1poles, El Ri\u00edto y Los Multis de esta  ciudad, el candidato presidencial reformista estuvo acompa\u00f1ado del diputado  Euclides Batista, el regidor Claudio Marte, Magalis L\u00f3pez, Enrique de Le\u00f3n,  William Arthur, Roberto Tolentino,\u00a0  Nicanor Taveras y el coordinador nacional de campa\u00f1a Ram\u00f3n Genao.<\/p>\n<p>&#13;<\/p>\n<p align=\"justify\" class=\"text1noticias\">Previamente,  Amable visit\u00f3 Jima, Rinc\u00f3n, Cutup\u00fa y Ranchito donde recibi\u00f3 grandes muestras de  apoyo de la poblaci\u00f3n de esos lugares, por los cuales era aclamado como pr\u00f3ximo  presidente y el presidente de los pobres, ha sido notoria despu\u00e9s de la integraci\u00f3n  de Jos\u00e9 Enrique Sued la fortaleza del PRSC en todo el Cibao. \u00a0<strong>\u00a0\u00a0<\/strong><\/p>\n<p>&#13;<\/p>\n<h6> 2008-04-18 20:57:08 <\/h6>\n<p><!--\n<link rel=\"stylesheet\" href=\"css\/bootstrap.min.css\">\n\n\n<ul class=\"pagination\">\n\t    \n\t\n\n<li >\n\t<a href='?page_no=33587'>Previous<\/a>\n\t<\/li>\n\n\n       \n    \n\n<li><a href='?page_no=1'>1<\/a><\/li>\n\n\n\n<li><a href='?page_no=2'>2<\/a><\/li>\n\n\n\n<li><a>...<\/a><\/li>\n\n\n\n<li><a href='?page_no=33586'>33586<\/a><\/li>\n\n\n\n<li><a href='?page_no=33587'>33587<\/a><\/li>\n\n\n\n<li class='active'><a>33588<\/a><\/li>\n\n\n\n<li><a href='?page_no=33589'>33589<\/a><\/li>\n\n\n\n<li><a href='?page_no=33590'>33590<\/a><\/li>\n\n\n\n<li><a>...<\/a><\/li>\n\n\n\n<li><a href='?page_no=36999'>36999<\/a><\/li>\n\n\n\n<li><a href='?page_no=37000'>37000<\/a><\/li>\n\n    \n\t\n\n<li >\n\t<a href='?page_no=33589'>Next<\/a>\n\t<\/li>\n\n\n    \n\n<li><a href='?page_no=37000'>Last &rsaquo;&rsaquo;<\/a><\/li>\n\n<\/ul>\n\n\n--><br \/>\n<\/body><\/p>\n","protected":false},"excerpt":{"rendered":"<p>Amable dice Leonel es culpable de alto costo de la vida&#13; &#13; Asegura escala alcista es consecuencia de abandono agropecuaria, impuestos excesivos a \u00a0combustible, ITEBIS y energ\u00eda cara&#13; &#13; Supermercado y colmados han vuelto a ser la casas del terror &#13; La Vega.- El candidato presidencial del PRSC, Lic. Amable Aristy Castro, acus\u00f3 hoy al [&hellip;]<\/p>\n","protected":false},"author":3,"featured_media":0,"comment_status":"open","ping_status":"open","sticky":false,"template":"","format":"standard","meta":{"footnotes":""},"categories":[22],"tags":[],"class_list":["post-190840","post","type-post","status-publish","format-standard","hentry","category-politica"],"_links":{"self":[{"href":"https:\/\/diariodominicano.com\/index.php?rest_route=\/wp\/v2\/posts\/190840","targetHints":{"allow":["GET"]}}],"collection":[{"href":"https:\/\/diariodominicano.com\/index.php?rest_route=\/wp\/v2\/posts"}],"about":[{"href":"https:\/\/diariodominicano.com\/index.php?rest_route=\/wp\/v2\/types\/post"}],"author":[{"embeddable":true,"href":"https:\/\/diariodominicano.com\/index.php?rest_route=\/wp\/v2\/users\/3"}],"replies":[{"embeddable":true,"href":"https:\/\/diariodominicano.com\/index.php?rest_route=%2Fwp%2Fv2%2Fcomments&post=190840"}],"version-history":[{"count":0,"href":"https:\/\/diariodominicano.com\/index.php?rest_route=\/wp\/v2\/posts\/190840\/revisions"}],"wp:attachment":[{"href":"https:\/\/diariodominicano.com\/index.php?rest_route=%2Fwp%2Fv2%2Fmedia&parent=190840"}],"wp:term":[{"taxonomy":"category","embeddable":true,"href":"https:\/\/diariodominicano.com\/index.php?rest_route=%2Fwp%2Fv2%2Fcategories&post=190840"},{"taxonomy":"post_tag","embeddable":true,"href":"https:\/\/diariodominicano.com\/index.php?rest_route=%2Fwp%2Fv2%2Ftags&post=190840"}],"curies":[{"name":"wp","href":"https:\/\/api.w.org\/{rel}","templated":true}]}}