{"id":190839,"date":"2008-04-18T21:05:40","date_gmt":"2008-04-18T21:05:40","guid":{"rendered":"http:\/\/diariodominicano.ddns.net\/?p=190839"},"modified":"2008-04-18T21:05:40","modified_gmt":"2008-04-18T21:05:40","slug":"javier-garcia-acusa-al-prd-de-querer-llegar-al-poder-para-hacer-un-cambio-al-progreso-de-intereses-particulares","status":"publish","type":"post","link":"https:\/\/diariodominicano.com\/?p=190839","title":{"rendered":"Javier Garc\u00eda acusa al PRD de querer llegar al poder, para hacer \u201cun cambio al progreso\u201d de intereses particulares"},"content":{"rendered":"<p><body><\/p>\n<p align=\"justify\" class=\"titulogrande1\">Javier  Garc\u00eda acusa al PRD de querer llegar al poder, para hacer \u201cun cambio al  progreso\u201d de\u00a0 intereses particulares<\/p>\n<p>&#13;<\/p>\n<p align=\"justify\" class=\"text1noticias\"><strong><img loading=\"lazy\" decoding=\"async\" src=\"http:\/\/localhost:8080\/img\/francisco javier.jpg\" width=\"375\" height=\"192\" hspace=\"4\" align=\"left\" \/>Santo Domingo.- <\/strong>El  coordinador general de Campa\u00f1a del Partido de la Liberaci\u00f3n Dominicana  acus\u00f3 al candidato del Partido Revolucionario Dominicano de pretender llegar al  poder para desde all\u00ed buscar un \u201ccambio para el progreso\u201d de sus negocios  particulares con el gobierno y el Estado dominicano como ha sido su costumbre. <\/p>\n<p>&#13;<\/p>\n<p align=\"justify\" class=\"text1noticias\">Francisco Javier Garc\u00eca asegur\u00f3 que el  ingeniero Miguel Vargas Maldonado luce desesperado porque conforme pasan los  d\u00edas se da cuenta de que sus posibilidades de alcanzar la primera magistratura  de la naci\u00f3n son m\u00e1s escasas, y eso lo aterra porque no podr\u00e1 cristalizar su  deseo de convertir al Palacio Nacional en una Compa\u00f1\u00eda por Acciones. <\/p>\n<p>&#13;<\/p>\n<p align=\"justify\" class=\"text1noticias\">Agreg\u00f3 que Vargas Maldonado nunca ha concebido el ejercicio de la pol\u00edtica como  una actividad que persigue el bien com\u00fan, sino como una forma de hacer fortuna  a costa de los bienes p\u00fablicos. <\/p>\n<p>&#13;<\/p>\n<p align=\"justify\" class=\"text1noticias\">Dijo  que\u00a0 \u201clo \u00fanico que puede exhibir el  candidato del PRD de su paso por la pol\u00edtica y por los cargos p\u00fablicos que ha  ocupado, son los onerosos negocios que ha hecho con el Estado, comprando bienes  p\u00fablicos a precios de vacas muertas para luego venderlos por cientos de  millones de pesos, dinero que ingresa a sus cuentas bancarias\u201d. <\/p>\n<p>&#13;<\/p>\n<p align=\"justify\" class=\"text1noticias\">Record\u00f3 que las acciones m\u00e1s importantes llevada a cabo por Vargas Maldonado  cuando fue secretario de Obras P\u00fablicas en el gobierno de Hip\u00f3lito Mej\u00eca, fue  agenciarse la adjudicaci\u00f3n del Hotel Hispaniola, comprar terrenos en \u00e1reas  protegidas a precios irrisorios y construirse una mansi\u00f3n veraniega que cost\u00f3  m\u00e1s de 800 millones de pesos. <\/p>\n<p>&#13;<\/p>\n<p align=\"justify\" class=\"text1noticias\">Dijo que si Vargas Maldonado le hubiese dedicado a Obras P\u00fablicas el tiempo y  el desvelo que le dedic\u00f3 hacer negocios particulares con el Estado, por lo  menos hubiese sido un buen funcionario. <\/p>\n<p>&#13;<\/p>\n<p align=\"justify\" class=\"text1noticias\">Agreg\u00f3 que \u201c sucede que el candidato del PRD no le interesaba la construcci\u00f3n y  reparaci\u00f3n de carreteras, `caminos vecinales, puentes y dem\u00e1s obras viales,  sino que lo que hizo fue aprovechar su influencia en el gobierno del PPH para  hacer negocios turbios con los cuales se granje\u00f3 la fortuna que hoy exhibe\u201d. <\/p>\n<p>&#13;<\/p>\n<p align=\"justify\" class=\"text1noticias\">Explic\u00f3 que como Miguel Vargas lleva casi cuatro a\u00f1os en los cuales no ha  podido hacer negocios con el gobierno, le aterra el hecho de que vaya durar un  periodo similar sin poder ejercer su oficio de negociante de la pol\u00edtica y por  eso ha entrado en p\u00e1nico. <\/p>\n<p>&#13;<\/p>\n<p align=\"justify\" class=\"text1noticias\">Indic\u00f3 que cuando el candidato del PRD promete un cambio para el progreso se  refiera a cambiar la situaci\u00f3n actual que les son adversas para \u00e9l hacer sus  negocios oscuros con el gobierno.<br \/>&#13;<br \/>\n  <br \/>&#13;<br \/>\nInsisti\u00f3 en que en la historia de la vida democr\u00e1tica, la Rep\u00fablica dominicana  nunca hab\u00eda tenido un candidato presidencial que personifique m\u00e1s la corrupci\u00f3n  que Miguel Vargas Maldonado. <\/p>\n<p>&#13;<\/p>\n<p align=\"justify\" class=\"text1noticias\">Dijo que la candidatura del PRD no s\u00f3lo constituye una verg\u00fcenza para esa  entidad pol\u00edtica sino para el propio sistema de partidos pol\u00edticos en la Republica Dominicana. <\/p>\n<p>&#13;<\/p>\n<p align=\"justify\" class=\"text1noticias\">Expres\u00f3 que la democracia dominicana no registra un candidato presidencial que  como Vargas Maldonado se haya visto involucrado en tantos esc\u00e1ndalos de  corrupci\u00f3n a nivel nacional e internacional. <\/p>\n<p>&#13;<\/p>\n<p align=\"justify\" class=\"text1noticias\">Aclar\u00f3 que apenas faltan unas cuantas semanas para que los dominicanos  mayoritariamente expresen en las urnas que quieren seguir siendo dirigido por  la \u00e9tica, la moral y la decencia que representa el presidente Leonel Fern\u00e1ndez  y no por un aventurero que quiere llegar al Palacio Nacional a hacer negocios  turbios como el candidato perredeista. <\/p>\n<p>&#13;<\/p>\n<h6> 2008-04-18 21:05:40 <\/h6>\n<p><!--\n<link rel=\"stylesheet\" href=\"css\/bootstrap.min.css\">\n\n\n<ul class=\"pagination\">\n\t    \n\t\n\n<li >\n\t<a href='?page_no=33586'>Previous<\/a>\n\t<\/li>\n\n\n       \n    \n\n<li><a href='?page_no=1'>1<\/a><\/li>\n\n\n\n<li><a href='?page_no=2'>2<\/a><\/li>\n\n\n\n<li><a>...<\/a><\/li>\n\n\n\n<li><a href='?page_no=33585'>33585<\/a><\/li>\n\n\n\n<li><a href='?page_no=33586'>33586<\/a><\/li>\n\n\n\n<li class='active'><a>33587<\/a><\/li>\n\n\n\n<li><a href='?page_no=33588'>33588<\/a><\/li>\n\n\n\n<li><a href='?page_no=33589'>33589<\/a><\/li>\n\n\n\n<li><a>...<\/a><\/li>\n\n\n\n<li><a href='?page_no=36999'>36999<\/a><\/li>\n\n\n\n<li><a href='?page_no=37000'>37000<\/a><\/li>\n\n    \n\t\n\n<li >\n\t<a href='?page_no=33588'>Next<\/a>\n\t<\/li>\n\n\n    \n\n<li><a href='?page_no=37000'>Last &rsaquo;&rsaquo;<\/a><\/li>\n\n<\/ul>\n\n\n--><br \/>\n<\/body><\/p>\n","protected":false},"excerpt":{"rendered":"<p>Javier Garc\u00eda acusa al PRD de querer llegar al poder, para hacer \u201cun cambio al progreso\u201d de\u00a0 intereses particulares &#13; Santo Domingo.- El coordinador general de Campa\u00f1a del Partido de la Liberaci\u00f3n Dominicana acus\u00f3 al candidato del Partido Revolucionario Dominicano de pretender llegar al poder para desde all\u00ed buscar un \u201ccambio para el progreso\u201d de [&hellip;]<\/p>\n","protected":false},"author":3,"featured_media":0,"comment_status":"open","ping_status":"open","sticky":false,"template":"","format":"standard","meta":{"footnotes":""},"categories":[22],"tags":[],"class_list":["post-190839","post","type-post","status-publish","format-standard","hentry","category-politica"],"_links":{"self":[{"href":"https:\/\/diariodominicano.com\/index.php?rest_route=\/wp\/v2\/posts\/190839","targetHints":{"allow":["GET"]}}],"collection":[{"href":"https:\/\/diariodominicano.com\/index.php?rest_route=\/wp\/v2\/posts"}],"about":[{"href":"https:\/\/diariodominicano.com\/index.php?rest_route=\/wp\/v2\/types\/post"}],"author":[{"embeddable":true,"href":"https:\/\/diariodominicano.com\/index.php?rest_route=\/wp\/v2\/users\/3"}],"replies":[{"embeddable":true,"href":"https:\/\/diariodominicano.com\/index.php?rest_route=%2Fwp%2Fv2%2Fcomments&post=190839"}],"version-history":[{"count":0,"href":"https:\/\/diariodominicano.com\/index.php?rest_route=\/wp\/v2\/posts\/190839\/revisions"}],"wp:attachment":[{"href":"https:\/\/diariodominicano.com\/index.php?rest_route=%2Fwp%2Fv2%2Fmedia&parent=190839"}],"wp:term":[{"taxonomy":"category","embeddable":true,"href":"https:\/\/diariodominicano.com\/index.php?rest_route=%2Fwp%2Fv2%2Fcategories&post=190839"},{"taxonomy":"post_tag","embeddable":true,"href":"https:\/\/diariodominicano.com\/index.php?rest_route=%2Fwp%2Fv2%2Ftags&post=190839"}],"curies":[{"name":"wp","href":"https:\/\/api.w.org\/{rel}","templated":true}]}}