{"id":190826,"date":"2008-04-20T20:52:55","date_gmt":"2008-04-20T20:52:55","guid":{"rendered":"http:\/\/diariodominicano.ddns.net\/?p=190826"},"modified":"2008-04-20T20:52:55","modified_gmt":"2008-04-20T20:52:55","slug":"miguel-vargas-presentara-el-lunes-su-programa-de-gobierno","status":"publish","type":"post","link":"https:\/\/diariodominicano.com\/?p=190826","title":{"rendered":"Miguel Vargas presentar\u00e1 el lunes su Programa de Gobierno"},"content":{"rendered":"<p><body><\/p>\n<p align=\"justify\"><span class=\"titulogrande1\">Miguel Vargas Maldonado presentar\u00e1 el lunes su Programa de Gobierno<\/span><br \/>&#13;<br \/>\n  <br \/>&#13;<br \/>\n    <span class=\"text1noticias\"><strong><img loading=\"lazy\" decoding=\"async\" src=\"http:\/\/localhost:8080\/img\/carlos gabriel.jpg\" width=\"375\" height=\"199\" hspace=\"4\" align=\"left\" \/>Santo Domingo.-<\/strong> El doctor Carlos Gabriel Garc\u00eda, Director de Comunicaciones  del PRD, inform\u00f3 hoy que esa organizaci\u00f3n pol\u00edtica presentar\u00e1 su programa de  gobierno el pr\u00f3ximo lunes en un evento que se efectuar\u00e1 en el Aula Magna de la  UASD, a partir de las cuatro de la tarde.<br \/>&#13;<br \/>\n    <br \/>&#13;<br \/>\n    Manifest\u00f3 que la plataforma program\u00e1tica que sustenta la candidatura  presidencial del ingeniero Miguel Vargas ha sido conformada despu\u00e9s de escuchar  las sugerencias y leg\u00edtimas aspiraciones de los diferentes sectores de la vida  nacional,\u00a0con muchos de los cuales el candidato presidencial perrede\u00edsta  ha firmado acuerdos-compromisos para la aplicaci\u00f3n de las medidas consensuadas.<br \/>&#13;<br \/>\n    <br \/>&#13;<br \/>\n    Indic\u00f3 que las propuestas de gesti\u00f3n p\u00fablica que la sociedad dominicana  conocer\u00e1 formalmente el pr\u00f3ximo lunes no est\u00e1n destinadas a crear ilusiones y  falsas expectativas en el electorado llamado a decidir el destino democr\u00e1tico  del pa\u00eds en los comicios del 16 de mayo venidero, sino a la reafirmaci\u00f3n de un  compromiso de gobierno cuyas prioridades ser\u00e1n siempre las necesidades del  pueblo dominicano.<br \/>&#13;<br \/>\n  \u00a0<br \/>&#13;<br \/>\n  Gabriel Garc\u00eda precis\u00f3 que Miguel Vargas cumplir\u00e1 fielmente sus compromisos  porque su trayectoria, tanto p\u00fablica como privada, revela que siempre cumple  con la palabra empe\u00f1ada, por lo que la poblaci\u00f3n\u00a0puede tener la seguridad  de que\u00a0 no ser\u00e1 estafada pol\u00edticamente como, seg\u00fan dijo, ha sucedido con  el presidente Leonel Fern\u00e1ndez que sustent\u00f3 sus aspiraciones en una oferta  electoral que luego cambi\u00f3 por un programa de gobierno que el pueblo dominicano  desconoc\u00eda.<br \/>&#13;<br \/>\n  <br \/>&#13;<br \/>\n  Destac\u00f3 que Miguel Vargas est\u00e1 comprometido con un proyecto de naci\u00f3n\u00a0y no  con un proyecto personal como el que representa el candidato reeleccionista sin  ning\u00fan compromiso con la sociedad y sus\u00a0 aspiraciones m\u00e1s sentidas.<br \/>&#13;<br \/>\n  <br \/>&#13;<br \/>\n  Se\u00f1al\u00f3 que el candidato presidencial perrede\u00edsta est\u00e1 marcando la diferencia en  el presente proceso electoral porque representa el cambio para mejorar las  condiciones de vida de\u00a0la gente. <br \/>&#13;<br \/>\n  <br \/>&#13;<br \/>\n\u00abLas impresionantes manifestaciones que est\u00e1 convocando Miguel Vargas en  todas las provincias del pa\u00eds constituyen la mejor expresi\u00f3n de que representa  el deseo de cambio que late en el coraz\u00f3n de cada dominicano interesado en  mejorar la calidad de la educaci\u00f3n que reciben nuestros estudiantes, reducir el  alto costo de la vida, recuperar los empleos perdidos en este gobierno  y\u00a0recuperar la seguridad ciudadana entre otras grandes conquistas  planteadas por el candidato presidencial del PRD durante la presente campa\u00f1a  electoral\u00bb, sostuvo.<br \/>&#13;<br \/>\n  <br \/>&#13;<br \/>\nResalt\u00f3 que las grandes concentraciones que viene encabezando Miguel Vargas se  est\u00e1n realizando sin la utilizaci\u00f3n de la gasolina de las instituciones  p\u00fablicas, sin la entrega de d\u00e1divas como las nominillas clandestinas del PLD,  sin la utilizaci\u00f3n de la flotilla de veh\u00edculos oficiales, sino con la voluntad  de un pueblo que quiere acabar con la corrupci\u00f3n y los privilegios irritantes  establecidos por el candidato reeleccionista para favorecer a sus\u00a0  funcionarios y amigos m\u00e1s cercanos.<\/span><\/p>\n<p>&#13;<\/p>\n<h6> 2008-04-20 20:52:55 <\/h6>\n<p><!--\n<link rel=\"stylesheet\" href=\"css\/bootstrap.min.css\">\n\n\n<ul class=\"pagination\">\n\t    \n\t\n\n<li >\n\t<a href='?page_no=33573'>Previous<\/a>\n\t<\/li>\n\n\n       \n    \n\n<li><a href='?page_no=1'>1<\/a><\/li>\n\n\n\n<li><a href='?page_no=2'>2<\/a><\/li>\n\n\n\n<li><a>...<\/a><\/li>\n\n\n\n<li><a href='?page_no=33572'>33572<\/a><\/li>\n\n\n\n<li><a href='?page_no=33573'>33573<\/a><\/li>\n\n\n\n<li class='active'><a>33574<\/a><\/li>\n\n\n\n<li><a href='?page_no=33575'>33575<\/a><\/li>\n\n\n\n<li><a href='?page_no=33576'>33576<\/a><\/li>\n\n\n\n<li><a>...<\/a><\/li>\n\n\n\n<li><a href='?page_no=36999'>36999<\/a><\/li>\n\n\n\n<li><a href='?page_no=37000'>37000<\/a><\/li>\n\n    \n\t\n\n<li >\n\t<a href='?page_no=33575'>Next<\/a>\n\t<\/li>\n\n\n    \n\n<li><a href='?page_no=37000'>Last &rsaquo;&rsaquo;<\/a><\/li>\n\n<\/ul>\n\n\n--><br \/>\n<\/body><\/p>\n","protected":false},"excerpt":{"rendered":"<p>Miguel Vargas Maldonado presentar\u00e1 el lunes su Programa de Gobierno&#13; &#13; Santo Domingo.- El doctor Carlos Gabriel Garc\u00eda, Director de Comunicaciones del PRD, inform\u00f3 hoy que esa organizaci\u00f3n pol\u00edtica presentar\u00e1 su programa de gobierno el pr\u00f3ximo lunes en un evento que se efectuar\u00e1 en el Aula Magna de la UASD, a partir de las cuatro [&hellip;]<\/p>\n","protected":false},"author":3,"featured_media":0,"comment_status":"open","ping_status":"open","sticky":false,"template":"","format":"standard","meta":{"footnotes":""},"categories":[22],"tags":[],"class_list":["post-190826","post","type-post","status-publish","format-standard","hentry","category-politica"],"_links":{"self":[{"href":"https:\/\/diariodominicano.com\/index.php?rest_route=\/wp\/v2\/posts\/190826","targetHints":{"allow":["GET"]}}],"collection":[{"href":"https:\/\/diariodominicano.com\/index.php?rest_route=\/wp\/v2\/posts"}],"about":[{"href":"https:\/\/diariodominicano.com\/index.php?rest_route=\/wp\/v2\/types\/post"}],"author":[{"embeddable":true,"href":"https:\/\/diariodominicano.com\/index.php?rest_route=\/wp\/v2\/users\/3"}],"replies":[{"embeddable":true,"href":"https:\/\/diariodominicano.com\/index.php?rest_route=%2Fwp%2Fv2%2Fcomments&post=190826"}],"version-history":[{"count":0,"href":"https:\/\/diariodominicano.com\/index.php?rest_route=\/wp\/v2\/posts\/190826\/revisions"}],"wp:attachment":[{"href":"https:\/\/diariodominicano.com\/index.php?rest_route=%2Fwp%2Fv2%2Fmedia&parent=190826"}],"wp:term":[{"taxonomy":"category","embeddable":true,"href":"https:\/\/diariodominicano.com\/index.php?rest_route=%2Fwp%2Fv2%2Fcategories&post=190826"},{"taxonomy":"post_tag","embeddable":true,"href":"https:\/\/diariodominicano.com\/index.php?rest_route=%2Fwp%2Fv2%2Ftags&post=190826"}],"curies":[{"name":"wp","href":"https:\/\/api.w.org\/{rel}","templated":true}]}}