{"id":190825,"date":"2008-04-20T20:55:54","date_gmt":"2008-04-20T20:55:54","guid":{"rendered":"http:\/\/diariodominicano.ddns.net\/?p=190825"},"modified":"2008-04-20T20:55:54","modified_gmt":"2008-04-20T20:55:54","slug":"villa-juana-y-villa-consuelo-se-visten-de-morado-en-respaldo-a-leonel","status":"publish","type":"post","link":"https:\/\/diariodominicano.com\/?p=190825","title":{"rendered":"Villa Juana y Villa Consuelo se visten de morado en respaldo a Leonel"},"content":{"rendered":"<p><body><\/p>\n<p class=\"titulogrande1\"><strong>Villa Juana y Villa Consuelo se  visten de morado en respaldo a Leonel<\/strong><\/p>\n<p>&#13;<\/p>\n<p align=\"justify\" class=\"text1noticias\"><strong><img loading=\"lazy\" decoding=\"async\" src=\"http:\/\/localhost:8080\/img\/villa juana.jpg\" width=\"375\" height=\"751\" hspace=\"4\" align=\"left\" \/>SANTO DOMINGO.-<\/strong> Las calles de los  populosos sectores de Villa Juana y Villa Consuelo se vistieron de morado y  amarillo\u00a0al paso de\u00a0una multitudinaria marcha\u00a0realizada por el  Partido de la   Liberaci\u00f3n Dominicana (PLD), con lo cual qued\u00f3 demostrado el  triunfo contundente del presidente Leonel Fern\u00e1ndez en la primera vuelta  electoral.<\/p>\n<p>&#13;<\/p>\n<p align=\"justify\" class=\"text1noticias\">El recorrido fue  organizado por el Comit\u00e9 de Campa\u00f1a de la Circunscripci\u00f3n 3  que coordina Juan Rodr\u00edguez, y fue notoria la participaci\u00f3n de familiares del  presidente Fern\u00e1ndez, agrupado en el Movimiento Villa Juana con Leonel.<\/p>\n<p>&#13;<\/p>\n<p align=\"justify\" class=\"text1noticias\">Al paso de la marcha,  el apoyo de la gente era espont\u00e1neo y como manifestaci\u00f3n de alegr\u00eda levantaban  afiches del candidato del PLD y otros 11 partidos que conforman el Bloque  Progresista, pero tambi\u00e9n tongoneaban sus cuerpos al ritmo de los contagiosos  merengues que promueven al presidente Fern\u00e1ndez. <\/p>\n<p>&#13;<\/p>\n<p align=\"justify\" class=\"text1noticias\"> Juan Rodr\u00edguez destac\u00f3  que en la   Circunscripci\u00f3n n\u00famero 3, el PLD est\u00e1 trabajando para obtener  un 70% de la votaci\u00f3n y as\u00ed darle un triunfo contundente al presidente  Fern\u00e1ndez.\u00a0 <\/p>\n<p>&#13;<\/p>\n<p align=\"justify\" class=\"text1noticias\">Dijo que la marcha,  que\u00a0se inici\u00f3 en la esquina formada por las calles Seybo y Luis  Manuel-Tunt- C\u00e1ceres y recorri\u00f3 las principales v\u00edas de\u00a0Villa Juana y  Villa Consuelo,\u00a0es una demostraci\u00f3n de apoyo como nunca antes se hab\u00eda  manifestado a ning\u00fan candidato y resalt\u00f3 la participaci\u00f3n de los movimientos de  apoyo y los partidos aliados.<\/p>\n<p>&#13;<\/p>\n<p align=\"justify\" class=\"text1noticias\">Mientras que Digna  B\u00e1ez Reyna, prima del presidente Leonel Fern\u00e1ndez, llam\u00f3 al sector de Villa  Juana\u00a0 dar un respaldo masivo al mandatario y candidato, quien, record\u00f3,  es un hijo de ese sector, porque all\u00ed naci\u00f3 y se form\u00f3 como profesional y  dirigente pol\u00edtico.<\/p>\n<p>&#13;<\/p>\n<p align=\"justify\" class=\"text1noticias\"> Asegur\u00f3 que el  Movimiento Villa Juana con Leonel aportar\u00e1 el 30% de las votaciones que  obtendr\u00e1 el mandatario en ese sector y al mismo tiempo asegur\u00f3 que el PLD  cuenta con el apoyo de m\u00e1s del 70%\u00a0 de la preferencia electoral en ese  sector.<\/p>\n<p>&#13;<\/p>\n<p align=\"justify\" class=\"text1noticias\">Junto a la se\u00f1ora B\u00e1ez  Reyna se destac\u00f3 la participaci\u00f3n de David y Betania, quienes son hijos de Elsa  Reyna, t\u00eda del mandatario.<\/p>\n<p>&#13;<\/p>\n<p align=\"justify\" class=\"text1noticias\">Adem\u00e1s de los  familiares del mandatario se destac\u00f3 la presencia de William Espinosa,  sub-coordinador de la   Circunscripci\u00f3n 3, entre otros altos dirigentes del PLD.<\/p>\n<p>&#13;<\/p>\n<h6> 2008-04-20 20:55:54 <\/h6>\n<p><!--\n<link rel=\"stylesheet\" href=\"css\/bootstrap.min.css\">\n\n\n<ul class=\"pagination\">\n\t    \n\t\n\n<li >\n\t<a href='?page_no=33572'>Previous<\/a>\n\t<\/li>\n\n\n       \n    \n\n<li><a href='?page_no=1'>1<\/a><\/li>\n\n\n\n<li><a href='?page_no=2'>2<\/a><\/li>\n\n\n\n<li><a>...<\/a><\/li>\n\n\n\n<li><a href='?page_no=33571'>33571<\/a><\/li>\n\n\n\n<li><a href='?page_no=33572'>33572<\/a><\/li>\n\n\n\n<li class='active'><a>33573<\/a><\/li>\n\n\n\n<li><a href='?page_no=33574'>33574<\/a><\/li>\n\n\n\n<li><a href='?page_no=33575'>33575<\/a><\/li>\n\n\n\n<li><a>...<\/a><\/li>\n\n\n\n<li><a href='?page_no=36999'>36999<\/a><\/li>\n\n\n\n<li><a href='?page_no=37000'>37000<\/a><\/li>\n\n    \n\t\n\n<li >\n\t<a href='?page_no=33574'>Next<\/a>\n\t<\/li>\n\n\n    \n\n<li><a href='?page_no=37000'>Last &rsaquo;&rsaquo;<\/a><\/li>\n\n<\/ul>\n\n\n--><br \/>\n<\/body><\/p>\n","protected":false},"excerpt":{"rendered":"<p>Villa Juana y Villa Consuelo se visten de morado en respaldo a Leonel &#13; SANTO DOMINGO.- Las calles de los populosos sectores de Villa Juana y Villa Consuelo se vistieron de morado y amarillo\u00a0al paso de\u00a0una multitudinaria marcha\u00a0realizada por el Partido de la Liberaci\u00f3n Dominicana (PLD), con lo cual qued\u00f3 demostrado el triunfo contundente del [&hellip;]<\/p>\n","protected":false},"author":3,"featured_media":0,"comment_status":"open","ping_status":"open","sticky":false,"template":"","format":"standard","meta":{"footnotes":""},"categories":[22],"tags":[],"class_list":["post-190825","post","type-post","status-publish","format-standard","hentry","category-politica"],"_links":{"self":[{"href":"https:\/\/diariodominicano.com\/index.php?rest_route=\/wp\/v2\/posts\/190825","targetHints":{"allow":["GET"]}}],"collection":[{"href":"https:\/\/diariodominicano.com\/index.php?rest_route=\/wp\/v2\/posts"}],"about":[{"href":"https:\/\/diariodominicano.com\/index.php?rest_route=\/wp\/v2\/types\/post"}],"author":[{"embeddable":true,"href":"https:\/\/diariodominicano.com\/index.php?rest_route=\/wp\/v2\/users\/3"}],"replies":[{"embeddable":true,"href":"https:\/\/diariodominicano.com\/index.php?rest_route=%2Fwp%2Fv2%2Fcomments&post=190825"}],"version-history":[{"count":0,"href":"https:\/\/diariodominicano.com\/index.php?rest_route=\/wp\/v2\/posts\/190825\/revisions"}],"wp:attachment":[{"href":"https:\/\/diariodominicano.com\/index.php?rest_route=%2Fwp%2Fv2%2Fmedia&parent=190825"}],"wp:term":[{"taxonomy":"category","embeddable":true,"href":"https:\/\/diariodominicano.com\/index.php?rest_route=%2Fwp%2Fv2%2Fcategories&post=190825"},{"taxonomy":"post_tag","embeddable":true,"href":"https:\/\/diariodominicano.com\/index.php?rest_route=%2Fwp%2Fv2%2Ftags&post=190825"}],"curies":[{"name":"wp","href":"https:\/\/api.w.org\/{rel}","templated":true}]}}