{"id":190824,"date":"2008-04-20T20:59:07","date_gmt":"2008-04-20T20:59:07","guid":{"rendered":"http:\/\/diariodominicano.ddns.net\/?p=190824"},"modified":"2008-04-20T20:59:07","modified_gmt":"2008-04-20T20:59:07","slug":"nuevo-grupo-de-votantes-anuncia-su-adhesion-a-la-candidatura-de-miguel-vargas-maldonado-prometen-trabajar-dia-y-noche-por-la-candidatura-del-mvp","status":"publish","type":"post","link":"https:\/\/diariodominicano.com\/?p=190824","title":{"rendered":"Nuevo grupo de votantes anuncia su adhesi\u00f3n a la candidatura de Miguel Vargas Maldonado; Prometen trabajar d\u00eda y noche por la candidatura del MVP"},"content":{"rendered":"<p><body><\/p>\n<p align=\"justify\" class=\"titulogrande1\"><strong>Nuevo grupo de votantes anuncia su adhesi\u00f3n a  la candidatura de Miguel Vargas Maldonado; Prometen trabajar d\u00eda y noche por la  candidatura del MVP<\/strong><\/p>\n<p>&#13;<\/p>\n<p align=\"justify\" class=\"text1noticias\"><strong><img loading=\"lazy\" decoding=\"async\" src=\"http:\/\/localhost:8080\/img\/fuerza unida.jpg\" width=\"375\" height=\"228\" hspace=\"4\" align=\"left\" \/>Santo Domingo.-<\/strong> El  Movimiento \u201cFuerza+Unida\u201d, conformado por j\u00f3venes, \u00a0comerciantes, empresarios, dirigentes  comunitarios, profesionales de diferentes \u00e1reas, religiosos y amas de casa de  distintos\u00a0 partidos pol\u00edticos, \u00a0fue juramentado\u00a0 en un multitudinario acto en la provincia  Santo Domingo Este. Los nuevos votantes se comprometieron a trabajar en sus  respectivos sectores para fortalecer la candidatura presidencial del ingeniero  Miguel Vargas Maldonado, candidato del Partido Revolucionario Dominicano.<\/p>\n<p>&#13;<\/p>\n<p align=\"justify\" class=\"text1noticias\">La nueva fuerza de apoyo, que naci\u00f3 con un  empuje impresionante de personas de todos los estratos sociales, fue  juramentada por el Director Nacional de Finanzas del PRD y del Proyecto MVP,  licenciado Ernesto Fabr\u00e9. El presidente de \u201cFuerza+Unida\u201d es el doctor M\u00e1ximo  Castillo Salas, ex Presidente de la C\u00e1mara de Cuentas de la Republica  Dominicana.<\/p>\n<p>&#13;<\/p>\n<p align=\"justify\" class=\"text1noticias\">Los integrantes  de este nuevo grupo de apoyo que se suma a la candidatura del binomio Miguel  Vargas Maldonado-Jos\u00e9 Joaqu\u00edn Puello son hombres y mujeres j\u00f3venes que  militaron o simpatizaron\u00a0 en  organizaciones pol\u00edticas que, inicialmente, apoyaron la reelecci\u00f3n de Leonel Fern\u00e1ndez,  pero decidieron abandonar ese proyecto para trabajar por \u201cun cambio para  mejorar\u201d. En el movimiento hay religiosos de distintas sectas, peque\u00f1os y  medianos empresarios, dirigentes y l\u00edderes comunitarios de la parte oriental de  Santo Domingo, as\u00ed como mujeres que cotidianamente\u00a0 padecen las embestidas de los altos precios  de art\u00edculos de consumo masivo.<\/p>\n<p>&#13;<\/p>\n<p align=\"justify\" class=\"text1noticias\">El acto de juramentaci\u00f3n  se llevo a cabo en \u201cMirador del Este\u201d. El moviendo \u201cFuerza+Unida\u201d atrajo a  representantes de Boca Chica, de San Isidro, Los Minas, Manoguabo, Los  Alcarrizos y de varias comunidades de San Juan de la Maguana, particularmente  de \u201cDerrumbadero\u201d, donde una nutrida delegaci\u00f3n de\u00a0 ex-dirigentes y simpatizantes del partido de  gobierno fueron aplaudidos por la multitud. Todos fueron identificados con  nombres y apellidos.<\/p>\n<p>&#13;<\/p>\n<p align=\"justify\" class=\"text1noticias\">Lo mismo ocurri\u00f3  con los empresarios y dirigentes comunitarios. Todos, de manera individual,  fueron llamados por sus nombres, los aludidos se levantaban y recib\u00edan una ovaci\u00f3n  de aplausos. Dejaban las gorras moradas y se colocaban las blancas con las  siglas del movimiento y del MVP.<\/p>\n<p>&#13;<\/p>\n<p align=\"justify\" class=\"text1noticias\">La  directiva del grupo de votantes la integran M\u00e1ximo Castillo Salas, presidente, Jos\u00e9  Antonio Marte, Elvis Montero,\u00a0 Holga  Hach\u00e9 y Yolanda Payano Reyes, \u00a0entre  otros. Una nutridad delegaci\u00f3n del PRD, encabezada por Fabre, le dio la  bienvenida al nuevo grupo de apoyo. Estuvieron presentes Francisco Mart\u00ednez y  Carlos Castillo. <br \/>&#13;\n<\/p>\n<p>&#13;<\/p>\n<p align=\"justify\" class=\"text1noticias\"> El cantante Rub\u00e9n del R\u00edo (El Mezclador) ofreci\u00f3 un  espect\u00e1culo art\u00edstico.<\/p>\n<p>&#13;<\/p>\n<p align=\"justify\" class=\"text1noticias\">Castillo  Salas, en su discurso de bienvenida, fustigo la corrupci\u00f3n gubernamental, el  saqueo del erario, la inseguridad ciudadana, las llamadas \u201cnominillas\u201d a favor  de la militancia pelede\u00edsta, los altos precios de los combustibles, as\u00ed como la  ambici\u00f3n desmedida de poder del candidato-reeleccionista Leonel Fern\u00e1ndez.<\/p>\n<p>&#13;<\/p>\n<p align=\"justify\" class=\"text1noticias\">De su lado,  Ernesto Fabr\u00e9 critico que el gobierno no tenga mecanismos para controlar las  alzas desorbitantes en los art\u00edculos de la canasta familiar, mientras ha  llevado a la quiebra los productores agr\u00edcolas del pa\u00eds. Dijo que es  inaceptable que el gobierno, desde el 2005, haya gastado miles de millones de  pesos para favorecer \u201ca una partida de vagos, a una clase parasitaria\u201d.. Se refer\u00eda  al pago de RD$3,000.00, RD$4,000.00 mensual a militantes pelede\u00edstas que cobran  sin trabajar para que apoyen la reelecci\u00f3n de Leonel Fern\u00e1ndez.<\/p>\n<p>&#13;<\/p>\n<p align=\"justify\" class=\"text1noticias\">\u201cEl  gobierno del PLD ha sido un verdadero fracaso, un fiasco, para la Republica  Dominicana\u201d, subrayo Fabre, quien prometi\u00f3 que Miguel Vargas Maldonado har\u00e1 un  excelente a partir del 16 de agosto pr\u00f3ximo, con participaci\u00f3n de todos los  sectores de la vida nacional, porque esa es una deuda que tiene el partido blanco  con el pueblo dominicano.<\/p>\n<p>&#13;<\/p>\n<h6> 2008-04-20 20:59:07 <\/h6>\n<p><!--\n<link rel=\"stylesheet\" href=\"css\/bootstrap.min.css\">\n\n\n<ul class=\"pagination\">\n\t    \n\t\n\n<li >\n\t<a href='?page_no=33571'>Previous<\/a>\n\t<\/li>\n\n\n       \n    \n\n<li><a href='?page_no=1'>1<\/a><\/li>\n\n\n\n<li><a href='?page_no=2'>2<\/a><\/li>\n\n\n\n<li><a>...<\/a><\/li>\n\n\n\n<li><a href='?page_no=33570'>33570<\/a><\/li>\n\n\n\n<li><a href='?page_no=33571'>33571<\/a><\/li>\n\n\n\n<li class='active'><a>33572<\/a><\/li>\n\n\n\n<li><a href='?page_no=33573'>33573<\/a><\/li>\n\n\n\n<li><a href='?page_no=33574'>33574<\/a><\/li>\n\n\n\n<li><a>...<\/a><\/li>\n\n\n\n<li><a href='?page_no=36999'>36999<\/a><\/li>\n\n\n\n<li><a href='?page_no=37000'>37000<\/a><\/li>\n\n    \n\t\n\n<li >\n\t<a href='?page_no=33573'>Next<\/a>\n\t<\/li>\n\n\n    \n\n<li><a href='?page_no=37000'>Last &rsaquo;&rsaquo;<\/a><\/li>\n\n<\/ul>\n\n\n--><br \/>\n<\/body><\/p>\n","protected":false},"excerpt":{"rendered":"<p>Nuevo grupo de votantes anuncia su adhesi\u00f3n a la candidatura de Miguel Vargas Maldonado; Prometen trabajar d\u00eda y noche por la candidatura del MVP &#13; Santo Domingo.- El Movimiento \u201cFuerza+Unida\u201d, conformado por j\u00f3venes, \u00a0comerciantes, empresarios, dirigentes comunitarios, profesionales de diferentes \u00e1reas, religiosos y amas de casa de distintos\u00a0 partidos pol\u00edticos, \u00a0fue juramentado\u00a0 en un multitudinario [&hellip;]<\/p>\n","protected":false},"author":3,"featured_media":0,"comment_status":"open","ping_status":"open","sticky":false,"template":"","format":"standard","meta":{"footnotes":""},"categories":[22],"tags":[],"class_list":["post-190824","post","type-post","status-publish","format-standard","hentry","category-politica"],"_links":{"self":[{"href":"https:\/\/diariodominicano.com\/index.php?rest_route=\/wp\/v2\/posts\/190824","targetHints":{"allow":["GET"]}}],"collection":[{"href":"https:\/\/diariodominicano.com\/index.php?rest_route=\/wp\/v2\/posts"}],"about":[{"href":"https:\/\/diariodominicano.com\/index.php?rest_route=\/wp\/v2\/types\/post"}],"author":[{"embeddable":true,"href":"https:\/\/diariodominicano.com\/index.php?rest_route=\/wp\/v2\/users\/3"}],"replies":[{"embeddable":true,"href":"https:\/\/diariodominicano.com\/index.php?rest_route=%2Fwp%2Fv2%2Fcomments&post=190824"}],"version-history":[{"count":0,"href":"https:\/\/diariodominicano.com\/index.php?rest_route=\/wp\/v2\/posts\/190824\/revisions"}],"wp:attachment":[{"href":"https:\/\/diariodominicano.com\/index.php?rest_route=%2Fwp%2Fv2%2Fmedia&parent=190824"}],"wp:term":[{"taxonomy":"category","embeddable":true,"href":"https:\/\/diariodominicano.com\/index.php?rest_route=%2Fwp%2Fv2%2Fcategories&post=190824"},{"taxonomy":"post_tag","embeddable":true,"href":"https:\/\/diariodominicano.com\/index.php?rest_route=%2Fwp%2Fv2%2Ftags&post=190824"}],"curies":[{"name":"wp","href":"https:\/\/api.w.org\/{rel}","templated":true}]}}