{"id":190821,"date":"2008-04-20T21:18:06","date_gmt":"2008-04-20T21:18:06","guid":{"rendered":"http:\/\/diariodominicano.ddns.net\/?p=190821"},"modified":"2008-04-20T21:18:06","modified_gmt":"2008-04-20T21:18:06","slug":"vice-pld-vaticina-grandes-cambios-en-sector-salud","status":"publish","type":"post","link":"https:\/\/diariodominicano.com\/?p=190821","title":{"rendered":"Vice PLD vaticina grandes cambios en Sector Salud"},"content":{"rendered":"<p><body><\/p>\n<p align=\"justify\"><span class=\"titulogrande1\">Vice PLD vaticina grandes cambios en Sector Salud<\/span><br \/>&#13;<br \/>\n    <br \/>&#13;<br \/>\n    <span class=\"text1noticias\"><strong>EL SEYBO.- <\/strong>El candidato vicepresidencial del Partido de la Liberaci\u00f3n Dominicana  (PLD), doctor Rafael Alburquerque, afirm\u00f3 que las grandes transformaciones que  para el pr\u00f3ximo a\u00f1o se realizar\u00e1n en el sector salud, a trav\u00e9s de la Ley de Seguridad Social,  impactar\u00e1n de manera positiva a toda la poblaci\u00f3n.<\/span><\/p>\n<p>&#13;<\/p>\n<p align=\"justify\" class=\"text1noticias\">Refiri\u00f3 que a partir del pr\u00f3ximo a\u00f1o se unificar\u00e1 el  salario de los m\u00e9dicos que laboran en los hospitales de Salud P\u00fablica y del  Instituto Dominicano de Seguros Sociales (IDSS), de forma tal, que si un galeno  laborar en dos centros de salud, el monto divido que recibe en cada uno por su  labor, lo percibir\u00e1 en una sola partida.<\/p>\n<p>&#13;<\/p>\n<p align=\"justify\" class=\"text1noticias\">Explic\u00f3 adem\u00e1s, que se aumentar\u00e1 la cobertura del Seguro Familiar  de Salud (SFS), en todos sus reg\u00edmenes, a fin de lograr integrar a toda la  poblaci\u00f3n dominicana en el mismo al a\u00f1o 2012.<\/p>\n<p>&#13;<\/p>\n<p align=\"justify\" class=\"text1noticias\">Destall\u00f3 que tal y como establece la Ley que crea el Sistema  Dominicano de la Seguridad Social  (SSDS), esto ser\u00e1 posible a trav\u00e9s de la creaci\u00f3n de la Red \u00danica de Salud, la cual  est\u00e1 integrada por los hospitales del Estado y del IDSS, como forma de brindar  un excelente servicio de salud al pueblo.<\/p>\n<p>&#13;<\/p>\n<p align=\"justify\" class=\"text1noticias\">Record\u00f3 Alburquerque, que la Secretar\u00eda de Estado de  Salud P\u00fablica actuar\u00e1 como la rectora del\u00a0  nuevo Sistema de Salud y mediante la misma se crear\u00e1n los nuevos Centro  de Atenci\u00f3n Primaria, de la Red  \u00danica de Salud, cuya funci\u00f3n principal ser\u00e1 la prevenci\u00f3n de enfermedades.<\/p>\n<p>&#13;<\/p>\n<p align=\"justify\" class=\"text1noticias\">Explic\u00f3 que esto permitir\u00e1 mejorar los servicios m\u00e9dicos  hospitalarios, entre otras ventajas que ir\u00e1n en beneficio de toda la poblaci\u00f3n.<\/p>\n<p>&#13;<\/p>\n<p align=\"justify\" class=\"text1noticias\">Tras encabezar varias actividades proselitista en esta  provincia, el vicepresidente de la Rep\u00fablica dijo asimismo, que con la  ampliaci\u00f3n de la cobertura del Seguro Familiar de Salud (SFS), a partir del pr\u00f3ximo  a\u00f1o se abrir\u00e1n nuevas y m\u00e1s plazas de trabajo para los galenos y personal  m\u00e9dico en todo el pa\u00eds, como forma de abarcar a todos los ciudadanos.<\/p>\n<p>&#13;<\/p>\n<p align=\"justify\" class=\"text1noticias\">Alburquerque finaliz\u00f3 ayer aqu\u00ed un amplio recorrido que  inici\u00f3 por las provincias de Hato Mayor y San Pedro de Macor\u00eds, en la campa\u00f1a  por la repostulaci\u00f3n del Presidente Leonel Fern\u00e1ndez, donde jurament\u00f3 a decenas  de Movimientos integrados por dirigentes reformistas, perrede\u00edsta e  independientes que pasaron a apoyar la candidatura presidencial del PLD.<\/p>\n<p>&#13;<\/p>\n<p align=\"justify\" class=\"text1noticias\">El vicepresidente estuvo acompa\u00f1ado por los funcionario  provinciales y representativos de \u00e9sta provincia durante el citado recorrido,  que finaliz\u00f3 con una marcha\/caravana que recorri\u00f3 los pueblos y comunidades de  esta demarcaci\u00f3n del Este del pa\u00eds.<\/p>\n<p>&#13;<\/p>\n<p align=\"justify\" class=\"text1noticias\">Acompa\u00f1aron adem\u00e1s al candidato vicepresidencial  pelede\u00edsta el coordinador de la campa\u00f1a vicepresidencial, Domingo Contreras y  sus colaboradores, Elizaben Matos, Jos\u00e9 Francisco Zapata, Ram\u00f3n Ram\u00edrez, Pablo  King, Yudelka de la Rosa  y Viterbo Tolentino, entre otros.<\/p>\n<p>&#13;<\/p>\n<h6> 2008-04-20 21:18:06 <\/h6>\n<p><!--\n<link rel=\"stylesheet\" href=\"css\/bootstrap.min.css\">\n\n\n<ul class=\"pagination\">\n\t    \n\t\n\n<li >\n\t<a href='?page_no=33568'>Previous<\/a>\n\t<\/li>\n\n\n       \n    \n\n<li><a href='?page_no=1'>1<\/a><\/li>\n\n\n\n<li><a href='?page_no=2'>2<\/a><\/li>\n\n\n\n<li><a>...<\/a><\/li>\n\n\n\n<li><a href='?page_no=33567'>33567<\/a><\/li>\n\n\n\n<li><a href='?page_no=33568'>33568<\/a><\/li>\n\n\n\n<li class='active'><a>33569<\/a><\/li>\n\n\n\n<li><a href='?page_no=33570'>33570<\/a><\/li>\n\n\n\n<li><a href='?page_no=33571'>33571<\/a><\/li>\n\n\n\n<li><a>...<\/a><\/li>\n\n\n\n<li><a href='?page_no=36999'>36999<\/a><\/li>\n\n\n\n<li><a href='?page_no=37000'>37000<\/a><\/li>\n\n    \n\t\n\n<li >\n\t<a href='?page_no=33570'>Next<\/a>\n\t<\/li>\n\n\n    \n\n<li><a href='?page_no=37000'>Last &rsaquo;&rsaquo;<\/a><\/li>\n\n<\/ul>\n\n\n--><br \/>\n<\/body><\/p>\n","protected":false},"excerpt":{"rendered":"<p>Vice PLD vaticina grandes cambios en Sector Salud&#13; &#13; EL SEYBO.- El candidato vicepresidencial del Partido de la Liberaci\u00f3n Dominicana (PLD), doctor Rafael Alburquerque, afirm\u00f3 que las grandes transformaciones que para el pr\u00f3ximo a\u00f1o se realizar\u00e1n en el sector salud, a trav\u00e9s de la Ley de Seguridad Social, impactar\u00e1n de manera positiva a toda la [&hellip;]<\/p>\n","protected":false},"author":3,"featured_media":0,"comment_status":"open","ping_status":"open","sticky":false,"template":"","format":"standard","meta":{"footnotes":""},"categories":[22],"tags":[],"class_list":["post-190821","post","type-post","status-publish","format-standard","hentry","category-politica"],"_links":{"self":[{"href":"https:\/\/diariodominicano.com\/index.php?rest_route=\/wp\/v2\/posts\/190821","targetHints":{"allow":["GET"]}}],"collection":[{"href":"https:\/\/diariodominicano.com\/index.php?rest_route=\/wp\/v2\/posts"}],"about":[{"href":"https:\/\/diariodominicano.com\/index.php?rest_route=\/wp\/v2\/types\/post"}],"author":[{"embeddable":true,"href":"https:\/\/diariodominicano.com\/index.php?rest_route=\/wp\/v2\/users\/3"}],"replies":[{"embeddable":true,"href":"https:\/\/diariodominicano.com\/index.php?rest_route=%2Fwp%2Fv2%2Fcomments&post=190821"}],"version-history":[{"count":0,"href":"https:\/\/diariodominicano.com\/index.php?rest_route=\/wp\/v2\/posts\/190821\/revisions"}],"wp:attachment":[{"href":"https:\/\/diariodominicano.com\/index.php?rest_route=%2Fwp%2Fv2%2Fmedia&parent=190821"}],"wp:term":[{"taxonomy":"category","embeddable":true,"href":"https:\/\/diariodominicano.com\/index.php?rest_route=%2Fwp%2Fv2%2Fcategories&post=190821"},{"taxonomy":"post_tag","embeddable":true,"href":"https:\/\/diariodominicano.com\/index.php?rest_route=%2Fwp%2Fv2%2Ftags&post=190821"}],"curies":[{"name":"wp","href":"https:\/\/api.w.org\/{rel}","templated":true}]}}