{"id":190819,"date":"2008-04-20T21:24:26","date_gmt":"2008-04-20T21:24:26","guid":{"rendered":"http:\/\/diariodominicano.ddns.net\/?p=190819"},"modified":"2008-04-20T21:24:26","modified_gmt":"2008-04-20T21:24:26","slug":"morales-asegura-leonel-ganara-reeleccion-porque-lo-ha-hecho-bien-en-estos-4-anos","status":"publish","type":"post","link":"https:\/\/diariodominicano.com\/?p=190819","title":{"rendered":"Morales asegura Leonel ganar\u00e1 reelecci\u00f3n porque \u201clo ha hecho bien\u201d en estos 4 a\u00f1os"},"content":{"rendered":"<p><body><\/p>\n<p align=\"justify\" class=\"titulogrande1\"><strong>Morales asegura  Leonel \u00a0ganar\u00e1 reelecci\u00f3n<\/strong> <strong>porque \u201clo ha hecho  bien\u201d en estos 4 a\u00f1os<\/strong><\/p>\n<p>&#13;<\/p>\n<p align=\"justify\" class=\"text1noticias\">Dice ciudadanos est\u00e1n decididos a darle una nueva oportunidad al mandatario<\/p>\n<p>&#13;<\/p>\n<p align=\"justify\" class=\"text1noticias\"><strong>Santo Domingo.-<\/strong> El  canciller y presidente del Consejo Presidencial Reformista (CPR), Carlos  Morales Troncoso, asegur\u00f3 que Leonel Fern\u00e1ndez ganar\u00e1 las elecciones en la primera  vuelta porque el pueblo reconoce que \u201clo ha hecho bien\u201d en estos cuatro a\u00f1os y le  dar\u00e1 otra oportunidad para que siga enrumbando a la naci\u00f3n hacia la modernidad  y el progreso.<\/p>\n<p>&#13;<\/p>\n<p align=\"justify\" class=\"text1noticias\">Dijo que  la mayor\u00eda de los ciudadanos conf\u00eda en el presidente Fern\u00e1ndez porque pudo en  un tiempo r\u00e9cord recuperar el pa\u00eds de la peor crisis de su historia provocada  por el pasado gobierno del PRD.<\/p>\n<p>&#13;<\/p>\n<p align=\"justify\" class=\"text1noticias\">Tambi\u00e9n  destac\u00f3 el crecimiento econ\u00f3mico sostenido que viene experimentando el pa\u00eds en  la actual gesti\u00f3n de Fern\u00e1ndez y la recuperaci\u00f3n de la confianza de los  inversionistas en el futuro del pa\u00eds.<\/p>\n<p>&#13;<\/p>\n<p align=\"justify\" class=\"text1noticias\">\u201cY hay  que resaltar las grandes inversiones sociales que viene realizando a favor de  los sectores m\u00e1s desprotegidos de la poblaci\u00f3n\u201d, expres\u00f3.<\/p>\n<p>&#13;<\/p>\n<p align=\"justify\" class=\"text1noticias\">Agreg\u00f3 en  ese sentido que Fern\u00e1ndez es un presidente con sensibilidad social, pol\u00edtica y  humana, que se preocupa por buscarle soluciones viables a los problemas que  afectan al pa\u00eds, lo que est\u00e1 siendo valorado por la poblaci\u00f3n.<\/p>\n<p>&#13;<\/p>\n<p align=\"justify\" class=\"text1noticias\">Afirm\u00f3,  adem\u00e1s, que es un mandatario abierto al di\u00e1logo, al consenso, dispuestos  siempre a conversar con los diversos sectores \u201cpara que todos juntos busquemos  soluciones a los problemas de la naci\u00f3n, como qued\u00f3 evidenciado en las  reuniones que sostuvo recientemente con empresarios, comerciantes y productores  para reducir los precios de algunos art\u00edculos de primera necesidad\u201d.<\/p>\n<p>&#13;<\/p>\n<p align=\"justify\" class=\"text1noticias\">Dijo que  el pueblo valora esas cosas del mandatario y su empe\u00f1o en mejorar la calidad de  vida de los dominicanos, la que dijo se deterior\u00f3 a niveles preocupantes en la  pasada administraci\u00f3n del Partido Revolucionario Dominicano (PRD).<\/p>\n<p>&#13;<\/p>\n<p align=\"justify\" class=\"text1noticias\">Morales  Troncoso resalt\u00f3 asimismo que el triunfo del presidente\u00a0 Fern\u00e1ndez \u201cse puede dar como un hecho\u201d porque  el sentir de los dominicanos de cara a los comicios que se avecinan es votar en  masa por la reelecci\u00f3n de Fern\u00e1ndez.<\/p>\n<p>&#13;<\/p>\n<p align=\"justify\" class=\"text1noticias\">Manifest\u00f3  que el candidato del Bloque Progresista cuenta con una amplia simpat\u00eda en la  poblaci\u00f3n \u201csuficiente para ganar con un amplio margen en la primera vuelta\u201d.<\/p>\n<p>&#13;<\/p>\n<p align=\"justify\" class=\"text1noticias\">\u201cLos  ciudadanos est\u00e1n decididos a darle una nueva oportunidad a Leonel Fern\u00e1ndez  porque lo ha hecho bien y seguir\u00e1 trabajando por el bienestar de todos los  dominicanos\u201d, insisti\u00f3.<\/p>\n<p>&#13;<\/p>\n<p align=\"justify\" class=\"text1noticias\">\u201cEsto es  un indicativo de que los ciudadanos aspiran a seguir viviendo en armon\u00eda, paz y  sosiego, dejando atr\u00e1s la crispaci\u00f3n, el caos, el nerviosismo y la inseguridad  que se vivi\u00f3 en el gobierno del PRD\u201d, agreg\u00f3.<\/p>\n<p>&#13;<\/p>\n<p align=\"justify\" class=\"text1noticias\">El  funcionario y l\u00edder del Consejo Presidencial Reformista que agrupa a millares de  balagueristas y reformistas en todo el pa\u00eds dijo que los partidos y movimientos  que conforman el Bloque Progresista est\u00e1n trabajando duro para ganar en primera  vuelta.<\/p>\n<p>&#13;<\/p>\n<p align=\"justify\" class=\"text1noticias\">Manifest\u00f3  que este es un pueblo inteligente que no se deja enga\u00f1ar o confundir por la  campa\u00f1a medi\u00e1tica de la oposici\u00f3n, \u201cque cree que diciendo mentiras y  prometiendo cosas que jam\u00e1s podr\u00e1n cumplir, pueden ganar unas elecciones\u201d.<\/p>\n<p>&#13;<\/p>\n<p align=\"justify\" class=\"text1noticias\">Morales  Troncoso habl\u00f3 en el marco de un encuentro que sostuvo con cientos de  dirigentes, militantes y activistas del movimiento que lidera, a los que  exhort\u00f3 a no descansar en el trabajo pol\u00edtico hasta el \u00faltimo minuto del cierre  de las votaciones, \u201cporque no podemos dormirnos en los laureles\u201d.<\/p>\n<p>&#13;<\/p>\n<h6> 2008-04-20 21:24:26 <\/h6>\n<p><!--\n<link rel=\"stylesheet\" href=\"css\/bootstrap.min.css\">\n\n\n<ul class=\"pagination\">\n\t    \n\t\n\n<li >\n\t<a href='?page_no=33566'>Previous<\/a>\n\t<\/li>\n\n\n       \n    \n\n<li><a href='?page_no=1'>1<\/a><\/li>\n\n\n\n<li><a href='?page_no=2'>2<\/a><\/li>\n\n\n\n<li><a>...<\/a><\/li>\n\n\n\n<li><a href='?page_no=33565'>33565<\/a><\/li>\n\n\n\n<li><a href='?page_no=33566'>33566<\/a><\/li>\n\n\n\n<li class='active'><a>33567<\/a><\/li>\n\n\n\n<li><a href='?page_no=33568'>33568<\/a><\/li>\n\n\n\n<li><a href='?page_no=33569'>33569<\/a><\/li>\n\n\n\n<li><a>...<\/a><\/li>\n\n\n\n<li><a href='?page_no=36999'>36999<\/a><\/li>\n\n\n\n<li><a href='?page_no=37000'>37000<\/a><\/li>\n\n    \n\t\n\n<li >\n\t<a href='?page_no=33568'>Next<\/a>\n\t<\/li>\n\n\n    \n\n<li><a href='?page_no=37000'>Last &rsaquo;&rsaquo;<\/a><\/li>\n\n<\/ul>\n\n\n--><br \/>\n<\/body><\/p>\n","protected":false},"excerpt":{"rendered":"<p>Morales asegura Leonel \u00a0ganar\u00e1 reelecci\u00f3n porque \u201clo ha hecho bien\u201d en estos 4 a\u00f1os &#13; Dice ciudadanos est\u00e1n decididos a darle una nueva oportunidad al mandatario &#13; Santo Domingo.- El canciller y presidente del Consejo Presidencial Reformista (CPR), Carlos Morales Troncoso, asegur\u00f3 que Leonel Fern\u00e1ndez ganar\u00e1 las elecciones en la primera vuelta porque el pueblo [&hellip;]<\/p>\n","protected":false},"author":3,"featured_media":0,"comment_status":"open","ping_status":"open","sticky":false,"template":"","format":"standard","meta":{"footnotes":""},"categories":[22],"tags":[],"class_list":["post-190819","post","type-post","status-publish","format-standard","hentry","category-politica"],"_links":{"self":[{"href":"https:\/\/diariodominicano.com\/index.php?rest_route=\/wp\/v2\/posts\/190819","targetHints":{"allow":["GET"]}}],"collection":[{"href":"https:\/\/diariodominicano.com\/index.php?rest_route=\/wp\/v2\/posts"}],"about":[{"href":"https:\/\/diariodominicano.com\/index.php?rest_route=\/wp\/v2\/types\/post"}],"author":[{"embeddable":true,"href":"https:\/\/diariodominicano.com\/index.php?rest_route=\/wp\/v2\/users\/3"}],"replies":[{"embeddable":true,"href":"https:\/\/diariodominicano.com\/index.php?rest_route=%2Fwp%2Fv2%2Fcomments&post=190819"}],"version-history":[{"count":0,"href":"https:\/\/diariodominicano.com\/index.php?rest_route=\/wp\/v2\/posts\/190819\/revisions"}],"wp:attachment":[{"href":"https:\/\/diariodominicano.com\/index.php?rest_route=%2Fwp%2Fv2%2Fmedia&parent=190819"}],"wp:term":[{"taxonomy":"category","embeddable":true,"href":"https:\/\/diariodominicano.com\/index.php?rest_route=%2Fwp%2Fv2%2Fcategories&post=190819"},{"taxonomy":"post_tag","embeddable":true,"href":"https:\/\/diariodominicano.com\/index.php?rest_route=%2Fwp%2Fv2%2Ftags&post=190819"}],"curies":[{"name":"wp","href":"https:\/\/api.w.org\/{rel}","templated":true}]}}