{"id":190816,"date":"2008-04-20T21:47:27","date_gmt":"2008-04-20T21:47:27","guid":{"rendered":"http:\/\/diariodominicano.ddns.net\/?p=190816"},"modified":"2008-04-20T21:47:27","modified_gmt":"2008-04-20T21:47:27","slug":"amable-dice-leonel-desconoce-como-vive-pueblo-que-gobierna","status":"publish","type":"post","link":"https:\/\/diariodominicano.com\/?p=190816","title":{"rendered":"Amable dice: Leonel desconoce como vive pueblo que gobierna"},"content":{"rendered":"<p><body><\/p>\n<p align=\"justify\"><strong class=\"titulogrande1\">Amable dice, Leonel  desconoce como vive pueblo que gobierna<\/strong><br \/>&#13;<br \/>\n  <br \/>&#13;<br \/>\n    <strong>Afirma presidente vive en el aire en burbuja de  cristal, asegura solo promueve soluciones cosm\u00e9ticas y medidas virtuales que no  resuelven nada<\/strong><\/p>\n<p>&#13;<\/p>\n<p align=\"justify\" class=\"text1noticias\"><strong><img loading=\"lazy\" decoding=\"async\" src=\"http:\/\/localhost:8080\/img\/enrique amable.jpg\" width=\"375\" height=\"1560\" hspace=\"4\" align=\"left\" \/>San Pedro de Macor\u00eds.-<\/strong> El candidato presidencial del Partido Reformista Social Cristiano, afirm\u00f3 hoy,  que el Dr. Leonel Fern\u00e1ndez desconoce la realidad que sufre y padece el pueblo  que \u00e9l gobierna.<\/p>\n<p>&#13;<\/p>\n<p align=\"justify\" class=\"text1noticias\">\u201cEl presidente  Fern\u00e1ndez esta desconectado de la realidad, no sabe, no conoce las calamidades  y vicisitudes que d\u00eda a d\u00eda tienen que sufrir los dominicanos como consecuencia  de su mala pol\u00edtica econ\u00f3mica y de la insoportable carga fiscal que les ha  impuesto\u201d.<\/p>\n<p>&#13;<\/p>\n<p align=\"justify\" class=\"text1noticias\"> El aspirante  presidencial reformista, dijo que el primer mandatario desconoce o se le olvido  como se vive en los barrios, donde se compra arroz por cuarta, media libra o  libra, pasta de tomates y sazones por cucharadas, aceite por tercias y donde  las madres de familia tienen que estirar el diario, mismo que raras veces  supera los cien pesos, para dar de comer a sus hijos y esposos y la mayor\u00eda de  las ocasiones deben acudir al fiao.<\/p>\n<p>&#13;<\/p>\n<p align=\"justify\" class=\"text1noticias\">\u201cA Leonel se  le olvido que los pobres no tienen tarjetas de cr\u00e9dito y que en los barrios no  hay supermercados, que no compran aceite por gal\u00f3n ni arroz por saquito\u201d.<\/p>\n<p>&#13;<\/p>\n<p align=\"justify\" class=\"text1noticias\">Asegur\u00f3 que el  presidente Fern\u00e1ndez vive en una burbuja de cristal en el aire, navegando en el  Internet muy lejos de la vida real, en una ficci\u00f3n, mientras el pueblo que lo  eligi\u00f3 sufre la carencia de lo elemental, comida, medicina, energ\u00eda el\u00e9ctrica y  agua potable, adem\u00e1s de la inseguridad y el desempleo todo consecuencia de una  mala pol\u00edtica econ\u00f3mica.<\/p>\n<p>&#13;<\/p>\n<p align=\"justify\" class=\"text1noticias\">Consider\u00f3, que  las \u00faltimas medidas para reducir el precio de algunos art\u00edculos de primera  necesidad son meramente cosm\u00e9ticas, para aparentar, no para resolver por dem\u00e1s  virtuales e ineficaces, el bajar en base a cr\u00e9ditos fiscales o arancelarios los  precios de cuatro o cinco productos de la canasta familiar en las grandes cadenas  de supermercados que son dos o tres y obligarlos a publicitar en los medios de  comunicaci\u00f3n dichas rebajas, no le va a resolver nada a los pobres e indigentes  que representan el 80 % de la poblaci\u00f3n.<\/p>\n<p>&#13;<\/p>\n<p align=\"justify\" class=\"text1noticias\">\u201cEl gobierno  de los pobres que encabezaremos, reducir\u00e1 el costo de la vida relanzando la  agropecuaria, reduciendo los impuestos a los hidrocarburos, rebajando el Itebis  del 16 al 10 por ciento y reduciendo el costo de la energ\u00eda el\u00e9ctrica\u201d.<\/p>\n<p>&#13;<\/p>\n<p align=\"justify\" class=\"text1noticias\">Aristy Castro  se expres\u00f3 en estos t\u00e9rminos, luego encabezar una gigantesca concentraci\u00f3n en la Sultana del Este, le  acompa\u00f1aron, el candidato vicepresidencial Lic. Jos\u00e9 Enrique Sued, el Dr.  Josecito Haz\u00edm y su esposa Vilma Torres de Haz\u00edm, el diputado Sergio Cede\u00f1o,  Dar\u00edo Ma\u00f1\u00f3n, Rub\u00e9n Dar\u00edo Ramos, la Dra. Lila  Alburquerque, Ynti Alburquerque, el senador por La Altagracia Germ\u00e1n  Castro, el diputado Guido Cabrera entre otros importantes dirigentes nacionales.<\/p>\n<p>&#13;<\/p>\n<h6> 2008-04-20 21:47:27 <\/h6>\n<p><!--\n<link rel=\"stylesheet\" href=\"css\/bootstrap.min.css\">\n\n\n<ul class=\"pagination\">\n\t    \n\t\n\n<li >\n\t<a href='?page_no=33563'>Previous<\/a>\n\t<\/li>\n\n\n       \n    \n\n<li><a href='?page_no=1'>1<\/a><\/li>\n\n\n\n<li><a href='?page_no=2'>2<\/a><\/li>\n\n\n\n<li><a>...<\/a><\/li>\n\n\n\n<li><a href='?page_no=33562'>33562<\/a><\/li>\n\n\n\n<li><a href='?page_no=33563'>33563<\/a><\/li>\n\n\n\n<li class='active'><a>33564<\/a><\/li>\n\n\n\n<li><a href='?page_no=33565'>33565<\/a><\/li>\n\n\n\n<li><a href='?page_no=33566'>33566<\/a><\/li>\n\n\n\n<li><a>...<\/a><\/li>\n\n\n\n<li><a href='?page_no=36999'>36999<\/a><\/li>\n\n\n\n<li><a href='?page_no=37000'>37000<\/a><\/li>\n\n    \n\t\n\n<li >\n\t<a href='?page_no=33565'>Next<\/a>\n\t<\/li>\n\n\n    \n\n<li><a href='?page_no=37000'>Last &rsaquo;&rsaquo;<\/a><\/li>\n\n<\/ul>\n\n\n--><br \/>\n<\/body><\/p>\n","protected":false},"excerpt":{"rendered":"<p>Amable dice, Leonel desconoce como vive pueblo que gobierna&#13; &#13; Afirma presidente vive en el aire en burbuja de cristal, asegura solo promueve soluciones cosm\u00e9ticas y medidas virtuales que no resuelven nada &#13; San Pedro de Macor\u00eds.- El candidato presidencial del Partido Reformista Social Cristiano, afirm\u00f3 hoy, que el Dr. Leonel Fern\u00e1ndez desconoce la realidad [&hellip;]<\/p>\n","protected":false},"author":3,"featured_media":0,"comment_status":"open","ping_status":"open","sticky":false,"template":"","format":"standard","meta":{"footnotes":""},"categories":[22],"tags":[],"class_list":["post-190816","post","type-post","status-publish","format-standard","hentry","category-politica"],"_links":{"self":[{"href":"https:\/\/diariodominicano.com\/index.php?rest_route=\/wp\/v2\/posts\/190816","targetHints":{"allow":["GET"]}}],"collection":[{"href":"https:\/\/diariodominicano.com\/index.php?rest_route=\/wp\/v2\/posts"}],"about":[{"href":"https:\/\/diariodominicano.com\/index.php?rest_route=\/wp\/v2\/types\/post"}],"author":[{"embeddable":true,"href":"https:\/\/diariodominicano.com\/index.php?rest_route=\/wp\/v2\/users\/3"}],"replies":[{"embeddable":true,"href":"https:\/\/diariodominicano.com\/index.php?rest_route=%2Fwp%2Fv2%2Fcomments&post=190816"}],"version-history":[{"count":0,"href":"https:\/\/diariodominicano.com\/index.php?rest_route=\/wp\/v2\/posts\/190816\/revisions"}],"wp:attachment":[{"href":"https:\/\/diariodominicano.com\/index.php?rest_route=%2Fwp%2Fv2%2Fmedia&parent=190816"}],"wp:term":[{"taxonomy":"category","embeddable":true,"href":"https:\/\/diariodominicano.com\/index.php?rest_route=%2Fwp%2Fv2%2Fcategories&post=190816"},{"taxonomy":"post_tag","embeddable":true,"href":"https:\/\/diariodominicano.com\/index.php?rest_route=%2Fwp%2Fv2%2Ftags&post=190816"}],"curies":[{"name":"wp","href":"https:\/\/api.w.org\/{rel}","templated":true}]}}