{"id":190815,"date":"2008-04-20T21:56:56","date_gmt":"2008-04-20T21:56:56","guid":{"rendered":"http:\/\/diariodominicano.ddns.net\/?p=190815"},"modified":"2008-04-20T21:56:56","modified_gmt":"2008-04-20T21:56:56","slug":"pld-suspende-concentracion-ordena-rescate-de-danos-del-tornado-en-la-vega","status":"publish","type":"post","link":"https:\/\/diariodominicano.com\/?p=190815","title":{"rendered":"PLD suspende concentraci\u00f3n; Ordena rescate de da\u00f1os del tornado en La Vega"},"content":{"rendered":"<p><body><\/p>\n<p align=\"justify\" class=\"titulogrande1\">PLD suspende concentraci\u00f3n; Ordena  rescate de da\u00f1os del tornado en La Vega\u00a0\u00a0\u00a0\u00a0\u00a0\u00a0\u00a0 <\/p>\n<p>&#13;<\/p>\n<p align=\"justify\" class=\"text1noticias\"><strong>La Vega.-<\/strong> El Senador  Euclides S\u00e1nchez, Presidente provincial del Partido de la Liberaci\u00f3n Dominicana  en La Vega,\u00a0 confirm\u00f3 esta tarde la  suspensi\u00f3n de la concentraci\u00f3n que para este d\u00eda ten\u00eda programado el PLD y  partidos aliados en esa comunidad e inform\u00f3 que la Direcci\u00f3n Provincial orden\u00f3  a la militancia integrarse en brigadas para limpiar la ciudad y prestar la  asistencia que sea necesaria.<\/p>\n<p>&#13;<\/p>\n<p align=\"justify\" class=\"text1noticias\"> S\u00e1nchez en declaraciones\u00a0divulgadas por la Secretar\u00eda de Comunicaciones del PLD dijo que pese al  entusiasmo dominante en la poblaci\u00f3n por la actividad programada, las  condiciones no eran favorables para su realizaci\u00f3n.<\/p>\n<p>&#13;<\/p>\n<p align=\"justify\" class=\"text1noticias\"> Explic\u00f3 que la prudencia ordenaba la suspensi\u00f3n del mitin,  pues no se expondr\u00eda a la militancia y los simpatizantes a los peligros que  acarrean ramas de \u00e1rboles derrumbados y tendido del tendido el\u00e9ctrico en el  sue\u00f1o y otros tipos de da\u00f1os.<\/p>\n<p>&#13;<\/p>\n<p align=\"justify\" class=\"text1noticias\"> Confirm\u00f3 que el Presidente de la Rep\u00fablica, Doctor Leonel  Fern\u00e1ndez de todas maneras ir\u00e1 a La Vega y har\u00e1 un recorrido con las  autoridades locales para, evaluar en una primera fase, los da\u00f1os ocasionados y ordenar la  recuperaci\u00f3n.<\/p>\n<p>&#13;<\/p>\n<p align=\"justify\" class=\"text1noticias\"> Explic\u00f3 tambi\u00e9n que se traslada a la zona Francisco Javier  Garc\u00eda, coordinador General de la Campa\u00f1a,\u00a0  para conjuntamente con la coordinaci\u00f3n provincial organizar las acciones  a seguir. <\/p>\n<p>&#13;<\/p>\n<p align=\"justify\" class=\"text1noticias\"> El Presidente Leonel Fern\u00e1ndez agotaba una agenda en Saman\u00e1  en donde el Comit\u00e9 de Campa\u00f1a program\u00f3 actividades proselitistas por las calles de esa comunidad al nordeste  de la Rep\u00fablica.<\/p>\n<p>&#13;<\/p>\n<p align=\"justify\" class=\"text1noticias\"> Lluvias con fuertes vientos, r\u00e1fagas y granizada se  sintieron en el municipio de la Vega antes de las tres de la tarde de este d\u00eda  que provocaron la ca\u00edda\u00a0 de letreros,  ramas de \u00e1rboles y del tendido el\u00e9ctrico, sin que hasta las primeras horas de  la actividad se reportara otro tipo de da\u00f1os.<br \/>&#13;<br \/>\n  <br \/>&#13;<br \/>\nEl Comit\u00e9 Provincial del PLD y la Direcci\u00f3n Operativa de la  Campa\u00f1a convocaron de inmediato a los miembros del PLD de La Vega a que se  integren a las labores de limpieza y auxilio a la ciudad.<\/p>\n<p>&#13;<\/p>\n<p align=\"justify\" class=\"text1noticias\">\u00abQue se constituyan en brigadas y comiencen a limpiar  las calles, a podar los \u00e1rboles para que de manera r\u00e1pida La Vega retorne a sus  actividades habituales\u00bb dijo el senador S\u00e1nchez al trazar las directrices  del PLD a sus militantes en La Vega.<\/p>\n<p>&#13;<\/p>\n<h6> 2008-04-20 21:56:56 <\/h6>\n<p><!--\n<link rel=\"stylesheet\" href=\"css\/bootstrap.min.css\">\n\n\n<ul class=\"pagination\">\n\t    \n\t\n\n<li >\n\t<a href='?page_no=33562'>Previous<\/a>\n\t<\/li>\n\n\n       \n    \n\n<li><a href='?page_no=1'>1<\/a><\/li>\n\n\n\n<li><a href='?page_no=2'>2<\/a><\/li>\n\n\n\n<li><a>...<\/a><\/li>\n\n\n\n<li><a href='?page_no=33561'>33561<\/a><\/li>\n\n\n\n<li><a href='?page_no=33562'>33562<\/a><\/li>\n\n\n\n<li class='active'><a>33563<\/a><\/li>\n\n\n\n<li><a href='?page_no=33564'>33564<\/a><\/li>\n\n\n\n<li><a href='?page_no=33565'>33565<\/a><\/li>\n\n\n\n<li><a>...<\/a><\/li>\n\n\n\n<li><a href='?page_no=36999'>36999<\/a><\/li>\n\n\n\n<li><a href='?page_no=37000'>37000<\/a><\/li>\n\n    \n\t\n\n<li >\n\t<a href='?page_no=33564'>Next<\/a>\n\t<\/li>\n\n\n    \n\n<li><a href='?page_no=37000'>Last &rsaquo;&rsaquo;<\/a><\/li>\n\n<\/ul>\n\n\n--><br \/>\n<\/body><\/p>\n","protected":false},"excerpt":{"rendered":"<p>PLD suspende concentraci\u00f3n; Ordena rescate de da\u00f1os del tornado en La Vega\u00a0\u00a0\u00a0\u00a0\u00a0\u00a0\u00a0 &#13; La Vega.- El Senador Euclides S\u00e1nchez, Presidente provincial del Partido de la Liberaci\u00f3n Dominicana en La Vega,\u00a0 confirm\u00f3 esta tarde la suspensi\u00f3n de la concentraci\u00f3n que para este d\u00eda ten\u00eda programado el PLD y partidos aliados en esa comunidad e inform\u00f3 que [&hellip;]<\/p>\n","protected":false},"author":3,"featured_media":0,"comment_status":"open","ping_status":"open","sticky":false,"template":"","format":"standard","meta":{"footnotes":""},"categories":[22],"tags":[],"class_list":["post-190815","post","type-post","status-publish","format-standard","hentry","category-politica"],"_links":{"self":[{"href":"https:\/\/diariodominicano.com\/index.php?rest_route=\/wp\/v2\/posts\/190815","targetHints":{"allow":["GET"]}}],"collection":[{"href":"https:\/\/diariodominicano.com\/index.php?rest_route=\/wp\/v2\/posts"}],"about":[{"href":"https:\/\/diariodominicano.com\/index.php?rest_route=\/wp\/v2\/types\/post"}],"author":[{"embeddable":true,"href":"https:\/\/diariodominicano.com\/index.php?rest_route=\/wp\/v2\/users\/3"}],"replies":[{"embeddable":true,"href":"https:\/\/diariodominicano.com\/index.php?rest_route=%2Fwp%2Fv2%2Fcomments&post=190815"}],"version-history":[{"count":0,"href":"https:\/\/diariodominicano.com\/index.php?rest_route=\/wp\/v2\/posts\/190815\/revisions"}],"wp:attachment":[{"href":"https:\/\/diariodominicano.com\/index.php?rest_route=%2Fwp%2Fv2%2Fmedia&parent=190815"}],"wp:term":[{"taxonomy":"category","embeddable":true,"href":"https:\/\/diariodominicano.com\/index.php?rest_route=%2Fwp%2Fv2%2Fcategories&post=190815"},{"taxonomy":"post_tag","embeddable":true,"href":"https:\/\/diariodominicano.com\/index.php?rest_route=%2Fwp%2Fv2%2Ftags&post=190815"}],"curies":[{"name":"wp","href":"https:\/\/api.w.org\/{rel}","templated":true}]}}