{"id":190813,"date":"2008-04-21T00:21:10","date_gmt":"2008-04-21T00:21:10","guid":{"rendered":"http:\/\/diariodominicano.ddns.net\/?p=190813"},"modified":"2008-04-21T00:21:10","modified_gmt":"2008-04-21T00:21:10","slug":"fernandez-va-en-auxilio-de-afectados-pld-suspende-mitin-en-la-vega-debido-a-tornado-y-granizo","status":"publish","type":"post","link":"https:\/\/diariodominicano.com\/?p=190813","title":{"rendered":"Fern\u00e1ndez va en auxilio de afectados; PLD suspende mitin en La Vega debido a tornado y granizo"},"content":{"rendered":"<p><body><\/p>\n<p align=\"justify\" class=\"titulogrande1\">Fern\u00e1ndez va en auxilio de afectados; <strong>PLD suspende mitin en La Vega debido a tornado y  granizo<\/strong><\/p>\n<p>&#13;<\/p>\n<p align=\"justify\" class=\"text1noticias\"><strong><img loading=\"lazy\" decoding=\"async\" src=\"http:\/\/localhost:8080\/img\/la vega pld.jpg\" width=\"375\" height=\"753\" hspace=\"4\" align=\"left\" \/>La Vega.-<\/strong> El candidato  presidencial del Partido de la Liberaci\u00f3n Dominicana (PLD), doctor Leonel  Fern\u00e1ndez lament\u00f3 la muerte de la se\u00f1ora Mercedes N\u00fa\u00f1ez Torres, de 64 a\u00f1os,  quien falleci\u00f3 por los golpes recibidos por una antena, tras el paso de un  tornado por esta provincia.<br \/>&#13;<br \/>\n  <br \/>&#13;<br \/>\n  El mandatario, quien suspendi\u00f3 un encuento masivo con simpatizantes  de esta provincia, para ir en auxilio de los moradores, visit\u00f3 la residencia de  la v\u00edctima, en la calle Stanley Garc\u00eda, n\u00famero 20, del sector Palmarejito, y  desde all\u00ed comenz\u00f3 a evaluar los da\u00f1os del fen\u00f3meno afmosf\u00e9rico que afect\u00f3 la  zona.<br \/>&#13;<br \/>\n  <br \/>&#13;<br \/>\n  Fern\u00e1ndez, que regresaba  de varias actividades proselitistas en la provincia de Saman\u00e1, recorri\u00f3  personalmente la zona afectada de La   Vega, e inmediatamente dio instrucciones precisas a  funcionarios de su gobierno para que en lo inmediato se inicien los trabajos de  recuperaci\u00f3n.<\/p>\n<p>&#13;<\/p>\n<p align=\"justify\" class=\"text1noticias\"><strong>Habla Jefe de Campa\u00f1a<\/strong><br \/>&#13;<br \/>\n  <br \/>&#13;<br \/>\n  Francisco Javier Garc\u00eda,  coordinador nacional de campa\u00f1a del PLD, asegur\u00f3 que al igual que en los casos  de las tormentas Olga y Noel, el presidente Fern\u00e1ndez ha dado respuestas  inmediatas ante este desastre de la naturaleza, y desde ya se est\u00e1n localizando  a los afectados para ser reubicados en zonas m\u00e1s seguras.<br \/>&#13;<br \/>\n  <br \/>&#13;<br \/>\n  Llam\u00f3 a la militancia de  su partido a unirse a las labores de reconstrucci\u00f3n en La Vega, no como dirigentes ni  simpatizantes, sino como ciudadanos solidarios.<br \/>&#13;<br \/>\n  <br \/>&#13;<br \/>\n  Aunque dijo que la  actividad pol\u00edtica programada all\u00ed se realizar\u00e1 luego, \u201clo m\u00e1s importante ahora  mismo es restablecer las cosas aqu\u00ed\u201d.<\/p>\n<p>&#13;<\/p>\n<p align=\"justify\" class=\"text1noticias\"><strong>Apoyo masivo en la bah\u00eda<\/strong><br \/>&#13;<br \/>\n  <br \/>&#13;<br \/>\n  Previo a visitar La Vega,  el candidato presidencial del Partido de la Liberaci\u00f3n Dominicana, PLD, y del Bloque Progresista estuvo recorriendo varios sectores de la localidad de S\u00e1nchez, en Saman\u00e1, donde recibi\u00f3 el respaldo de miles de simpatizantes, que les saludaron con euforia al paso de la caravana por las principales calles del municipio.<br \/>&#13;<br \/>\n  <br \/>&#13;<br \/>\n  A lo largo de todo el trayecto, fue notoria la algarab\u00eda de cientos de seguidores del PLD y sus aliados, que portando pancartas y ondeando banderas de sus partidos, se afanaban por ver y saludar al presidente Fern\u00e1ndez.<br \/>&#13;<br \/>\n  <br \/>&#13;<br \/>\n  A su llegada a la ciudad de Saman\u00e1, el candidato morado fue aclamado por centenares de sus partidarios que se apostaban en ambos lados de la avenida principal, para luego seguirle por las calles circundantes al malec\u00f3n, con gritos de j\u00fabilos y consignas de apoyo a su candidatura.<br \/>&#13;<br \/>\n  <br \/>&#13;<br \/>\n  La extensa marcha, convertida en un mar de gente, recorri\u00f3 los sectores de Villa Carmen, Los Wilmore y Villa Almas, entre otros.<br \/>&#13;<br \/>\n  <br \/>&#13;<br \/>\n  En su amplio recorrido por los municipios de la provincia de Saman\u00e1, el doctor Fern\u00e1ndez sigui\u00f3 recibiendo el apoyo de varios dirigentes de los partidos Revolucionario Dominicano, PRD, y Reformista Social Cristiano, PRSC.<br \/>&#13;<br \/>\n  <br \/>&#13;<br \/>\n  El candidato morado jurament\u00f3 el Movimiento Unido por la Renovaci\u00f3n de S\u00e1nchez, que preside el ex s\u00edndico y ex regidor perrede\u00edsta, doctor Francisco Sandoval Garc\u00eda.<br \/>&#13;<br \/>\n  <br \/>&#13;<br \/>\n  Tambi\u00e9n tomaron juramento los miembros del Movimiento Saman\u00e1 Unido por Leonel y nuevos integrantes del Movimiento Reformistas Sumados al Progreso, que dirige el senador de Juan S\u00e1nchez Ram\u00edrez (Cotu\u00ed) y ex dirigente reformista, F\u00e9lix V\u00e1squez.<\/p>\n<p>&#13;<\/p>\n<p align=\"justify\" class=\"text1noticias\">Estas juramentaciones estuvieron presididas por los dirigentes del PLD y fuerzas aliadas, entre ellos Francisco Javier Garc\u00eda, coordinador nacional de la campa\u00f1a, F\u00e9lix Jim\u00e9nez, F\u00e9lix Bautista, el senador de Saman\u00e1, Prim Pujals, y otros.<\/p>\n<p>&#13;<\/p>\n<p>&#13;<\/p>\n<h6> 2008-04-21 00:21:10 <\/h6>\n<p><!--\n<link rel=\"stylesheet\" href=\"css\/bootstrap.min.css\">\n\n\n<ul class=\"pagination\">\n\t    \n\t\n\n<li >\n\t<a href='?page_no=33560'>Previous<\/a>\n\t<\/li>\n\n\n       \n    \n\n<li><a href='?page_no=1'>1<\/a><\/li>\n\n\n\n<li><a href='?page_no=2'>2<\/a><\/li>\n\n\n\n<li><a>...<\/a><\/li>\n\n\n\n<li><a href='?page_no=33559'>33559<\/a><\/li>\n\n\n\n<li><a href='?page_no=33560'>33560<\/a><\/li>\n\n\n\n<li class='active'><a>33561<\/a><\/li>\n\n\n\n<li><a href='?page_no=33562'>33562<\/a><\/li>\n\n\n\n<li><a href='?page_no=33563'>33563<\/a><\/li>\n\n\n\n<li><a>...<\/a><\/li>\n\n\n\n<li><a href='?page_no=36999'>36999<\/a><\/li>\n\n\n\n<li><a href='?page_no=37000'>37000<\/a><\/li>\n\n    \n\t\n\n<li >\n\t<a href='?page_no=33562'>Next<\/a>\n\t<\/li>\n\n\n    \n\n<li><a href='?page_no=37000'>Last &rsaquo;&rsaquo;<\/a><\/li>\n\n<\/ul>\n\n\n--><br \/>\n<\/body><\/p>\n","protected":false},"excerpt":{"rendered":"<p>Fern\u00e1ndez va en auxilio de afectados; PLD suspende mitin en La Vega debido a tornado y granizo &#13; La Vega.- El candidato presidencial del Partido de la Liberaci\u00f3n Dominicana (PLD), doctor Leonel Fern\u00e1ndez lament\u00f3 la muerte de la se\u00f1ora Mercedes N\u00fa\u00f1ez Torres, de 64 a\u00f1os, quien falleci\u00f3 por los golpes recibidos por una antena, tras [&hellip;]<\/p>\n","protected":false},"author":3,"featured_media":0,"comment_status":"open","ping_status":"open","sticky":false,"template":"","format":"standard","meta":{"footnotes":""},"categories":[22],"tags":[],"class_list":["post-190813","post","type-post","status-publish","format-standard","hentry","category-politica"],"_links":{"self":[{"href":"https:\/\/diariodominicano.com\/index.php?rest_route=\/wp\/v2\/posts\/190813","targetHints":{"allow":["GET"]}}],"collection":[{"href":"https:\/\/diariodominicano.com\/index.php?rest_route=\/wp\/v2\/posts"}],"about":[{"href":"https:\/\/diariodominicano.com\/index.php?rest_route=\/wp\/v2\/types\/post"}],"author":[{"embeddable":true,"href":"https:\/\/diariodominicano.com\/index.php?rest_route=\/wp\/v2\/users\/3"}],"replies":[{"embeddable":true,"href":"https:\/\/diariodominicano.com\/index.php?rest_route=%2Fwp%2Fv2%2Fcomments&post=190813"}],"version-history":[{"count":0,"href":"https:\/\/diariodominicano.com\/index.php?rest_route=\/wp\/v2\/posts\/190813\/revisions"}],"wp:attachment":[{"href":"https:\/\/diariodominicano.com\/index.php?rest_route=%2Fwp%2Fv2%2Fmedia&parent=190813"}],"wp:term":[{"taxonomy":"category","embeddable":true,"href":"https:\/\/diariodominicano.com\/index.php?rest_route=%2Fwp%2Fv2%2Fcategories&post=190813"},{"taxonomy":"post_tag","embeddable":true,"href":"https:\/\/diariodominicano.com\/index.php?rest_route=%2Fwp%2Fv2%2Ftags&post=190813"}],"curies":[{"name":"wp","href":"https:\/\/api.w.org\/{rel}","templated":true}]}}