{"id":190810,"date":"2008-04-21T15:59:08","date_gmt":"2008-04-21T15:59:08","guid":{"rendered":"http:\/\/diariodominicano.ddns.net\/?p=190810"},"modified":"2008-04-21T15:59:08","modified_gmt":"2008-04-21T15:59:08","slug":"reconocen-labor-social-de-miguel-bogaert-en-municipio-santo-domingo-oeste","status":"publish","type":"post","link":"https:\/\/diariodominicano.com\/?p=190810","title":{"rendered":"Reconocen labor social de Miguel Bogaert, en municipio Santo Domingo Oeste"},"content":{"rendered":"<p><body><\/p>\n<p class=\"titulogrande1\"><strong>Reconocen labor  social de Miguel Bogaert, en municipio Santo Domingo Oeste\u00a0 <\/strong><\/p>\n<p>&#13;<\/p>\n<p align=\"justify\" class=\"text1noticias\"><strong><img loading=\"lazy\" decoding=\"async\" src=\"http:\/\/localhost:8080\/img\/bogart.jpg\" width=\"375\" height=\"251\" hspace=\"4\" align=\"left\" \/>Santo Domingo.- <\/strong>La Comisi\u00f3n Presidencial  de Apoyo al Desarrollo Barrial reconoci\u00f3 la labor social que en beneficio del  municipio Santo Domingo Oeste viene desarrollando Miguel Bogaert.<\/p>\n<p>&#13;<\/p>\n<p align=\"justify\" class=\"text1noticias\">Al entregar el pergamino de reconocimiento, Taina Goutreaux  resalt\u00f3 el trabajo social que desde hace a\u00f1os realiza Bogaert, en distintos  sectores de este municipio.<\/p>\n<p>&#13;<\/p>\n<p align=\"justify\" class=\"text1noticias\">La funcionaria dijo que la oficina que dirige monitorea  el trabajo que desarrollan los l\u00edderes comunitarios en sus respectivos sectores.<\/p>\n<p>&#13;<\/p>\n<p align=\"justify\" class=\"text1noticias\">De su lado Bogaert, valor\u00f3 el pergamino de  reconocimiento, al tiempo que se comprometi\u00f3 a duplicar los trabajos sociales  en los sectores de Herrera, Palav\u00e9, Manoguayabo, Las Caobas, Las Palmas de Herrera,  entre otros barrios del municipio.<\/p>\n<p>&#13;<\/p>\n<p align=\"justify\" class=\"text1noticias\">Bogaert manifest\u00f3 que \u201cnunca he hecho nada, para que se  me reconozca, pero mi trabajo social esta ah\u00ed, y lo hago con amor porque me  gusta servir al pr\u00f3jimo, como nos ense\u00f1o el doctor Joaqu\u00edn Balaguer\u201d.<\/p>\n<p>&#13;<\/p>\n<p align=\"justify\" class=\"text1noticias\">El reconocimiento se realiz\u00f3 en el sector La Flor del  Caf\u00e9 de Herrera, donde fueron reconocidos otros l\u00edderes comunitarios de la  barriada.<\/p>\n<p>&#13;<\/p>\n<p align=\"justify\" class=\"text1noticias\">Miguel Bogaert aprovecho la ocasi\u00f3n para entregar  raciones alimenticias a los habitantes del sector.<\/p>\n<p>&#13;<\/p>\n<p align=\"justify\" class=\"text1noticias\">La actividad cont\u00f3 con la participaci\u00f3n del diputado por  Santo Domingo Oeste, Gerardo Bogaert, quien a su vez se hizo acompa\u00f1ar de  importantes dirigentes del movimiento Reformistas con Leonel.<\/p>\n<p>&#13;<\/p>\n<h6> 2008-04-21 15:59:08 <\/h6>\n<p><!--\n<link rel=\"stylesheet\" href=\"css\/bootstrap.min.css\">\n\n\n<ul class=\"pagination\">\n\t    \n\t\n\n<li >\n\t<a href='?page_no=33557'>Previous<\/a>\n\t<\/li>\n\n\n       \n    \n\n<li><a href='?page_no=1'>1<\/a><\/li>\n\n\n\n<li><a href='?page_no=2'>2<\/a><\/li>\n\n\n\n<li><a>...<\/a><\/li>\n\n\n\n<li><a href='?page_no=33556'>33556<\/a><\/li>\n\n\n\n<li><a href='?page_no=33557'>33557<\/a><\/li>\n\n\n\n<li class='active'><a>33558<\/a><\/li>\n\n\n\n<li><a href='?page_no=33559'>33559<\/a><\/li>\n\n\n\n<li><a href='?page_no=33560'>33560<\/a><\/li>\n\n\n\n<li><a>...<\/a><\/li>\n\n\n\n<li><a href='?page_no=36999'>36999<\/a><\/li>\n\n\n\n<li><a href='?page_no=37000'>37000<\/a><\/li>\n\n    \n\t\n\n<li >\n\t<a href='?page_no=33559'>Next<\/a>\n\t<\/li>\n\n\n    \n\n<li><a href='?page_no=37000'>Last &rsaquo;&rsaquo;<\/a><\/li>\n\n<\/ul>\n\n\n--><br \/>\n<\/body><\/p>\n","protected":false},"excerpt":{"rendered":"<p>Reconocen labor social de Miguel Bogaert, en municipio Santo Domingo Oeste\u00a0 &#13; Santo Domingo.- La Comisi\u00f3n Presidencial de Apoyo al Desarrollo Barrial reconoci\u00f3 la labor social que en beneficio del municipio Santo Domingo Oeste viene desarrollando Miguel Bogaert. &#13; Al entregar el pergamino de reconocimiento, Taina Goutreaux resalt\u00f3 el trabajo social que desde hace a\u00f1os [&hellip;]<\/p>\n","protected":false},"author":3,"featured_media":0,"comment_status":"open","ping_status":"open","sticky":false,"template":"","format":"standard","meta":{"footnotes":""},"categories":[22],"tags":[],"class_list":["post-190810","post","type-post","status-publish","format-standard","hentry","category-politica"],"_links":{"self":[{"href":"https:\/\/diariodominicano.com\/index.php?rest_route=\/wp\/v2\/posts\/190810","targetHints":{"allow":["GET"]}}],"collection":[{"href":"https:\/\/diariodominicano.com\/index.php?rest_route=\/wp\/v2\/posts"}],"about":[{"href":"https:\/\/diariodominicano.com\/index.php?rest_route=\/wp\/v2\/types\/post"}],"author":[{"embeddable":true,"href":"https:\/\/diariodominicano.com\/index.php?rest_route=\/wp\/v2\/users\/3"}],"replies":[{"embeddable":true,"href":"https:\/\/diariodominicano.com\/index.php?rest_route=%2Fwp%2Fv2%2Fcomments&post=190810"}],"version-history":[{"count":0,"href":"https:\/\/diariodominicano.com\/index.php?rest_route=\/wp\/v2\/posts\/190810\/revisions"}],"wp:attachment":[{"href":"https:\/\/diariodominicano.com\/index.php?rest_route=%2Fwp%2Fv2%2Fmedia&parent=190810"}],"wp:term":[{"taxonomy":"category","embeddable":true,"href":"https:\/\/diariodominicano.com\/index.php?rest_route=%2Fwp%2Fv2%2Fcategories&post=190810"},{"taxonomy":"post_tag","embeddable":true,"href":"https:\/\/diariodominicano.com\/index.php?rest_route=%2Fwp%2Fv2%2Ftags&post=190810"}],"curies":[{"name":"wp","href":"https:\/\/api.w.org\/{rel}","templated":true}]}}