{"id":190804,"date":"2008-04-21T18:14:25","date_gmt":"2008-04-21T18:14:25","guid":{"rendered":"http:\/\/diariodominicano.ddns.net\/?p=190804"},"modified":"2008-04-21T18:14:25","modified_gmt":"2008-04-21T18:14:25","slug":"wessin-chavez-convocara-licitacion-internacional-para-modernizar-bienes-nacionales-afirma-entidad-aumenta-30-recaudaciones","status":"publish","type":"post","link":"https:\/\/diariodominicano.com\/?p=190804","title":{"rendered":"Wessin Ch\u00e1vez convocar\u00e1 licitaci\u00f3n internacional para modernizar Bienes Nacionales; afirma entidad aumenta 30% recaudaciones"},"content":{"rendered":"<p><body><\/p>\n<p align=\"justify\"><strong class=\"titulogrande1\">Wessin Ch\u00e1vez convocar\u00e1 licitaci\u00f3n  internacional para modernizar Bienes Nacionales; afirma entidad aumenta 30%  recaudaciones<\/strong><br \/>&#13;<br \/>\n  <br \/>&#13;<br \/>\n    <span class=\"text1noticias\"><strong>Santo Domingo.-<\/strong> El administrador de Bienes Nacionales, licenciado El\u00edas Wessin  Ch\u00e1vez, anunci\u00f3 una licitaci\u00f3n p\u00fablica internacional en la que se ofertar\u00e1 la  digitalizaci\u00f3n de todos los archivos, tanto de catastro como los de los planos,  a fin de modernizar este organismo para que todos sus procedimientos internos  se hagan por computadora. <br \/>&#13;<br \/>\n    <br \/>&#13;<br \/>\n    Wessin  Ch\u00e1vez dijo que la entidad convocar\u00e1 la licitaci\u00f3n p\u00fablica inmediatamente pase  el proceso electoral y que el proceso de modernizaci\u00f3n tiene el apoyo del  presidente Leonel Fern\u00e1ndez.<br \/>&#13;<br \/>\n    <br \/>&#13;<br \/>\n\u00abNo  vamos a bregar con tantos papeles y tantos expedientes, sino que en cada  estaci\u00f3n se registre la diligencia y que al final salga el documento\u00bb,  enfatiz\u00f3 el administrador de Bienes Nacionales.<br \/>&#13;<br \/>\n<br \/>&#13;<br \/>\nExplic\u00f3  que, por ejemplo, un ciudadano va a Bienes Nacionales interesado en comprar un  solar, la instituci\u00f3n pueda acceder a sus archivos o a los de la secci\u00f3n  inmobiliaria del Tribunal Superior de Tierra y chequear si es un bien p\u00fablico o  de Bienes Nacionales o si es propiedad privada, o es del CEA, del IAD, etc.<br \/>&#13;<br \/>\n<br \/>&#13;<br \/>\nIndic\u00f3  que el objetivo es evitar que el ciudadano pierda su tiempo y que la  instituci\u00f3n, asimismo, lista para dar la informaci\u00f3n, lo cual agilizar\u00e1 los  tr\u00e1mites del organismo oficial.<br \/>&#13;<br \/>\n<br \/>&#13;<br \/>\nDestac\u00f3  que su corta gesti\u00f3n logr\u00f3 ya aumentar la productividad de Bienes Nacionales  30%. \u00abEn siete meses se ha aumentado 30% las recaudaciones en Bienes  Nacionales, manera que eso refleja que se est\u00e1 haciendo un trabajo con  eficiencia y que se est\u00e1 haciendo una reingenier\u00eda de los procesos internos de  Bienes Nacionales, tanto para lo interno como para lo externo\u00bb, signific\u00f3.<br \/>&#13;<br \/>\n<br \/>&#13;<br \/>\nWessin  Ch\u00e1vez, tambi\u00e9n presidente del Partido Quisqueyano Dem\u00f3crata Cristiano (PQDC),  consider\u00f3 que ya Bienes Nacionales no es lo que era antes, aunque aclar\u00f3 que  con ese se\u00f1alamiento no quiere anular lo que hicieron los anteriores  incumbentes.<br \/>&#13;<br \/>\n<br \/>&#13;<br \/>\n\u00abMuchas  de las cosas que estoy haciendo, se trata de alargar o mejorar esos  procesos\u00bb, indic\u00f3 el funcionario y l\u00edder pecude\u00edsta para resaltar que sus  antecesores tambi\u00e9n avanzaron algunos trabajos en la modernizaci\u00f3n de Bienes  Nacionales.<\/span><\/p>\n<p>&#13;<\/p>\n<h6> 2008-04-21 18:14:25 <\/h6>\n<p><!--\n<link rel=\"stylesheet\" href=\"css\/bootstrap.min.css\">\n\n\n<ul class=\"pagination\">\n\t    \n\t\n\n<li >\n\t<a href='?page_no=33551'>Previous<\/a>\n\t<\/li>\n\n\n       \n    \n\n<li><a href='?page_no=1'>1<\/a><\/li>\n\n\n\n<li><a href='?page_no=2'>2<\/a><\/li>\n\n\n\n<li><a>...<\/a><\/li>\n\n\n\n<li><a href='?page_no=33550'>33550<\/a><\/li>\n\n\n\n<li><a href='?page_no=33551'>33551<\/a><\/li>\n\n\n\n<li class='active'><a>33552<\/a><\/li>\n\n\n\n<li><a href='?page_no=33553'>33553<\/a><\/li>\n\n\n\n<li><a href='?page_no=33554'>33554<\/a><\/li>\n\n\n\n<li><a>...<\/a><\/li>\n\n\n\n<li><a href='?page_no=36999'>36999<\/a><\/li>\n\n\n\n<li><a href='?page_no=37000'>37000<\/a><\/li>\n\n    \n\t\n\n<li >\n\t<a href='?page_no=33553'>Next<\/a>\n\t<\/li>\n\n\n    \n\n<li><a href='?page_no=37000'>Last &rsaquo;&rsaquo;<\/a><\/li>\n\n<\/ul>\n\n\n--><br \/>\n<\/body><\/p>\n","protected":false},"excerpt":{"rendered":"<p>Wessin Ch\u00e1vez convocar\u00e1 licitaci\u00f3n internacional para modernizar Bienes Nacionales; afirma entidad aumenta 30% recaudaciones&#13; &#13; Santo Domingo.- El administrador de Bienes Nacionales, licenciado El\u00edas Wessin Ch\u00e1vez, anunci\u00f3 una licitaci\u00f3n p\u00fablica internacional en la que se ofertar\u00e1 la digitalizaci\u00f3n de todos los archivos, tanto de catastro como los de los planos, a fin de modernizar este [&hellip;]<\/p>\n","protected":false},"author":3,"featured_media":0,"comment_status":"open","ping_status":"open","sticky":false,"template":"","format":"standard","meta":{"footnotes":""},"categories":[22],"tags":[],"class_list":["post-190804","post","type-post","status-publish","format-standard","hentry","category-politica"],"_links":{"self":[{"href":"https:\/\/diariodominicano.com\/index.php?rest_route=\/wp\/v2\/posts\/190804","targetHints":{"allow":["GET"]}}],"collection":[{"href":"https:\/\/diariodominicano.com\/index.php?rest_route=\/wp\/v2\/posts"}],"about":[{"href":"https:\/\/diariodominicano.com\/index.php?rest_route=\/wp\/v2\/types\/post"}],"author":[{"embeddable":true,"href":"https:\/\/diariodominicano.com\/index.php?rest_route=\/wp\/v2\/users\/3"}],"replies":[{"embeddable":true,"href":"https:\/\/diariodominicano.com\/index.php?rest_route=%2Fwp%2Fv2%2Fcomments&post=190804"}],"version-history":[{"count":0,"href":"https:\/\/diariodominicano.com\/index.php?rest_route=\/wp\/v2\/posts\/190804\/revisions"}],"wp:attachment":[{"href":"https:\/\/diariodominicano.com\/index.php?rest_route=%2Fwp%2Fv2%2Fmedia&parent=190804"}],"wp:term":[{"taxonomy":"category","embeddable":true,"href":"https:\/\/diariodominicano.com\/index.php?rest_route=%2Fwp%2Fv2%2Fcategories&post=190804"},{"taxonomy":"post_tag","embeddable":true,"href":"https:\/\/diariodominicano.com\/index.php?rest_route=%2Fwp%2Fv2%2Ftags&post=190804"}],"curies":[{"name":"wp","href":"https:\/\/api.w.org\/{rel}","templated":true}]}}