{"id":190803,"date":"2008-04-21T19:59:23","date_gmt":"2008-04-21T19:59:23","guid":{"rendered":"http:\/\/diariodominicano.ddns.net\/?p=190803"},"modified":"2008-04-21T19:59:23","modified_gmt":"2008-04-21T19:59:23","slug":"julio-cury-acusa-a-leonel-de-premiar-la-deslealtad-partidaria-dice-adhesiones-a-la-reeleccion-tienen-motivos-contantes-y-sonantes","status":"publish","type":"post","link":"https:\/\/diariodominicano.com\/?p=190803","title":{"rendered":"Julio Cury acusa a Leonel de premiar la deslealtad partidaria; Dice adhesiones a la reelecci\u00f3n tienen  motivos \u201ccontantes y sonantes\u201d"},"content":{"rendered":"<p><body><\/p>\n<p align=\"justify\" class=\"titulogrande1\"><strong>Julio  Cury acusa a Leonel de premiar la deslealtad partidaria<\/strong>; <strong>Dice adhesiones a la reelecci\u00f3n tienen\u00a0 motivos \u201ccontantes y sonantes\u201d<\/strong><\/p>\n<p>&#13;<\/p>\n<p align=\"justify\" class=\"text1noticias\"><strong><img loading=\"lazy\" decoding=\"async\" src=\"http:\/\/localhost:8080\/img\/amable neiba.jpg\" width=\"375\" height=\"249\" hspace=\"4\" align=\"left\" \/>Neiba.-<\/strong> El coordinador nacional del sector externo del  Partido Reformista Social Cristiano, se\u00f1al\u00f3 hoy que en lugar de aborrecer la  deslealtad partidaria, el Presidente de la Rep\u00fablica les rinde homenaje a los tr\u00e1nsfugas. El  Dr. Julio Cury expres\u00f3 que la lucha por retener el Poder, \u201cdebe haberle  producido trastornos de personalidad a Leonel Fern\u00e1ndez, pues en lugar de  aborrecer, o cuando menos desincentivar a quienes se cambian de chaqueta, se ha  dedicado a premiarlos\u201d.<\/p>\n<p>&#13;<\/p>\n<p align=\"justify\" class=\"text1noticias\">El abogado acus\u00f3 a Fern\u00e1ndez de revalidar la  nefasta tesis de que en pol\u00edtica todo se vale, pues \u201cel mandatario ha  estimulado la proliferaci\u00f3n de un fen\u00f3meno que abochorna a la clase pol\u00edtica,  que agrava la crisis de la representaci\u00f3n pol\u00edtica y, consecuentemente, que  socava los cimientos del sistema democr\u00e1tico\u201d. <\/p>\n<p>&#13;<\/p>\n<p align=\"justify\" class=\"text1noticias\">Al participar en un acto de juramentaci\u00f3n de  ochenta nuevos miembros del sector externo del PRSC, Cury dijo que aunque no  existe un c\u00f3digo de \u00e9tica que sancione el transfuguismo, \u201cel que abandona su  formaci\u00f3n pol\u00edtica para pasar a engrosar las filas del partido de gobierno, no  es resultado de ninguna evoluci\u00f3n ideol\u00f3gica. Nadie es tan tonto para tragarse  esa p\u00edldora, y pienso que para todos est\u00e1 clar\u00edsimo que las adhesiones al continuismo tienen lugar por motivos  contantes y sonantes\u201d, se\u00f1al\u00f3. <\/p>\n<p>&#13;<\/p>\n<p align=\"justify\" class=\"text1noticias\">De acuerdo a Cury, la permisividad del  Presidente de la Rep\u00fablica  con la traici\u00f3n pol\u00edtica pone de relieve su desesperaci\u00f3n, y asegur\u00f3 que el que  se sabe ganador, no tiene necesidad de \u201cseducir a ning\u00fan gorr\u00f3n para inflar su  base de apoyo. El pueblo no debe olvidar que el m\u00e9rito de muchos de esos  desertores es haber sido designado de dedo por el Dr. Joaqu\u00edn Balaguer para  ocupar alg\u00fan cargo, muchos de los cuales se desvincularon del PRSC hace largos  a\u00f1os, mientras que otros no son otra cosa que l\u00edderes de barro que nunca han  logrado congregar m\u00e1s que a su familia, como Carlos Morales Troncoso\u201d.\u00a0 <\/p>\n<p>&#13;<\/p>\n<h6> 2008-04-21 19:59:23 <\/h6>\n<p><!--\n<link rel=\"stylesheet\" href=\"css\/bootstrap.min.css\">\n\n\n<ul class=\"pagination\">\n\t    \n\t\n\n<li >\n\t<a href='?page_no=33550'>Previous<\/a>\n\t<\/li>\n\n\n       \n    \n\n<li><a href='?page_no=1'>1<\/a><\/li>\n\n\n\n<li><a href='?page_no=2'>2<\/a><\/li>\n\n\n\n<li><a>...<\/a><\/li>\n\n\n\n<li><a href='?page_no=33549'>33549<\/a><\/li>\n\n\n\n<li><a href='?page_no=33550'>33550<\/a><\/li>\n\n\n\n<li class='active'><a>33551<\/a><\/li>\n\n\n\n<li><a href='?page_no=33552'>33552<\/a><\/li>\n\n\n\n<li><a href='?page_no=33553'>33553<\/a><\/li>\n\n\n\n<li><a>...<\/a><\/li>\n\n\n\n<li><a href='?page_no=36999'>36999<\/a><\/li>\n\n\n\n<li><a href='?page_no=37000'>37000<\/a><\/li>\n\n    \n\t\n\n<li >\n\t<a href='?page_no=33552'>Next<\/a>\n\t<\/li>\n\n\n    \n\n<li><a href='?page_no=37000'>Last &rsaquo;&rsaquo;<\/a><\/li>\n\n<\/ul>\n\n\n--><br \/>\n<\/body><\/p>\n","protected":false},"excerpt":{"rendered":"<p>Julio Cury acusa a Leonel de premiar la deslealtad partidaria; Dice adhesiones a la reelecci\u00f3n tienen\u00a0 motivos \u201ccontantes y sonantes\u201d &#13; Neiba.- El coordinador nacional del sector externo del Partido Reformista Social Cristiano, se\u00f1al\u00f3 hoy que en lugar de aborrecer la deslealtad partidaria, el Presidente de la Rep\u00fablica les rinde homenaje a los tr\u00e1nsfugas. El [&hellip;]<\/p>\n","protected":false},"author":3,"featured_media":0,"comment_status":"open","ping_status":"open","sticky":false,"template":"","format":"standard","meta":{"footnotes":""},"categories":[22],"tags":[],"class_list":["post-190803","post","type-post","status-publish","format-standard","hentry","category-politica"],"_links":{"self":[{"href":"https:\/\/diariodominicano.com\/index.php?rest_route=\/wp\/v2\/posts\/190803","targetHints":{"allow":["GET"]}}],"collection":[{"href":"https:\/\/diariodominicano.com\/index.php?rest_route=\/wp\/v2\/posts"}],"about":[{"href":"https:\/\/diariodominicano.com\/index.php?rest_route=\/wp\/v2\/types\/post"}],"author":[{"embeddable":true,"href":"https:\/\/diariodominicano.com\/index.php?rest_route=\/wp\/v2\/users\/3"}],"replies":[{"embeddable":true,"href":"https:\/\/diariodominicano.com\/index.php?rest_route=%2Fwp%2Fv2%2Fcomments&post=190803"}],"version-history":[{"count":0,"href":"https:\/\/diariodominicano.com\/index.php?rest_route=\/wp\/v2\/posts\/190803\/revisions"}],"wp:attachment":[{"href":"https:\/\/diariodominicano.com\/index.php?rest_route=%2Fwp%2Fv2%2Fmedia&parent=190803"}],"wp:term":[{"taxonomy":"category","embeddable":true,"href":"https:\/\/diariodominicano.com\/index.php?rest_route=%2Fwp%2Fv2%2Fcategories&post=190803"},{"taxonomy":"post_tag","embeddable":true,"href":"https:\/\/diariodominicano.com\/index.php?rest_route=%2Fwp%2Fv2%2Ftags&post=190803"}],"curies":[{"name":"wp","href":"https:\/\/api.w.org\/{rel}","templated":true}]}}