{"id":190802,"date":"2008-04-21T21:41:04","date_gmt":"2008-04-21T21:41:04","guid":{"rendered":"http:\/\/diariodominicano.ddns.net\/?p=190802"},"modified":"2008-04-21T21:41:04","modified_gmt":"2008-04-21T21:41:04","slug":"amable-afirma-leonel-gobierna-con-ateismo-practico","status":"publish","type":"post","link":"https:\/\/diariodominicano.com\/?p=190802","title":{"rendered":"Amable afirma Leonel gobierna con ate\u00edsmo pr\u00e1ctico"},"content":{"rendered":"<p><body><\/p>\n<p class=\"titulogrande1\"><strong>Amable  afirma Leonel gobierna con ate\u00edsmo  pr\u00e1ctico<\/strong><\/p>\n<p>&#13;<\/p>\n<p align=\"justify\"><strong>Asegura  mentiras, enga\u00f1os, insensibilidad e indiferencia son las reglas del gobernante; <\/strong><strong>Considera  propuestas del Gobierno de los Pobres representa el chance de la fe y la  esperanza<\/strong><\/p>\n<p>&#13;<\/p>\n<p align=\"justify\" class=\"text1noticias\"><strong><img loading=\"lazy\" decoding=\"async\" src=\"http:\/\/localhost:8080\/img\/amable quique.jpg\" width=\"375\" height=\"494\" hspace=\"4\" align=\"left\" \/>Santo Domingo.-<\/strong> El candidato presidencial reformista, \u00a0Amable Aristy Castro consider\u00f3 que el  presidente Leonel Fern\u00e1ndez gobierna ejerciendo un ate\u00edsmo pr\u00e1ctico,  desconociendo los preceptos fundamentales de la fe cristiana, que son respeto y  amor a Dios y el amor al pr\u00f3jimo como as\u00ed mismo.<\/p>\n<p>&#13;<\/p>\n<p align=\"justify\" class=\"text1noticias\">Destac\u00f3 que \u201cel Dr. Fern\u00e1ndez ha hecho que en el  gobierno pelede\u00edsta la mentira, el enga\u00f1o, la insensibilidad y la indiferencia  sean la norma, haciendo que lo importante sea lo que se ve, lo que  aparentemente es y no la realidad\u201d.<\/p>\n<p>&#13;<\/p>\n<p align=\"justify\" class=\"text1noticias\"> Consider\u00f3 que Leonel ejerce la primera magistratura  completamente deshumanizado, indolente, concentrado en favorecer un peque\u00f1o  grupo a costa de la amargura y las penurias de la inmensa mayor\u00eda.<\/p>\n<p>&#13;<\/p>\n<p align=\"justify\" class=\"text1noticias\">\u201cLeonel es ateo, porque no respeta a Dios ni sus  leyes, ni tampoco guarda la   Constituci\u00f3n y las leyes que jur\u00f3 cumplir y hacer cumplir\u201d.<\/p>\n<p>&#13;<\/p>\n<p align=\"justify\" class=\"text1noticias\">El candidato presidencial reformista afirm\u00f3, que  contrario a Fern\u00e1ndez, \u00e9l es un hombre de fe, que gobernar\u00e1 solo con temor a  Dios, guardando sus leyes y adem\u00e1s brind\u00e1ndoles a los dominicanos un verdadero  estado de derecho donde reine el imperio de la ley.<br \/>&#13;<br \/>\n  <br \/> &#13;<br \/>\nA\u00f1adi\u00f3 que \u201clas propuestas del Gobierno de los Pobres,  constituye entre las actuales ofertas electorales, el chance de la fe y la  esperanza para un pueblo descre\u00eddo por la burla de malos gobernantes que aspira  y merece mejor suerte, que necesita un gobierno de oportunidades, de realidades  no un nuevo enga\u00f1o\u201d.<\/p>\n<p>&#13;<\/p>\n<p align=\"justify\" class=\"text1noticias\">Aristy Castro prometi\u00f3 dar un trato igualitario a las  iglesias cristianas protestantes y utilizarlas junto a la iglesia cat\u00f3lica en  el manejo de las pol\u00edticas sociales del gobierno y en el relanzamiento de los  sectores de la salud y la educaci\u00f3n que impulsar\u00e1.\u00a0\u00a0\u00a0\u00a0\u00a0\u00a0 <\/p>\n<p>&#13;<\/p>\n<p align=\"justify\" class=\"text1noticias\">El aspirante a la presidencia por el PRSC ofreci\u00f3  estas declaraciones momentos despu\u00e9s de encabezar una reuni\u00f3n con la Comisi\u00f3n Pol\u00edtica  Nacional del partido colorao en su sede central.<\/p>\n<p>&#13;<\/p>\n<h6> 2008-04-21 21:41:04 <\/h6>\n<p><!--\n<link rel=\"stylesheet\" href=\"css\/bootstrap.min.css\">\n\n\n<ul class=\"pagination\">\n\t    \n\t\n\n<li >\n\t<a href='?page_no=33549'>Previous<\/a>\n\t<\/li>\n\n\n       \n    \n\n<li><a href='?page_no=1'>1<\/a><\/li>\n\n\n\n<li><a href='?page_no=2'>2<\/a><\/li>\n\n\n\n<li><a>...<\/a><\/li>\n\n\n\n<li><a href='?page_no=33548'>33548<\/a><\/li>\n\n\n\n<li><a href='?page_no=33549'>33549<\/a><\/li>\n\n\n\n<li class='active'><a>33550<\/a><\/li>\n\n\n\n<li><a href='?page_no=33551'>33551<\/a><\/li>\n\n\n\n<li><a href='?page_no=33552'>33552<\/a><\/li>\n\n\n\n<li><a>...<\/a><\/li>\n\n\n\n<li><a href='?page_no=36999'>36999<\/a><\/li>\n\n\n\n<li><a href='?page_no=37000'>37000<\/a><\/li>\n\n    \n\t\n\n<li >\n\t<a href='?page_no=33551'>Next<\/a>\n\t<\/li>\n\n\n    \n\n<li><a href='?page_no=37000'>Last &rsaquo;&rsaquo;<\/a><\/li>\n\n<\/ul>\n\n\n--><br \/>\n<\/body><\/p>\n","protected":false},"excerpt":{"rendered":"<p>Amable afirma Leonel gobierna con ate\u00edsmo pr\u00e1ctico &#13; Asegura mentiras, enga\u00f1os, insensibilidad e indiferencia son las reglas del gobernante; Considera propuestas del Gobierno de los Pobres representa el chance de la fe y la esperanza &#13; Santo Domingo.- El candidato presidencial reformista, \u00a0Amable Aristy Castro consider\u00f3 que el presidente Leonel Fern\u00e1ndez gobierna ejerciendo un ate\u00edsmo [&hellip;]<\/p>\n","protected":false},"author":3,"featured_media":0,"comment_status":"open","ping_status":"open","sticky":false,"template":"","format":"standard","meta":{"footnotes":""},"categories":[22],"tags":[],"class_list":["post-190802","post","type-post","status-publish","format-standard","hentry","category-politica"],"_links":{"self":[{"href":"https:\/\/diariodominicano.com\/index.php?rest_route=\/wp\/v2\/posts\/190802","targetHints":{"allow":["GET"]}}],"collection":[{"href":"https:\/\/diariodominicano.com\/index.php?rest_route=\/wp\/v2\/posts"}],"about":[{"href":"https:\/\/diariodominicano.com\/index.php?rest_route=\/wp\/v2\/types\/post"}],"author":[{"embeddable":true,"href":"https:\/\/diariodominicano.com\/index.php?rest_route=\/wp\/v2\/users\/3"}],"replies":[{"embeddable":true,"href":"https:\/\/diariodominicano.com\/index.php?rest_route=%2Fwp%2Fv2%2Fcomments&post=190802"}],"version-history":[{"count":0,"href":"https:\/\/diariodominicano.com\/index.php?rest_route=\/wp\/v2\/posts\/190802\/revisions"}],"wp:attachment":[{"href":"https:\/\/diariodominicano.com\/index.php?rest_route=%2Fwp%2Fv2%2Fmedia&parent=190802"}],"wp:term":[{"taxonomy":"category","embeddable":true,"href":"https:\/\/diariodominicano.com\/index.php?rest_route=%2Fwp%2Fv2%2Fcategories&post=190802"},{"taxonomy":"post_tag","embeddable":true,"href":"https:\/\/diariodominicano.com\/index.php?rest_route=%2Fwp%2Fv2%2Ftags&post=190802"}],"curies":[{"name":"wp","href":"https:\/\/api.w.org\/{rel}","templated":true}]}}