{"id":190801,"date":"2008-04-21T21:50:30","date_gmt":"2008-04-21T21:50:30","guid":{"rendered":"http:\/\/diariodominicano.ddns.net\/?p=190801"},"modified":"2008-04-21T21:50:30","modified_gmt":"2008-04-21T21:50:30","slug":"jorge-elias-asegura-balaguer-se-llevo-el-prsc-a-la-tumba-dice-jb-no-preparo-relevo-para-el-liderazgo-del-partido-colorado","status":"publish","type":"post","link":"https:\/\/diariodominicano.com\/?p=190801","title":{"rendered":"Jorge El\u00edas asegura Balaguer se llev\u00f3 el PRSC a la tumba; dice JB no prepar\u00f3 relevo para el liderazgo del partido colorado"},"content":{"rendered":"<p><body><\/p>\n<p align=\"justify\" class=\"titulogrande1\">Jorge El\u00edas asegura Balaguer se llev\u00f3 el PRSC a la tumba; dice que JB no prepar\u00f3 relevo para el liderazgo del parido colorado<\/p>\n<p>&#13;<\/p>\n<p align=\"justify\" class=\"text1noticias\"><strong>Santo Domingo.- <\/strong>El empresario y Pol\u00edtico Frank Jorge  El\u00edas asegur\u00f3 que los reformistas est\u00e1n hoy en desbandada por la falta de orientaci\u00f3n,  debido a que Joaqu\u00edn Balaguer se llev\u00f3 el partido Reformista Social Cristiano  consigo a la tumba.<\/p>\n<p>&#13;<\/p>\n<p align=\"justify\" class=\"text1noticias\">El fundador y Director de la Oficina T\u00e9cnica de  Campana OTCA del PRSC en las Campanas 1986 y 1994 y tambi\u00e9n fundador del  Movimiento Rojo Amanecer con ,quien ocup\u00f3 varias funciones, en la gesti\u00f3n del  desaparecido l\u00edder, asegur\u00f3 que la dirigencia\u00a0  del PRSC no ha tenido capacidad de reestructurar la organizaci\u00f3n para  que pueda mantenerse m\u00e1s all\u00e1 de Balaguer.<\/p>\n<p>&#13;<\/p>\n<p align=\"justify\" class=\"text1noticias\">Expres\u00f3 que el fenecido\u00a0 Augusto Lora le coment\u00f3 en varias ocasiones  que el gobernante se llevar\u00eda el partido a la tumba con el. Vimos con tristeza  el que Balaguer nunca apoy\u00f3 a los candidatos de la organizaci\u00f3n con  aspiraciones Presidenciales.<br \/>&#13;<br \/>\n  \u00a0<br \/>&#13;<br \/>\n  El empresario y pol\u00edtico, quien respondi\u00f3 a preguntas  de periodistas durante un viaje a Estados Unidos,\u00a0 dijo que lamenta la posici\u00f3n en que ahora  est\u00e1 el PRSC, pero que tiene la esperanza de que pueda recomponerse en el  mediano plazo, para lo que se requiere un trabajo tesonero, cimentado en el  inter\u00e9s social y pol\u00edtico.<\/p>\n<p>&#13;<\/p>\n<p align=\"justify\" class=\"text1noticias\">Agreg\u00f3 que \u201cesto es posible si lo los dirigentes se  reagrupan y se fajan a trabajar con ese prop\u00f3sito\u201d.\u00a0\u00a0 <\/p>\n<p>&#13;<\/p>\n<p align=\"justify\" class=\"text1noticias\"><strong> Leonel  llena espacio<\/strong><br \/>&#13;<br \/>\n  <br \/>&#13;<br \/>\nJorge El\u00edas expres\u00f3 que el vac\u00edo de liderazgo que se  produjo en el pa\u00eds con la desaparici\u00f3n de los grandes l\u00edderes, ha sido llenado  hasta el momento por el presidente Leonel Fern\u00e1ndez, de quien dijo es un  gobernante con grandes dotes para dirigir los destinos del pa\u00eds.<\/p>\n<p>&#13;<\/p>\n<p align=\"justify\" class=\"text1noticias\">El Ex Jefe de Campana Balaguerista resalt\u00f3 la  popularidad que posee en este momento el mandatario, la cual a su entender esta  sustentada sobre todo en su humildad y capacidad Intelectual. En adici\u00f3n a  estas cualidades que le adornan ha demostrado ser un Gobernante respetuoso y  tolerante con sus adversarios pol\u00edticos.\u201d.<\/p>\n<p>&#13;<\/p>\n<h6> 2008-04-21 21:50:30 <\/h6>\n<p><!--\n<link rel=\"stylesheet\" href=\"css\/bootstrap.min.css\">\n\n\n<ul class=\"pagination\">\n\t    \n\t\n\n<li >\n\t<a href='?page_no=33548'>Previous<\/a>\n\t<\/li>\n\n\n       \n    \n\n<li><a href='?page_no=1'>1<\/a><\/li>\n\n\n\n<li><a href='?page_no=2'>2<\/a><\/li>\n\n\n\n<li><a>...<\/a><\/li>\n\n\n\n<li><a href='?page_no=33547'>33547<\/a><\/li>\n\n\n\n<li><a href='?page_no=33548'>33548<\/a><\/li>\n\n\n\n<li class='active'><a>33549<\/a><\/li>\n\n\n\n<li><a href='?page_no=33550'>33550<\/a><\/li>\n\n\n\n<li><a href='?page_no=33551'>33551<\/a><\/li>\n\n\n\n<li><a>...<\/a><\/li>\n\n\n\n<li><a href='?page_no=36999'>36999<\/a><\/li>\n\n\n\n<li><a href='?page_no=37000'>37000<\/a><\/li>\n\n    \n\t\n\n<li >\n\t<a href='?page_no=33550'>Next<\/a>\n\t<\/li>\n\n\n    \n\n<li><a href='?page_no=37000'>Last &rsaquo;&rsaquo;<\/a><\/li>\n\n<\/ul>\n\n\n--><br \/>\n<\/body><\/p>\n","protected":false},"excerpt":{"rendered":"<p>Jorge El\u00edas asegura Balaguer se llev\u00f3 el PRSC a la tumba; dice que JB no prepar\u00f3 relevo para el liderazgo del parido colorado &#13; Santo Domingo.- El empresario y Pol\u00edtico Frank Jorge El\u00edas asegur\u00f3 que los reformistas est\u00e1n hoy en desbandada por la falta de orientaci\u00f3n, debido a que Joaqu\u00edn Balaguer se llev\u00f3 el partido [&hellip;]<\/p>\n","protected":false},"author":3,"featured_media":0,"comment_status":"open","ping_status":"open","sticky":false,"template":"","format":"standard","meta":{"footnotes":""},"categories":[22],"tags":[],"class_list":["post-190801","post","type-post","status-publish","format-standard","hentry","category-politica"],"_links":{"self":[{"href":"https:\/\/diariodominicano.com\/index.php?rest_route=\/wp\/v2\/posts\/190801","targetHints":{"allow":["GET"]}}],"collection":[{"href":"https:\/\/diariodominicano.com\/index.php?rest_route=\/wp\/v2\/posts"}],"about":[{"href":"https:\/\/diariodominicano.com\/index.php?rest_route=\/wp\/v2\/types\/post"}],"author":[{"embeddable":true,"href":"https:\/\/diariodominicano.com\/index.php?rest_route=\/wp\/v2\/users\/3"}],"replies":[{"embeddable":true,"href":"https:\/\/diariodominicano.com\/index.php?rest_route=%2Fwp%2Fv2%2Fcomments&post=190801"}],"version-history":[{"count":0,"href":"https:\/\/diariodominicano.com\/index.php?rest_route=\/wp\/v2\/posts\/190801\/revisions"}],"wp:attachment":[{"href":"https:\/\/diariodominicano.com\/index.php?rest_route=%2Fwp%2Fv2%2Fmedia&parent=190801"}],"wp:term":[{"taxonomy":"category","embeddable":true,"href":"https:\/\/diariodominicano.com\/index.php?rest_route=%2Fwp%2Fv2%2Fcategories&post=190801"},{"taxonomy":"post_tag","embeddable":true,"href":"https:\/\/diariodominicano.com\/index.php?rest_route=%2Fwp%2Fv2%2Ftags&post=190801"}],"curies":[{"name":"wp","href":"https:\/\/api.w.org\/{rel}","templated":true}]}}