{"id":190800,"date":"2008-04-21T22:09:57","date_gmt":"2008-04-21T22:09:57","guid":{"rendered":"http:\/\/diariodominicano.ddns.net\/?p=190800"},"modified":"2008-04-21T22:09:57","modified_gmt":"2008-04-21T22:09:57","slug":"miguel-sanz-jiminian-anuncia-su-apoyo-al-pld","status":"publish","type":"post","link":"https:\/\/diariodominicano.com\/?p=190800","title":{"rendered":"Miguel Sanz Jimini\u00e1n anuncia su apoyo al PLD"},"content":{"rendered":"<p><body><\/p>\n<p class=\"titulogrande1\"><strong>Miguel Sanz Jimini\u00e1n anuncia su apoyo al PLD<\/strong><\/p>\n<p>&#13;<\/p>\n<p align=\"justify\" class=\"text1noticias\"><strong><img loading=\"lazy\" decoding=\"async\" src=\"http:\/\/localhost:8080\/img\/jiminian.jpg\" width=\"375\" height=\"504\" hspace=\"4\" align=\"left\" \/>Santo Domingo.-<\/strong>\u00a0 El ex diputado  reformista, Miguel Sanz Jimini\u00e1n, anunci\u00f3 su respaldo a la candidatura del  Presidente Leonel Fern\u00e1ndez junto a su familia, 14 miembros del Directorio  Nacional del Partido Reformista Social Cristiano y \u201cuna estructura pol\u00edtica que  trabajar\u00e1 desde las 6:00 de la ma\u00f1ana de cada d\u00eda para garantizar el triunfo  del PLD en la primera vuelta\u201d.<\/p>\n<p>&#13;<\/p>\n<p align=\"justify\" class=\"text1noticias\">Al valorar el  apoyo del ex dirigente reformista, el Presidente y candidato presidencial del  Partido de la Liberaci\u00f3n Dominicana,  dijo que la experiencia acumulada por Sanz Jimini\u00e1n servir\u00e1 de base a una \u201ccausa  justa para consolidar la democracia y seguir promoviendo el progreso, la  modernizaci\u00f3n y el bienestar en el pa\u00eds\u201d.<\/p>\n<p>&#13;<\/p>\n<p align=\"justify\" class=\"text1noticias\">El doctor  Fern\u00e1ndez precis\u00f3 que en est\u00e1 campa\u00f1a electoral se definir\u00e1 el futuro\u00a0 del pa\u00eds, por lo que llam\u00f3 a los dominicanos  justos a votar por el PLD y el Bloque Progresista.<\/p>\n<p>&#13;<\/p>\n<p align=\"justify\" class=\"text1noticias\">\u201cDurante el  per\u00edodo 2000-2004 la econom\u00eda mundial y la de Am\u00e9rica Latina crec\u00edan a un ritmo  por encima de lo usual, es decir, viv\u00edamos una etapa positiva en t\u00e9rmino de  crecimiento de la econom\u00eda regional y mundial y a pesar de eso la Rep\u00fablica Dominicana  se experiment\u00f3 un declive en t\u00e9rmino de crecimiento econ\u00f3mico\u201d, record\u00f3 el  mandatario.<\/p>\n<p>&#13;<\/p>\n<p align=\"justify\" class=\"text1noticias\">Dijo que en la  actualidad ocurre todo lo contrario, ya mientras \u201cen el mundo se vive un  momento de turbulencia financiera y econ\u00f3mica, la Rep\u00fablica Dominicana  sigue creciendo muy por encima del promedio de los pa\u00edses\u00a0 de Am\u00e9rica Latina\u201d.<\/p>\n<p>&#13;<\/p>\n<p align=\"justify\" class=\"text1noticias\">El jefe del  estado y candidato presidencial pelede\u00edsta dijo que ese crecimiento es lo que  lo que se debe consolidar y proteger dentro del contexto democr\u00e1tico, votando  por su candidatura en los comicios venideros.<\/p>\n<p>&#13;<\/p>\n<p align=\"justify\" class=\"text1noticias\">\u201cEstamos en la  reta final de una campa\u00f1a electoral y los mejores hijos de nuestra patria deben  dar un paso hacia adelante involucrarse e identificarse en la defensa de estos  valores y de estos conceptos que es lo que permite garantizar la sobrevivencia  de la Rep\u00fablica   Dominicana. Eso es lo que ha hecho Miguel Sanz Jimini\u00e1n en el  d\u00eda de hoy junto a su familia y un grupo de dirigentes reformistas  experimentado que tiene en su haber muchos triunfos electorales\u201d, manifest\u00f3 el  Presidente Fern\u00e1ndez.<\/p>\n<p>&#13;<\/p>\n<p align=\"justify\" class=\"text1noticias\">Fern\u00e1ndez  consider\u00f3 que con la integraci\u00f3n de Sanz Jimini\u00e1n y su equipo de trabajo se  lograr\u00e1 un triunfo electoral con un 60 por ciento de los votos para legitimar  el proceso comicial.<\/p>\n<p>&#13;<\/p>\n<p align=\"justify\" class=\"text1noticias\">Mientras que,  Sanz Jimini\u00e1n, al anunciar su apoyo al Presidente y candidato presidencial del  PLD, dijo que los 32 a\u00f1os de trabajo tesonero de militancia reformista lo  dedicar\u00e1 para contribuir con el triunfo que le dar\u00e1 el pueblo al doctor  Fern\u00e1ndez.<\/p>\n<p>&#13;<\/p>\n<p align=\"justify\" class=\"text1noticias\">Asegur\u00f3 que en  el pa\u00eds no habr\u00e1 asomo de crisis, mientras el PLD y el Presidente Fern\u00e1ndez se  mantengan dirigiendo los destinos de la naci\u00f3n.<\/p>\n<p>&#13;<\/p>\n<p align=\"justify\" class=\"text1noticias\">Sanz Jimini\u00e1n  dijo que en los cuatro a\u00f1os de gobierno del PLD el pa\u00eds \u201cest\u00e1 en buenas manos y  guiado por un buen piloto que la conduce por buen camino\u201d.<\/p>\n<p>&#13;<\/p>\n<p align=\"justify\" class=\"text1noticias\">\u201cEl momento  que est\u00e1 viviendo pa\u00eds necesita de un hombre que lleve la nave del Estado por  camino seguro y ese hombre es usted se\u00f1or Presidente. Nosotros somos  empresarios adem\u00e1s de pol\u00edtico y sabemos que cuando una empresa se encuentra en  situaciones dif\u00edciles lo primero que se tiene que hacer es estabilizarla como  lo hizo usted con el Estado y luego buscar un punto de equilibrio que es lo que  est\u00e1 ocurriendo con la   Rep\u00fablica Dominicana\u201d, expres\u00f3.<\/p>\n<p>&#13;<\/p>\n<p align=\"justify\" class=\"text1noticias\">Los 14  miembros del Directorio Nacional Ejecutivo del PRSC que juraron su apoyo al  Presidente Leonel Fern\u00e1ndez en la residencia de Miguel San Z Jimini\u00e1n son Tony Lluberes,  Manolo Rivera, Marino Marte, Nelson Campo, Rabel Lluberes, Roberto Mart\u00ednez  templa, Jos\u00e9 Alexis Flores, Jos\u00e9 Vinicio Mart\u00ednez, Margarita Pe\u00f1a, Yvanessa De  los Santos, Jos\u00e9 Santana Arias, Juan Rodr\u00edguez, Ambrosio Nu\u00f1ez y Miguel  Santana.<\/p>\n<p>&#13;<\/p>\n<h6> 2008-04-21 22:09:57 <\/h6>\n<p><!--\n<link rel=\"stylesheet\" href=\"css\/bootstrap.min.css\">\n\n\n<ul class=\"pagination\">\n\t    \n\t\n\n<li >\n\t<a href='?page_no=33547'>Previous<\/a>\n\t<\/li>\n\n\n       \n    \n\n<li><a href='?page_no=1'>1<\/a><\/li>\n\n\n\n<li><a href='?page_no=2'>2<\/a><\/li>\n\n\n\n<li><a>...<\/a><\/li>\n\n\n\n<li><a href='?page_no=33546'>33546<\/a><\/li>\n\n\n\n<li><a href='?page_no=33547'>33547<\/a><\/li>\n\n\n\n<li class='active'><a>33548<\/a><\/li>\n\n\n\n<li><a href='?page_no=33549'>33549<\/a><\/li>\n\n\n\n<li><a href='?page_no=33550'>33550<\/a><\/li>\n\n\n\n<li><a>...<\/a><\/li>\n\n\n\n<li><a href='?page_no=36999'>36999<\/a><\/li>\n\n\n\n<li><a href='?page_no=37000'>37000<\/a><\/li>\n\n    \n\t\n\n<li >\n\t<a href='?page_no=33549'>Next<\/a>\n\t<\/li>\n\n\n    \n\n<li><a href='?page_no=37000'>Last &rsaquo;&rsaquo;<\/a><\/li>\n\n<\/ul>\n\n\n--><br \/>\n<\/body><\/p>\n","protected":false},"excerpt":{"rendered":"<p>Miguel Sanz Jimini\u00e1n anuncia su apoyo al PLD &#13; Santo Domingo.-\u00a0 El ex diputado reformista, Miguel Sanz Jimini\u00e1n, anunci\u00f3 su respaldo a la candidatura del Presidente Leonel Fern\u00e1ndez junto a su familia, 14 miembros del Directorio Nacional del Partido Reformista Social Cristiano y \u201cuna estructura pol\u00edtica que trabajar\u00e1 desde las 6:00 de la ma\u00f1ana de [&hellip;]<\/p>\n","protected":false},"author":3,"featured_media":0,"comment_status":"open","ping_status":"open","sticky":false,"template":"","format":"standard","meta":{"footnotes":""},"categories":[22],"tags":[],"class_list":["post-190800","post","type-post","status-publish","format-standard","hentry","category-politica"],"_links":{"self":[{"href":"https:\/\/diariodominicano.com\/index.php?rest_route=\/wp\/v2\/posts\/190800","targetHints":{"allow":["GET"]}}],"collection":[{"href":"https:\/\/diariodominicano.com\/index.php?rest_route=\/wp\/v2\/posts"}],"about":[{"href":"https:\/\/diariodominicano.com\/index.php?rest_route=\/wp\/v2\/types\/post"}],"author":[{"embeddable":true,"href":"https:\/\/diariodominicano.com\/index.php?rest_route=\/wp\/v2\/users\/3"}],"replies":[{"embeddable":true,"href":"https:\/\/diariodominicano.com\/index.php?rest_route=%2Fwp%2Fv2%2Fcomments&post=190800"}],"version-history":[{"count":0,"href":"https:\/\/diariodominicano.com\/index.php?rest_route=\/wp\/v2\/posts\/190800\/revisions"}],"wp:attachment":[{"href":"https:\/\/diariodominicano.com\/index.php?rest_route=%2Fwp%2Fv2%2Fmedia&parent=190800"}],"wp:term":[{"taxonomy":"category","embeddable":true,"href":"https:\/\/diariodominicano.com\/index.php?rest_route=%2Fwp%2Fv2%2Fcategories&post=190800"},{"taxonomy":"post_tag","embeddable":true,"href":"https:\/\/diariodominicano.com\/index.php?rest_route=%2Fwp%2Fv2%2Ftags&post=190800"}],"curies":[{"name":"wp","href":"https:\/\/api.w.org\/{rel}","templated":true}]}}