{"id":190799,"date":"2008-04-21T23:52:39","date_gmt":"2008-04-21T23:52:39","guid":{"rendered":"http:\/\/diariodominicano.ddns.net\/?p=190799"},"modified":"2008-04-21T23:52:39","modified_gmt":"2008-04-21T23:52:39","slug":"juramentan-movimiento-perel-de-apoyo-a-leonel","status":"publish","type":"post","link":"https:\/\/diariodominicano.com\/?p=190799","title":{"rendered":"Juramentan Movimiento PEREL de apoyo a Leonel"},"content":{"rendered":"<p><body><\/p>\n<p align=\"justify\"><strong class=\"titulogrande1\">Juramentan Movimiento PEREL de  apoyo a Leonel<\/strong><br \/>&#13;<br \/>\n  \u00a0\u00a0\u00a0\u00a0\u00a0\u00a0\u00a0\u00a0\u00a0\u00a0\u00a0\u00a0\u00a0\u00a0\u00a0\u00a0\u00a0\u00a0\u00a0\u00a0\u00a0\u00a0\u00a0\u00a0\u00a0\u00a0\u00a0\u00a0\u00a0\u00a0\u00a0\u00a0\u00a0\u00a0\u00a0\u00a0\u00a0\u00a0\u00a0\u00a0\u00a0\u00a0\u00a0\u00a0\u00a0\u00a0\u00a0\u00a0\u00a0\u00a0\u00a0\u00a0\u00a0\u00a0\u00a0\u00a0\u00a0\u00a0\u00a0\u00a0\u00a0\u00a0\u00a0\u00a0\u00a0\u00a0\u00a0\u00a0\u00a0\u00a0\u00a0  \u00a0\u00a0\u00a0\u00a0\u00a0\u00a0\u00a0\u00a0\u00a0\u00a0\u00a0\u00a0\u00a0\u00a0\u00a0\u00a0\u00a0\u00a0\u00a0\u00a0\u00a0\u00a0\u00a0\u00a0\u00a0\u00a0\u00a0\u00a0<br \/>&#13;<br \/>\n  <span class=\"text1noticias\"><strong><img loading=\"lazy\" decoding=\"async\" src=\"http:\/\/localhost:8080\/img\/perel.jpg\" width=\"375\" height=\"1034\" hspace=\"4\" align=\"left\" \/>Santo Domingo.-<\/strong> Mediante un c\u00f3ctel y con la  presencia de personalidades de mundo pol\u00edtico del pa\u00eds fue celebrado el acto de  juramentaci\u00f3n del Movimiento Profesionales Egresados de Rusia y Europa del Este  con Leonel (PEREL), en el Sal\u00f3n La   Mancha del hotel Lina.<\/span><\/p>\n<p>&#13;<\/p>\n<p align=\"justify\" class=\"text1noticias\">El movimiento PEREL est\u00e1  conformado por los se\u00f1ores Ram\u00f3n Mora, presidente; H\u00e9ctor Radham\u00e9s Tapia; vicepresidente,  Rigoberto Santos Hilario, secretario general; Dar\u00edo Jim\u00e9nez, secretario de Finanzas;  Danilo Mart\u00ednez, secretario de Comunicaciones; Pedro Iv\u00e1n Gonz\u00e1lez, Comisi\u00f3n de  Cuentas; Hip\u00f3lito Javier, secretario de Cultura y Eva Kuorikoski, secretaria de  Acta y Correspondencia.<\/p>\n<p>&#13;<\/p>\n<p align=\"justify\" class=\"text1noticias\"> Las palabras centrales en el  acto de juramentaci\u00f3n fueron pronunciadas por el ingeniero Ram\u00f3n Mora, presidente  del movimiento PEREL que refiri\u00f3 que dicha agrupaci\u00f3n profesional apoya de  manera incondicional la candidatura presidencial del doctor Leonel Fern\u00e1ndez  por entender que es el mejor camino a seguir para todos los dominicanos. <\/p>\n<p>&#13;<\/p>\n<p align=\"justify\" class=\"text1noticias\">Agreg\u00f3 que el citado movimiento  se origin\u00f3 para la campa\u00f1a electoral del a\u00f1o 2000 y en el mismo, se aglutinan  profesionales de diferentes ramas t\u00e9cnicas, cient\u00edficas, sociales y culturales,  egresados de universidades y centros de estudio de Rusia y de los\u00a0pa\u00edses de Europa del Este.<\/p>\n<p>&#13;<\/p>\n<p align=\"justify\" class=\"text1noticias\">El ingeniero Ram\u00f3n Mora,  presidente del PEREL, reitero su apoyo al presidente Leonel Fern\u00e1ndez, por  entender que este garantiza la estabilidad y el progreso de la naci\u00f3n.<\/p>\n<p>&#13;<\/p>\n<p align=\"justify\" class=\"text1noticias\">Aludi\u00f3 durante su discurso la  iniciativa del presidente Leonel Fern\u00e1ndez de enfrentar de manera tajante las  diversas problem\u00e1ticas sociales que presenta el pa\u00eds en los actuales momentos. Explic\u00f3  que por todo esos motivos de emergencia nacional el Movimiento PEREL reitera su  apoyo para el pr\u00f3ximo cuatrenio\u00a02008-2012 por entender que la \u00fanica fuerza pol\u00edtica que puede resolver  la situaci\u00f3n del pa\u00eds es la del Partido de la Liberaci\u00f3n Dominicana. <\/p>\n<p>&#13;<\/p>\n<p align=\"justify\" class=\"text1noticias\">El acto de juramentaci\u00f3n fue  ejecutado por el ingeniero Miguel Santana, asistente del Coordinador del Sector  Externo(CONASER), ingeniero Joaqu\u00edn Jer\u00f3nimo. Al encuentro pol\u00edtico asistieron,  adem\u00e1s Luis de Le\u00f3n, subsecretario de Educaci\u00f3n, pol\u00edticos y miembros  del movimiento PEREL. <\/p>\n<p>&#13;<\/p>\n<h6> 2008-04-21 23:52:39 <\/h6>\n<p><!--\n<link rel=\"stylesheet\" href=\"css\/bootstrap.min.css\">\n\n\n<ul class=\"pagination\">\n\t    \n\t\n\n<li >\n\t<a href='?page_no=33546'>Previous<\/a>\n\t<\/li>\n\n\n       \n    \n\n<li><a href='?page_no=1'>1<\/a><\/li>\n\n\n\n<li><a href='?page_no=2'>2<\/a><\/li>\n\n\n\n<li><a>...<\/a><\/li>\n\n\n\n<li><a href='?page_no=33545'>33545<\/a><\/li>\n\n\n\n<li><a href='?page_no=33546'>33546<\/a><\/li>\n\n\n\n<li class='active'><a>33547<\/a><\/li>\n\n\n\n<li><a href='?page_no=33548'>33548<\/a><\/li>\n\n\n\n<li><a href='?page_no=33549'>33549<\/a><\/li>\n\n\n\n<li><a>...<\/a><\/li>\n\n\n\n<li><a href='?page_no=36999'>36999<\/a><\/li>\n\n\n\n<li><a href='?page_no=37000'>37000<\/a><\/li>\n\n    \n\t\n\n<li >\n\t<a href='?page_no=33548'>Next<\/a>\n\t<\/li>\n\n\n    \n\n<li><a href='?page_no=37000'>Last &rsaquo;&rsaquo;<\/a><\/li>\n\n<\/ul>\n\n\n--><br \/>\n<\/body><\/p>\n","protected":false},"excerpt":{"rendered":"<p>Juramentan Movimiento PEREL de apoyo a Leonel&#13; \u00a0\u00a0\u00a0\u00a0\u00a0\u00a0\u00a0\u00a0\u00a0\u00a0\u00a0\u00a0\u00a0\u00a0\u00a0\u00a0\u00a0\u00a0\u00a0\u00a0\u00a0\u00a0\u00a0\u00a0\u00a0\u00a0\u00a0\u00a0\u00a0\u00a0\u00a0\u00a0\u00a0\u00a0\u00a0\u00a0\u00a0\u00a0\u00a0\u00a0\u00a0\u00a0\u00a0\u00a0\u00a0\u00a0\u00a0\u00a0\u00a0\u00a0\u00a0\u00a0\u00a0\u00a0\u00a0\u00a0\u00a0\u00a0\u00a0\u00a0\u00a0\u00a0\u00a0\u00a0\u00a0\u00a0\u00a0\u00a0\u00a0\u00a0\u00a0 \u00a0\u00a0\u00a0\u00a0\u00a0\u00a0\u00a0\u00a0\u00a0\u00a0\u00a0\u00a0\u00a0\u00a0\u00a0\u00a0\u00a0\u00a0\u00a0\u00a0\u00a0\u00a0\u00a0\u00a0\u00a0\u00a0\u00a0\u00a0&#13; Santo Domingo.- Mediante un c\u00f3ctel y con la presencia de personalidades de mundo pol\u00edtico del pa\u00eds fue celebrado el acto de juramentaci\u00f3n del Movimiento Profesionales Egresados de Rusia y Europa del Este con Leonel (PEREL), en el Sal\u00f3n La Mancha del hotel Lina. &#13; El movimiento [&hellip;]<\/p>\n","protected":false},"author":3,"featured_media":0,"comment_status":"open","ping_status":"open","sticky":false,"template":"","format":"standard","meta":{"footnotes":""},"categories":[22],"tags":[],"class_list":["post-190799","post","type-post","status-publish","format-standard","hentry","category-politica"],"_links":{"self":[{"href":"https:\/\/diariodominicano.com\/index.php?rest_route=\/wp\/v2\/posts\/190799","targetHints":{"allow":["GET"]}}],"collection":[{"href":"https:\/\/diariodominicano.com\/index.php?rest_route=\/wp\/v2\/posts"}],"about":[{"href":"https:\/\/diariodominicano.com\/index.php?rest_route=\/wp\/v2\/types\/post"}],"author":[{"embeddable":true,"href":"https:\/\/diariodominicano.com\/index.php?rest_route=\/wp\/v2\/users\/3"}],"replies":[{"embeddable":true,"href":"https:\/\/diariodominicano.com\/index.php?rest_route=%2Fwp%2Fv2%2Fcomments&post=190799"}],"version-history":[{"count":0,"href":"https:\/\/diariodominicano.com\/index.php?rest_route=\/wp\/v2\/posts\/190799\/revisions"}],"wp:attachment":[{"href":"https:\/\/diariodominicano.com\/index.php?rest_route=%2Fwp%2Fv2%2Fmedia&parent=190799"}],"wp:term":[{"taxonomy":"category","embeddable":true,"href":"https:\/\/diariodominicano.com\/index.php?rest_route=%2Fwp%2Fv2%2Fcategories&post=190799"},{"taxonomy":"post_tag","embeddable":true,"href":"https:\/\/diariodominicano.com\/index.php?rest_route=%2Fwp%2Fv2%2Ftags&post=190799"}],"curies":[{"name":"wp","href":"https:\/\/api.w.org\/{rel}","templated":true}]}}