{"id":190795,"date":"2008-04-22T04:43:34","date_gmt":"2008-04-22T04:43:34","guid":{"rendered":"http:\/\/diariodominicano.ddns.net\/?p=190795"},"modified":"2008-04-22T04:43:34","modified_gmt":"2008-04-22T04:43:34","slug":"fernandez-objetivo-es-ganar-con-el-60","status":"publish","type":"post","link":"https:\/\/diariodominicano.com\/?p=190795","title":{"rendered":"Fern\u00e1ndez: objetivo es ganar con el 60 %"},"content":{"rendered":"<p><body><\/p>\n<p class=\"titulogrande1\">Fern\u00e1ndez: objetivo es ganar con el 60 % <\/p>\n<p>&#13;<\/p>\n<p align=\"justify\" class=\"text1noticias\">Miguel Jimini\u00e1n y 14 dirigentes se juramentan  con Leonel<\/p>\n<p>&#13;<\/p>\n<p align=\"justify\" class=\"text1noticias\"><strong>SANTO DOMINGO.-<\/strong> Al encabezar el \u201cacto de  adhesi\u00f3n\u201d a su proyecto pol\u00edtico del dirigente reformista Miguel Sanz Jiminian,  14 miembros del directorio central reformista, incluyendo tres regidores,  \u00a0el presidente Leonel Fern\u00e1ndez dijo que su ambici\u00f3n es obtener un 60% en  las elecciones. <\/p>\n<p>&#13;<\/p>\n<p align=\"justify\" class=\"text1noticias\">\u201cTenemos una meta alta, ambiciosa de un 60 por  ciento, pero es lo que va a legitimar este proceso democr\u00e1tico\u2026\u201d, manifest\u00f3 el  gobernante.\u00a0 <br \/>&#13;<br \/>\n  <br \/>&#13;<br \/>\n  En un acto en la residencia del renunciante  dirigente del Partido Reformista Social Cristiano (PRSC), Fern\u00e1ndez y Jimini\u00e1n  \u00a0estrenaron y clamaron al un\u00edsono un nuevo eslogan de campa\u00f1a: \u201ce palante  que vamos a paso de vencedores\u201d.\u00a0 \u00a0\u00a0\u00a0<br \/>&#13;<br \/>\n  <br \/>&#13;<br \/>\n  El gobernante y candidato presidencial del  \u00a0(PLD) pidi\u00f3 a \u201clos mejores hijos de la patria que den un paso hacia  delante\u201d y cierren fila en su proyecto de naci\u00f3n. \u201cEstamos en recta final de la  campa\u00f1a electoral y los mejores hijos de nuestra patria tienen que  comprometerse en la defensa de estos valores y estos conceptos, que es lo que  permite la supervivencia de la Rep\u00fablica Dominicana\u201d, a\u00f1adi\u00f3 el jefe de Estado.<br \/>&#13;<br \/>\n  <br \/>&#13;<br \/>\n  Considera como muy importante el apoyo de los  dirigentes reformista \u201cmuy experimentados, que tienen en su haber muchos  triunfos electorales, saben como hacerlo y en esta recta final vamos a  persuadir al pueblo de que nos apoye\u201d.\u00a0 <br \/>&#13;<br \/>\n  <br \/>&#13;<br \/>\n  El mandatario valor\u00f3 como un paso trascendental  que Jimini\u00e1n y todo su equipo de campa\u00f1a \u201cse pongan al servicio de una causa  justa, que es consolidar la democracia y el bienestar del pa\u00eds\u201d.<br \/>&#13;<br \/>\n  <br \/>&#13;<br \/>\n  Advirti\u00f3 que en el proceso electoral se est\u00e1  definiendo el futuro del pa\u00eds. Record\u00f3 que para el 2004 la econom\u00eda de Am\u00e9rica  Latina crec\u00eda aceleradamente, pero que en Rep\u00fablica Dominicana se daba un  proceso \u201ca lo inverso hab\u00eda un declive\u201d. <br \/>&#13;<br \/>\n  <br \/>&#13;<br \/>\n  Expres\u00f3 que actualmente se da un proceso al  rev\u00e9s que en el mundo hay un per\u00edodo de turbulencia regional y mundial, pero  que el pa\u00eds sigue creciendo por encima del promedio de Am\u00e9rica Latina. Ese  crecimiento econ\u00f3mico, dijo, es lo que est\u00e1 en juego en el proceso electoral \u201cy  eso es lo que tenemos que proteger\u201d. <br \/>&#13;<br \/>\n  <br \/>&#13;<br \/>\n  Miguel Sanz Jimini\u00e1n motivo su renuncia del  PRSC en que el mundo est\u00e1 en un momento de turbulencia internacional y que el  \u00fanico capaz \u201cde llevar la nave del Estado a puerto seguro\u201d es el presidente  Fern\u00e1ndez.<br \/>&#13;<br \/>\n  <br \/> &#13;<br \/>\n  \u201cSomos empresarios, a parte de pol\u00edtico, y sabemos que una empresa  lo primero que hay que hacer es estabilizarla y luego se comienza a ver los  resultados\u201d.<br \/>&#13;<br \/>\n  <br \/>&#13;<br \/>\n  Insisti\u00f3 que los empresarios est\u00e1n conciente  que la crisis internacional no afectar\u00e1 el pa\u00eds \u201cporque el pa\u00eds est\u00e1 en mano  segura, es un piloto firme\u201d.<br \/>&#13;<br \/>\n  <br \/>&#13;<br \/>\n  Prometi\u00f3 trabajar sin descanso en la \u00faltima  etapa de campa\u00f1a para que el Fern\u00e1ndez logre el triunfo en primera vuelta. \u201cYo  comienzo a trabajar a las seis de la ma\u00f1ana y no tengo hora para concluir mi  trabaja\u201d, dijo. \u00a0\u00a0<br \/>&#13;<br \/>\n  <br \/>&#13;<br \/>\n  Sanz Jiminian, ex diputado y miembro de  la Comisi\u00f3n Ejecutiva del PRSC, explic\u00f3 que llevaba m\u00e1s de 32 a\u00f1os de  militancia en esa organizaci\u00f3n pero que la manera \u201cabsurda\u201d las actuales  autoridades manejan ese partido est\u00e1 empujando a la mayor\u00eda de dirigentes a  abandonar el reformismo. \u201cEst\u00e1n destruyendo el partido que nos dej\u00f3 como legado  Joaqu\u00edn Balaguer\u201d, expres\u00f3.<\/p>\n<p>&#13;<\/p>\n<p align=\"justify\" class=\"text1noticias\">El dirigente reformista dijo que abandonaba esa entidad con cientos de  dirigentes, militantes y simpatizantes que se comprometieron a trabajar a  tiempo completo por la reelecci\u00f3n del presidente Fern\u00e1ndez.<\/p>\n<p>&#13;<\/p>\n<p align=\"justify\" class=\"text1noticias\">El renunciante era uno de los dirigentes de mayor confianza del fenecido  ex vicepresidente Jacinto Peynado. Est\u00e1 casado con una hija de Peyna. Jimini\u00e1n  dijo que tom\u00f3 la decisi\u00f3n despu\u00e9s de varias reuniones con el canciller y  presidente del Consejo Presidencial Reformista, Carlos Morales Troncoso, y el  senador por Saman\u00e1 \u00a0Prim Pujals.<\/p>\n<p>&#13;<\/p>\n<p align=\"justify\" class=\"text1noticias\">\u201cMorales Troncoso y Prim Pujals vienen haciendo un excelente trabajo  pol\u00edtico a favor de la reelecci\u00f3n, captando nuevos adeptos y votos para que el  presidente Fern\u00e1ndez gane en la primera vuelta\u201d, dijo.<\/p>\n<p>&#13;<\/p>\n<p align=\"justify\" class=\"text1noticias\">Antes de proceder al acto de juramentaci\u00f3n de  los dirigentes reformistas el presidente y l\u00edder del PLD se reuni\u00f3 a puertas  cerradas con los renunciantes. Luego se realiz\u00f3 una rueda de prensa para  anunciar los nombres de los dirigentes y luego fueron juramentados. Al final  hubo una especie de celebraci\u00f3n con un brindis y un almuerzo a puertas  cerradas, sin la presencia de la prensa. Participaron adem\u00e1s Morales Troncoso,  Margarita de Peinado, Jacintico Peynado y el hermano de Miguel Sanz Jimini\u00e1n,  An\u00edbal Sanz Jimini\u00e1n, quien es director de Autoridad Portuaria y general de la  Polic\u00eda Nacional. Cabe destacar que aunque estaba en el lugar, no particip\u00f3 en  el acto pol\u00edtico. Fueron juramentados Tony Lluveres, quien es miembro del  directorio central del PRSC y ex regidor. <br \/>&#13;<br \/>\n  <br \/>&#13;<br \/>\n  Tambi\u00e9n los regidores de (La Victoria) Marino  Marte, Roberto Mart\u00ednez, (Los Mina), Marino Marte.\u00a0 <br \/>&#13;<br \/>\n  <br \/>&#13;<br \/>\nY los ex regidores Nelson Campo y Juan  Rodr\u00edguez. Tambi\u00e9n los dirigentes del PRSC Manuel Rivera Arias.\u00a0<br \/>&#13;<br \/>\n<br \/>  &#13;<br \/>\nMargarita Pe\u00f1a, Jos\u00e9 Vinicio Mart\u00ednez, entre otros.<\/p>\n<p>&#13;<\/p>\n<h6> 2008-04-22 04:43:34 <\/h6>\n<p><!--\n<link rel=\"stylesheet\" href=\"css\/bootstrap.min.css\">\n\n\n<ul class=\"pagination\">\n\t    \n\t\n\n<li >\n\t<a href='?page_no=33542'>Previous<\/a>\n\t<\/li>\n\n\n       \n    \n\n<li><a href='?page_no=1'>1<\/a><\/li>\n\n\n\n<li><a href='?page_no=2'>2<\/a><\/li>\n\n\n\n<li><a>...<\/a><\/li>\n\n\n\n<li><a href='?page_no=33541'>33541<\/a><\/li>\n\n\n\n<li><a href='?page_no=33542'>33542<\/a><\/li>\n\n\n\n<li class='active'><a>33543<\/a><\/li>\n\n\n\n<li><a href='?page_no=33544'>33544<\/a><\/li>\n\n\n\n<li><a href='?page_no=33545'>33545<\/a><\/li>\n\n\n\n<li><a>...<\/a><\/li>\n\n\n\n<li><a href='?page_no=36999'>36999<\/a><\/li>\n\n\n\n<li><a href='?page_no=37000'>37000<\/a><\/li>\n\n    \n\t\n\n<li >\n\t<a href='?page_no=33544'>Next<\/a>\n\t<\/li>\n\n\n    \n\n<li><a href='?page_no=37000'>Last &rsaquo;&rsaquo;<\/a><\/li>\n\n<\/ul>\n\n\n--><br \/>\n<\/body><\/p>\n","protected":false},"excerpt":{"rendered":"<p>Fern\u00e1ndez: objetivo es ganar con el 60 % &#13; Miguel Jimini\u00e1n y 14 dirigentes se juramentan con Leonel &#13; SANTO DOMINGO.- Al encabezar el \u201cacto de adhesi\u00f3n\u201d a su proyecto pol\u00edtico del dirigente reformista Miguel Sanz Jiminian, 14 miembros del directorio central reformista, incluyendo tres regidores, \u00a0el presidente Leonel Fern\u00e1ndez dijo que su ambici\u00f3n es [&hellip;]<\/p>\n","protected":false},"author":3,"featured_media":0,"comment_status":"open","ping_status":"open","sticky":false,"template":"","format":"standard","meta":{"footnotes":""},"categories":[22],"tags":[],"class_list":["post-190795","post","type-post","status-publish","format-standard","hentry","category-politica"],"_links":{"self":[{"href":"https:\/\/diariodominicano.com\/index.php?rest_route=\/wp\/v2\/posts\/190795","targetHints":{"allow":["GET"]}}],"collection":[{"href":"https:\/\/diariodominicano.com\/index.php?rest_route=\/wp\/v2\/posts"}],"about":[{"href":"https:\/\/diariodominicano.com\/index.php?rest_route=\/wp\/v2\/types\/post"}],"author":[{"embeddable":true,"href":"https:\/\/diariodominicano.com\/index.php?rest_route=\/wp\/v2\/users\/3"}],"replies":[{"embeddable":true,"href":"https:\/\/diariodominicano.com\/index.php?rest_route=%2Fwp%2Fv2%2Fcomments&post=190795"}],"version-history":[{"count":0,"href":"https:\/\/diariodominicano.com\/index.php?rest_route=\/wp\/v2\/posts\/190795\/revisions"}],"wp:attachment":[{"href":"https:\/\/diariodominicano.com\/index.php?rest_route=%2Fwp%2Fv2%2Fmedia&parent=190795"}],"wp:term":[{"taxonomy":"category","embeddable":true,"href":"https:\/\/diariodominicano.com\/index.php?rest_route=%2Fwp%2Fv2%2Fcategories&post=190795"},{"taxonomy":"post_tag","embeddable":true,"href":"https:\/\/diariodominicano.com\/index.php?rest_route=%2Fwp%2Fv2%2Ftags&post=190795"}],"curies":[{"name":"wp","href":"https:\/\/api.w.org\/{rel}","templated":true}]}}