{"id":190794,"date":"2008-04-22T16:42:25","date_gmt":"2008-04-22T16:42:25","guid":{"rendered":"http:\/\/diariodominicano.ddns.net\/?p=190794"},"modified":"2008-04-22T16:42:25","modified_gmt":"2008-04-22T16:42:25","slug":"jefe-de-campana-del-pld-rechaza-posibilidades-de-una-segunda-vuelta","status":"publish","type":"post","link":"https:\/\/diariodominicano.com\/?p=190794","title":{"rendered":"Jefe de campa\u00f1a del PLD rechaza posibilidades de una segunda vuelta"},"content":{"rendered":"<p><body><\/p>\n<p class=\"titulogrande1\"><strong>Jefe de campa\u00f1a del  PLD rechaza posibilidades de una segunda vuelta<\/strong><\/p>\n<p>&#13;<\/p>\n<p align=\"justify\" class=\"text1noticias\"><strong><img loading=\"lazy\" decoding=\"async\" src=\"http:\/\/localhost:8080\/img\/francisco javier.jpg\" width=\"375\" height=\"192\" hspace=\"4\" align=\"left\" \/>SANTO DOMINGO.-<\/strong> \u00a0El coordinador general del Comit\u00e9 Nacional de  Campa\u00f1a del PLD, Francisco Javier Garc\u00eda, descart\u00f3 este martes que se produzca  una segunda vuelta en el actual proceso electoral, ya que las intenciones del  voto est\u00e1n definidas a favor de la candidatura del doctor Leonel Fern\u00e1ndez,  como ha quedado comprobado en las m\u00e1s reciente muestra divulgada por la firma  encuestadora Gallup Dominicana. <\/p>\n<p>&#13;<\/p>\n<p align=\"justify\" class=\"text1noticias\">Garc\u00eda vaticin\u00f3 que el doctor Fern\u00e1ndez ganar\u00e1 con un 64  por ciento de los votos v\u00e1lidos emitidos el pr\u00f3ximo 16 de mayo, por lo que se  descarta un escenario de una segunda vuelta y afirm\u00f3 que en el caso hipot\u00e9tico  que ocurriera \u201cnuestro candidato saldr\u00eda victorioso\u201d por la poca aceptaci\u00f3n que  registran las candidaturas de los opositores partidos Reformista Social  Cristiano y Revolucionario Dominicano.<\/p>\n<p>&#13;<\/p>\n<p align=\"justify\" class=\"text1noticias\">Agreg\u00f3 que \u201cla sentencia que da Gallup es que Leonel  Fern\u00e1ndez ha consolidado su victoria, ya que la encuesta anterior de esta firma  situaba al candidato morado con un 58 por ciento de la percepci\u00f3n, lo que  representa un incremento de seis puntos en dos meses\u201d.<\/p>\n<p>&#13;<\/p>\n<p align=\"justify\" class=\"text1noticias\">El jefe de campa\u00f1a del partido morado agreg\u00f3 que \u201cNo hay  probabilidades en ning\u00fan escenario y bajo ninguna circunstancia de que exista  una segunda vuelta\u201d.<\/p>\n<p>&#13;<\/p>\n<p align=\"justify\" class=\"text1noticias\">Puntualiz\u00f3 que el 51.7 por ciento, que Gallup le otorga a  Fern\u00e1ndez no es un porcentaje real, ya que un cuatro por ciento de los  indecisos debe luego distribuirse, de manera proporcional, lo que llevar\u00eda al  candidato morado a un 54 por ciento de las preferencias.<\/p>\n<p>&#13;<\/p>\n<p align=\"justify\" class=\"text1noticias\">Record\u00f3 que el 2004, esa misma firma encuestadora le daba  a Fern\u00e1ndez un 53 por ciento, y los resultados de las elecciones lo dieron  ganador con un 57 por ciento.<\/p>\n<p>&#13;<\/p>\n<p align=\"justify\" class=\"text1noticias\">Analizando otros datos de la encuesta, Garc\u00eda enfatiz\u00f3  que Fern\u00e1ndez ganar\u00e1 abrumadoramente en todas las regiones del pa\u00eds, ya que la  fortaleza de su candidatura se ha consolidado en todas las provincias de manera  \u201cextraordinaria\u201d, y que esto se evidencia en c\u00f3mo se ha disminuido el  porcentaje de los principales candidatos opositores, que de una sumatoria de  sus puntos de 42 por ciento, en febrero, ha bajado un punto m\u00e1s.<\/p>\n<p>&#13;<\/p>\n<p align=\"justify\" class=\"text1noticias\"><strong>MVM: candidato  mal\u00edsimo <\/strong><\/p>\n<p>&#13;<\/p>\n<p align=\"justify\" class=\"text1noticias\">Francisco Javier Garc\u00eda afirm\u00f3 que \u201cs\u00f3lo una probabilidad  de p\u00e9rdida de la memoria en la gente, que olvide el mal gobierno del PPH,  podr\u00eda variar algunas cosas, pero a\u00fan as\u00ed Fern\u00e1ndez saldr\u00eda victorioso en  primera vuelta, con un porcentaje superior al obtenido en las elecciones del 2004\u201d, a\u00f1adi\u00f3.<\/p>\n<p>&#13;<\/p>\n<p align=\"justify\" class=\"text1noticias\">Enfatiz\u00f3 que el candidato del PRD sigue siendo el  aspirante m\u00e1s malo de la historia, ya que en agosto pasado, seg\u00fan Gallup pose\u00eda  el 35 por ciento de la preferencia, y en ocho meses s\u00f3lo ha sumado dos puntos,  que se le atribuyen a una disminuci\u00f3n en el porcentaje del candidato  reformista, Amable Aristy Castro.<\/p>\n<p>&#13;<\/p>\n<p align=\"justify\" class=\"text1noticias\">Entrevistado en el espacio Telematutino Once, de  Telesistema, Francisco Javier Garc\u00eda calific\u00f3 de \u201casombroso\u201d los resultados de  esta encuesta, ya que se realiz\u00f3 en medio de una campa\u00f1a medi\u00e1tica del PRD, que  utiliz\u00f3 el alza de los precios para debilitar la candidatura del PLD, y que a  pesar de sus esfuerzos fallidos, Leonel Fern\u00e1ndez mantiene igual nivel de  simpat\u00eda en el electorado.<\/p>\n<p>&#13;<\/p>\n<p align=\"justify\" class=\"text1noticias\"><strong>Desaf\u00edos de la  recta final<\/strong><\/p>\n<p>&#13;<\/p>\n<p align=\"justify\" class=\"text1noticias\">Aunque dijo que ya no hay mayores inconvenientes para  ganar las elecciones en primera vuelta, Garc\u00eda reconoci\u00f3 que su partido tiene  varios desaf\u00edos por delante en los \u00faltimos 20 d\u00edas de la campa\u00f1a, como el  asunto del incremento de los precios de la comida, que dijo, ya est\u00e1 siendo  controlado; \u201cadem\u00e1s de la conciencia del pueblo dominicano en reconocer que  muchas alzas se deben a factores externos que afectan nuestra econom\u00eda, y de  las que el gobierno no es culpable\u201d.<\/p>\n<p>&#13;<\/p>\n<p align=\"justify\" class=\"text1noticias\">Descalific\u00f3 al PRD de hablar de alzas de precios, ya que  el gobierno anterior propici\u00f3 la mayor crisis econ\u00f3mica de la historia.<\/p>\n<p>&#13;<\/p>\n<p align=\"justify\" class=\"text1noticias\">\u201cLos perrede\u00edstas deber\u00edan estar en los libros de record  ya que es la primera vez que un candidato presidencial se moleste p\u00fablicamente  por el aumento de los precios de la comida, como ha manifestado Miguel Vargas  Maldonado\u201d, afirm\u00f3 el jefe de campa\u00f1a del PLD.<\/p>\n<p>&#13;<\/p>\n<p align=\"justify\" class=\"text1noticias\">Defendi\u00f3 cualquier tipo de subsidio que vaya en mejorar  la calidad de vida de la poblaci\u00f3n y record\u00f3 que en el 2004, cuando se dieron  alzas en los precios de la comida, el gobierno del PRD se cruz\u00f3 de brazos, y  s\u00f3lo trat\u00f3 de sacar provecho a la crisis.<\/p>\n<p>&#13;<\/p>\n<h6> 2008-04-22 16:42:25 <\/h6>\n<p><!--\n<link rel=\"stylesheet\" href=\"css\/bootstrap.min.css\">\n\n\n<ul class=\"pagination\">\n\t    \n\t\n\n<li >\n\t<a href='?page_no=33541'>Previous<\/a>\n\t<\/li>\n\n\n       \n    \n\n<li><a href='?page_no=1'>1<\/a><\/li>\n\n\n\n<li><a href='?page_no=2'>2<\/a><\/li>\n\n\n\n<li><a>...<\/a><\/li>\n\n\n\n<li><a href='?page_no=33540'>33540<\/a><\/li>\n\n\n\n<li><a href='?page_no=33541'>33541<\/a><\/li>\n\n\n\n<li class='active'><a>33542<\/a><\/li>\n\n\n\n<li><a href='?page_no=33543'>33543<\/a><\/li>\n\n\n\n<li><a href='?page_no=33544'>33544<\/a><\/li>\n\n\n\n<li><a>...<\/a><\/li>\n\n\n\n<li><a href='?page_no=36999'>36999<\/a><\/li>\n\n\n\n<li><a href='?page_no=37000'>37000<\/a><\/li>\n\n    \n\t\n\n<li >\n\t<a href='?page_no=33543'>Next<\/a>\n\t<\/li>\n\n\n    \n\n<li><a href='?page_no=37000'>Last &rsaquo;&rsaquo;<\/a><\/li>\n\n<\/ul>\n\n\n--><br \/>\n<\/body><\/p>\n","protected":false},"excerpt":{"rendered":"<p>Jefe de campa\u00f1a del PLD rechaza posibilidades de una segunda vuelta &#13; SANTO DOMINGO.- \u00a0El coordinador general del Comit\u00e9 Nacional de Campa\u00f1a del PLD, Francisco Javier Garc\u00eda, descart\u00f3 este martes que se produzca una segunda vuelta en el actual proceso electoral, ya que las intenciones del voto est\u00e1n definidas a favor de la candidatura del [&hellip;]<\/p>\n","protected":false},"author":3,"featured_media":0,"comment_status":"open","ping_status":"open","sticky":false,"template":"","format":"standard","meta":{"footnotes":""},"categories":[22],"tags":[],"class_list":["post-190794","post","type-post","status-publish","format-standard","hentry","category-politica"],"_links":{"self":[{"href":"https:\/\/diariodominicano.com\/index.php?rest_route=\/wp\/v2\/posts\/190794","targetHints":{"allow":["GET"]}}],"collection":[{"href":"https:\/\/diariodominicano.com\/index.php?rest_route=\/wp\/v2\/posts"}],"about":[{"href":"https:\/\/diariodominicano.com\/index.php?rest_route=\/wp\/v2\/types\/post"}],"author":[{"embeddable":true,"href":"https:\/\/diariodominicano.com\/index.php?rest_route=\/wp\/v2\/users\/3"}],"replies":[{"embeddable":true,"href":"https:\/\/diariodominicano.com\/index.php?rest_route=%2Fwp%2Fv2%2Fcomments&post=190794"}],"version-history":[{"count":0,"href":"https:\/\/diariodominicano.com\/index.php?rest_route=\/wp\/v2\/posts\/190794\/revisions"}],"wp:attachment":[{"href":"https:\/\/diariodominicano.com\/index.php?rest_route=%2Fwp%2Fv2%2Fmedia&parent=190794"}],"wp:term":[{"taxonomy":"category","embeddable":true,"href":"https:\/\/diariodominicano.com\/index.php?rest_route=%2Fwp%2Fv2%2Fcategories&post=190794"},{"taxonomy":"post_tag","embeddable":true,"href":"https:\/\/diariodominicano.com\/index.php?rest_route=%2Fwp%2Fv2%2Ftags&post=190794"}],"curies":[{"name":"wp","href":"https:\/\/api.w.org\/{rel}","templated":true}]}}