{"id":190793,"date":"2008-04-22T16:50:29","date_gmt":"2008-04-22T16:50:29","guid":{"rendered":"http:\/\/diariodominicano.ddns.net\/?p=190793"},"modified":"2008-04-22T16:50:29","modified_gmt":"2008-04-22T16:50:29","slug":"bachelet-se-reune-con-comandantes-en-jefe-del-ejercito-de-mercosur","status":"publish","type":"post","link":"https:\/\/diariodominicano.com\/?p=190793","title":{"rendered":"Bachelet se re\u00fane con comandantes en Jefe del Ej\u00e9rcito de Mercosur"},"content":{"rendered":"<p><body><\/p>\n<p align=\"justify\"><span class=\"titulogrande1\">Bachelet se re\u00fane con comandantes en Jefe del Ej\u00e9rcito de  Mercosur<\/span><br \/>&#13;<br \/>\n  <br \/>&#13;<br \/>\n    <strong>La jefa de Estado llam\u00f3 a consolidar una pol\u00edtica de  seguridad y defensa en la regi\u00f3n.<\/strong><br \/>&#13;<br \/>\n  <br \/>&#13;<br \/>\n  <span class=\"textogrande\">Cristi\u00e1n Chand\u00eda<\/span><br \/>&#13;<br \/>\n  <span class=\"text1noticias\"><br \/>&#13;<br \/>\n  <img loading=\"lazy\" decoding=\"async\" src=\"http:\/\/localhost:8080\/img\/mercosur.jpg\" width=\"375\" height=\"278\" hspace=\"4\" align=\"left\" \/>Horas antes de partir rumbo a Puerto Varas, donde sostendr\u00e1n  importantes reuniones de trabajo, ocho altos jefes militares de la regi\u00f3n se  reunieron con la Presidenta Michelle Bachelet en La Moneda<br \/>&#13;<br \/>\n  <br \/>&#13;<br \/>\n  La jefa de Estado record\u00f3 el papel \u00abhist\u00f3rico\u00bb que  han jugado las Fuerzas del Ej\u00e9rcito de pa\u00edses vecinos en misiones de paz y  ayuda por desastres naturales.<br \/>&#13;<br \/>\n  <br \/>&#13;<br \/>\n\u00abEl trabajar en desastres naturales y emergencias en  nuestra regi\u00f3n es una tarea loable e importante\u00bb, apunt\u00f3 Bachelet.<br \/>&#13;<br \/>\n<br \/>&#13;<br \/>\n Dijo que en Latinoam\u00e9rica las Fuerzas Armadas \u00abest\u00e1n  cooperando para buscar la paz en la regi\u00f3n. <br \/>&#13;<br \/>\n <br \/>&#13;<br \/>\n Yo creo que ustedes est\u00e1n dando un  gran paso y los invitar\u00eda a pensar en una pol\u00edtica de seguridad y defensa com\u00fan  entre un n\u00famero creciente de los pa\u00edses de la regi\u00f3n y eso es posible si colocamos  por sobre cualquier consideraci\u00f3n las confianzas\u00bb.<br \/>&#13;<br \/>\n<br \/>&#13;<br \/>\nRecord\u00f3 que esto se grafica en la ayuda que se ha brindado a  Hait\u00ed y la consolidaci\u00f3n de nuevas asociaciones como las fuerzas coordinadas  entre Argentina y Chile.<br \/>&#13;<br \/>\n<br \/>&#13;<br \/>\n\u00abPodemos liderar esta tarea, esto significa que podamos  coordinarnos mejor para responder a las necesidades de Naciones Unidas en  t\u00e9rminos de fortalecimiento de las operaciones de paz, y enfrentar de mejor  forma los desastres naturales\u00bb, apunt\u00f3 la jefa de Estado.\u00a0<br \/>&#13;<br \/>\n<br \/>&#13;<br \/>\nEn la cita estuvieron presentes el jefe del Estado Mayor  General del Ej\u00e9rcito Argentino, Roberto Bendini, Comandante General del  Ej\u00e9rcito de Bolivia, Freddy Mackay Peralta, Comandante del Ej\u00e9rcito de Brasil,  Enzo Martins Peri, Comandante del Ej\u00e9rcito Nacional de Colombia, Mario Montoya,  Comandante en Jefe del Ej\u00e9rcito de Chile, Oscar Izurieta, el Director General  del Instituto de Seguridad Social de las Fuerzas Armadas de Ecuador, Holger  Cevallo, Comandante General del Ej\u00e9rcito del Per\u00fa, Edwin Donaire, jefe del  Ej\u00e9rciro de Uruguay, Jorge Rosales. Adem\u00e1s del Inspector General del Ej\u00e9rcito  Bolivariano de Venezuela F\u00e9lix Vel\u00e1squez y el Presidente de la Junta  Interamericana de Defensa Elis Treidler.<\/span><\/p>\n<p>&#13;<\/p>\n<h6> 2008-04-22 16:50:29 <\/h6>\n<p><!--\n<link rel=\"stylesheet\" href=\"css\/bootstrap.min.css\">\n\n\n<ul class=\"pagination\">\n\t    \n\t\n\n<li >\n\t<a href='?page_no=33540'>Previous<\/a>\n\t<\/li>\n\n\n       \n    \n\n<li><a href='?page_no=1'>1<\/a><\/li>\n\n\n\n<li><a href='?page_no=2'>2<\/a><\/li>\n\n\n\n<li><a>...<\/a><\/li>\n\n\n\n<li><a href='?page_no=33539'>33539<\/a><\/li>\n\n\n\n<li><a href='?page_no=33540'>33540<\/a><\/li>\n\n\n\n<li class='active'><a>33541<\/a><\/li>\n\n\n\n<li><a href='?page_no=33542'>33542<\/a><\/li>\n\n\n\n<li><a href='?page_no=33543'>33543<\/a><\/li>\n\n\n\n<li><a>...<\/a><\/li>\n\n\n\n<li><a href='?page_no=36999'>36999<\/a><\/li>\n\n\n\n<li><a href='?page_no=37000'>37000<\/a><\/li>\n\n    \n\t\n\n<li >\n\t<a href='?page_no=33542'>Next<\/a>\n\t<\/li>\n\n\n    \n\n<li><a href='?page_no=37000'>Last &rsaquo;&rsaquo;<\/a><\/li>\n\n<\/ul>\n\n\n--><br \/>\n<\/body><\/p>\n","protected":false},"excerpt":{"rendered":"<p>Bachelet se re\u00fane con comandantes en Jefe del Ej\u00e9rcito de Mercosur&#13; &#13; La jefa de Estado llam\u00f3 a consolidar una pol\u00edtica de seguridad y defensa en la regi\u00f3n.&#13; &#13; Cristi\u00e1n Chand\u00eda&#13; &#13; Horas antes de partir rumbo a Puerto Varas, donde sostendr\u00e1n importantes reuniones de trabajo, ocho altos jefes militares de la regi\u00f3n se reunieron [&hellip;]<\/p>\n","protected":false},"author":3,"featured_media":0,"comment_status":"open","ping_status":"open","sticky":false,"template":"","format":"standard","meta":{"footnotes":""},"categories":[22],"tags":[],"class_list":["post-190793","post","type-post","status-publish","format-standard","hentry","category-politica"],"_links":{"self":[{"href":"https:\/\/diariodominicano.com\/index.php?rest_route=\/wp\/v2\/posts\/190793","targetHints":{"allow":["GET"]}}],"collection":[{"href":"https:\/\/diariodominicano.com\/index.php?rest_route=\/wp\/v2\/posts"}],"about":[{"href":"https:\/\/diariodominicano.com\/index.php?rest_route=\/wp\/v2\/types\/post"}],"author":[{"embeddable":true,"href":"https:\/\/diariodominicano.com\/index.php?rest_route=\/wp\/v2\/users\/3"}],"replies":[{"embeddable":true,"href":"https:\/\/diariodominicano.com\/index.php?rest_route=%2Fwp%2Fv2%2Fcomments&post=190793"}],"version-history":[{"count":0,"href":"https:\/\/diariodominicano.com\/index.php?rest_route=\/wp\/v2\/posts\/190793\/revisions"}],"wp:attachment":[{"href":"https:\/\/diariodominicano.com\/index.php?rest_route=%2Fwp%2Fv2%2Fmedia&parent=190793"}],"wp:term":[{"taxonomy":"category","embeddable":true,"href":"https:\/\/diariodominicano.com\/index.php?rest_route=%2Fwp%2Fv2%2Fcategories&post=190793"},{"taxonomy":"post_tag","embeddable":true,"href":"https:\/\/diariodominicano.com\/index.php?rest_route=%2Fwp%2Fv2%2Ftags&post=190793"}],"curies":[{"name":"wp","href":"https:\/\/api.w.org\/{rel}","templated":true}]}}